{"id":26639,"date":"2018-12-07T14:49:40","date_gmt":"2018-12-07T11:49:40","guid":{"rendered":"http:\/\/arantv.az\/?p=26639"},"modified":"2018-12-07T14:49:40","modified_gmt":"2018-12-07T11:49:40","slug":"bmt-ts-daki-debatlarda-dagliq-qarabag-munaqis%c9%99sind%c9%99n-danislib","status":"publish","type":"post","link":"https:\/\/arantv.az\/?p=26639","title":{"rendered":"BMT T\u015e-dak\u0131 debatlarda Da\u011fl\u0131q Qaraba\u011f m\u00fcnaqi\u015f\u0259sind\u0259n dan\u0131\u015fl\u0131b"},"content":{"rendered":"<p><strong>ARANTV.AZ<\/strong> x\u0259b\u0259r verir ki, Az\u0259rbaycan\u0131n Erm\u0259nistan\u0131n i\u015f\u011fal\u0131 alt\u0131ndak\u0131 \u0259razil\u0259rinin m\u00fcst\u0259ml\u0259k\u0259l\u0259\u015fdirilm\u0259si v\u0259 ilhaq olunmas\u0131n\u0131 t\u0259min etm\u0259k m\u0259qs\u0259dil\u0259 q\u0259r\u0259zli h\u0259r\u0259k\u0259tl\u0259r t\u00f6r\u0259dilir. Bu is\u0259 beyn\u0259lxalq h\u00fcquq normalar\u0131n\u0131n a\u00e7\u0131q-a\u015fkar pozulmas\u0131 dem\u0259kdir. BMT T\u0259hl\u00fck\u0259sizlik \u015euras\u0131ndak\u0131 debatlarda beyn\u0259lxalq h\u00fcquq normalar\u0131n\u0131 pozanlar bar\u0259sind\u0259 t\u0259dbir g\u00f6rm\u0259yin vacibliyind\u0259n dan\u0131\u015f\u0131l\u0131b.<\/p>\n<p>BMT T\u0259hl\u00fck\u0259sizlik \u015euras\u0131nda m\u00fcnaqi\u015f\u0259l\u0259rin qar\u015f\u0131s\u0131n\u0131n al\u0131nmas\u0131 v\u0259 nizamlanmas\u0131nda d\u00f6vl\u0259tl\u0259rin, regional mexanizml\u0259rin v\u0259 BMT-nin rolu m\u0259s\u0259l\u0259sin\u0259 h\u0259sr edil\u0259n a\u00e7\u0131q debatlar t\u0259\u015fkil olunub. Az\u0259rbaycan\u0131n qurumdak\u0131 daimi n\u00fcmay\u0259nd\u0259si Ya\u015far \u018fliyev vur\u011fulay\u0131b ki, m\u00fcnaqi\u015f\u0259l\u0259rin qar\u015f\u0131s\u0131n\u0131n al\u0131nmas\u0131 s\u00fclh\u00fcn t\u0259min olunmas\u0131nda h\u0259lledici \u0259h\u0259miyy\u0259t\u0259 malikdir. BMT il\u0259 regional mexanizml\u0259r aras\u0131nda \u0259m\u0259kda\u015fl\u0131\u011f\u0131n m\u00f6hk\u0259ml\u0259nm\u0259sind\u0259 xeyli ir\u0259lil\u0259yi\u015f \u0259ld\u0259 edilib, lakin, h\u0259l\u0259 d\u0259 ciddi probleml\u0259r qalmaqdad\u0131r. Dig\u0259r d\u00f6vl\u0259t t\u0259r\u0259find\u0259n silahl\u0131 t\u0259cav\u00fcz\u0259, h\u0259rbi i\u015f\u011fala v\u0259 etnik t\u0259mizl\u0259m\u0259l\u0259r\u0259 m\u0259ruz qalan Az\u0259rbaycan\u0131n faktiki t\u0259cr\u00fcb\u0259si bu probleml\u0259rin aktuall\u0131\u011f\u0131na \u0259yani s\u00fcbutdur. T\u0259hl\u00fck\u0259sizlik \u015euras\u0131n\u0131n m\u00fcvafiq q\u0259tnam\u0259l\u0259rin\u0259, yaranm\u0131\u015f v\u0259ziyy\u0259tin beyn\u0259lxalq birlik t\u0259r\u0259find\u0259n pisl\u0259nm\u0259sin\u0259, m\u00fcnaqi\u015f\u0259nin nizamlanmas\u0131 \u00fc\u00e7\u00fcn AT\u018fT \u00e7\u0259r\u00e7iv\u0259sind\u0259 s\u0259yl\u0259rin davam etdirilm\u0259sin\u0259 baxmayaraq, Da\u011fl\u0131q Qaraba\u011f v\u0259 Az\u0259rbaycan\u0131n bu b\u00f6lg\u0259y\u0259 biti\u015fik 7 rayonu h\u0259l\u0259 d\u0259 i\u015f\u011fal alt\u0131ndad\u0131r. H\u0259min \u0259razil\u0259rin m\u00fcst\u0259ml\u0259k\u0259l\u0259\u015fdirilm\u0259sini v\u0259 ilhaq olunmas\u0131n\u0131 t\u0259min etm\u0259k m\u0259qs\u0259dil\u0259 q\u0259r\u0259zli h\u0259r\u0259k\u0259tl\u0259r t\u00f6r\u0259dilir. Bu is\u0259 beyn\u0259lxalq h\u00fcquq normalar\u0131n\u0131n a\u00e7\u0131q-a\u015fkar pozulmas\u0131 dem\u0259kdir. Vur\u011fulan\u0131b ki, beyn\u0259lxalq h\u00fcququ pozanlar h\u0259rbi i\u015f\u011fal\u0131n n\u0259tic\u0259l\u0259rini m\u00f6hk\u0259ml\u0259tm\u0259k \u00fc\u00e7\u00fcn b\u0259zi hallarda regional mexanizml\u0259rd\u0259n sui-istifad\u0259 edirl\u0259r. T\u0259bii ki, BMT-nin \u0259sas orqanlar\u0131 t\u0259r\u0259find\u0259n q\u0259bul edil\u0259n q\u0259tnam\u0259l\u0259r\u0259 riay\u0259t olunmal\u0131d\u0131r. Beyn\u0259lxalq t\u0259hl\u00fck\u0259sizliyin t\u0259min olunmas\u0131nda d\u00f6vl\u0259tl\u0259rin, regional, subregional v\u0259 dig\u0259r h\u00f6kum\u0259tl\u0259raras\u0131 t\u0259\u015fkilatlar\u0131n i\u015ftirak\u0131, onlar\u0131n BMT il\u0259 s\u0131x \u0259m\u0259kda\u015fl\u0131\u011f\u0131 m\u00f6hk\u0259ml\u0259ndirilm\u0259lidir. Az\u0259rbaycan bu prosesd\u0259 f\u0259al t\u0259r\u0259fda\u015f olaraq qalacaq.<\/p>\n","protected":false},"excerpt":{"rendered":"<p>ARANTV.AZ x\u0259b\u0259r verir ki, Az\u0259rbaycan\u0131n Erm\u0259nistan\u0131n i\u015f\u011fal\u0131 alt\u0131ndak\u0131 \u0259razil\u0259rinin m\u00fcst\u0259ml\u0259k\u0259l\u0259\u015fdirilm\u0259si v\u0259 ilhaq olunmas\u0131n\u0131 t\u0259min etm\u0259k m\u0259qs\u0259dil\u0259 q\u0259r\u0259zli h\u0259r\u0259k\u0259tl\u0259r t\u00f6r\u0259dilir. Bu is\u0259 beyn\u0259lxalq h\u00fcquq normalar\u0131n\u0131n a\u00e7\u0131q-a\u015fkar pozulmas\u0131 dem\u0259kdir. BMT T\u0259hl\u00fck\u0259sizlik \u015euras\u0131ndak\u0131 debatlarda beyn\u0259lxalq h\u00fcquq normalar\u0131n\u0131 pozanlar bar\u0259sind\u0259 t\u0259dbir g\u00f6rm\u0259yin vacibliyind\u0259n dan\u0131\u015f\u0131l\u0131b. BMT T\u0259hl\u00fck\u0259sizlik \u015euras\u0131nda m\u00fcnaqi\u015f\u0259l\u0259rin qar\u015f\u0131s\u0131n\u0131n al\u0131nmas\u0131 v\u0259 nizamlanmas\u0131nda d\u00f6vl\u0259tl\u0259rin, regional mexanizml\u0259rin v\u0259 BMT-nin rolu m\u0259s\u0259l\u0259sin\u0259 h\u0259sr edil\u0259n a\u00e7\u0131q debatlar t\u0259\u015fkil olunub. Az\u0259rbaycan\u0131n qurumdak\u0131 daimi n\u00fcmay\u0259nd\u0259si Ya\u015far \u018fliyev vur\u011fulay\u0131b ki, m\u00fcnaqi\u015f\u0259l\u0259rin qar\u015f\u0131s\u0131n\u0131n al\u0131nmas\u0131 s\u00fclh\u00fcn t\u0259min olunmas\u0131nda h\u0259lledici \u0259h\u0259miyy\u0259t\u0259 malikdir. BMT il\u0259 regional mexanizml\u0259r aras\u0131nda \u0259m\u0259kda\u015fl\u0131\u011f\u0131n m\u00f6hk\u0259ml\u0259nm\u0259sind\u0259 xeyli ir\u0259lil\u0259yi\u015f \u0259ld\u0259 edilib, lakin,&hellip;<\/p>\n","protected":false},"author":2,"featured_media":26640,"comment_status":"closed","ping_status":"closed","sticky":false,"template":"","format":"standard","meta":{"om_disable_all_campaigns":false,"_monsterinsights_skip_tracking":false,"_monsterinsights_sitenote_active":false,"_monsterinsights_sitenote_note":"","_monsterinsights_sitenote_category":0},"categories":[4],"tags":[],"aioseo_notices":[],"gutentor_comment":0,"rttpg_featured_image_url":{"full":["https:\/\/arantv.az\/wp-content\/uploads\/2018\/12\/qursqgccrn4b3jhk4h8jn2dpn7bmt.jpg",800,463,false],"landscape":["https:\/\/arantv.az\/wp-content\/uploads\/2018\/12\/qursqgccrn4b3jhk4h8jn2dpn7bmt.jpg",800,463,false],"portraits":["https:\/\/arantv.az\/wp-content\/uploads\/2018\/12\/qursqgccrn4b3jhk4h8jn2dpn7bmt.jpg",800,463,false],"thumbnail":["https:\/\/arantv.az\/wp-content\/uploads\/2018\/12\/qursqgccrn4b3jhk4h8jn2dpn7bmt-150x150.jpg",150,150,true],"medium":["https:\/\/arantv.az\/wp-content\/uploads\/2018\/12\/qursqgccrn4b3jhk4h8jn2dpn7bmt-300x174.jpg",300,174,true],"large":["https:\/\/arantv.az\/wp-content\/uploads\/2018\/12\/qursqgccrn4b3jhk4h8jn2dpn7bmt.jpg",640,370,false],"1536x1536":["https:\/\/arantv.az\/wp-content\/uploads\/2018\/12\/qursqgccrn4b3jhk4h8jn2dpn7bmt.jpg",800,463,false],"2048x2048":["https:\/\/arantv.az\/wp-content\/uploads\/2018\/12\/qursqgccrn4b3jhk4h8jn2dpn7bmt.jpg",800,463,false],"post-thumbnail":["https:\/\/arantv.az\/wp-content\/uploads\/2018\/12\/qursqgccrn4b3jhk4h8jn2dpn7bmt-240x172.jpg",240,172,true],"advps-thumb-one":["https:\/\/arantv.az\/wp-content\/uploads\/2018\/12\/qursqgccrn4b3jhk4h8jn2dpn7bmt.jpg",800,463,false]},"rttpg_author":{"display_name":"V\u00fcsal Rafiqo\u011flu","author_link":"https:\/\/arantv.az\/?author=2"},"rttpg_comment":0,"rttpg_category":"<a href=\"https:\/\/arantv.az\/?cat=4\" rel=\"category\">Siyas\u0259t<\/a>","rttpg_excerpt":"ARANTV.AZ x\u0259b\u0259r verir ki, Az\u0259rbaycan\u0131n Erm\u0259nistan\u0131n i\u015f\u011fal\u0131 alt\u0131ndak\u0131 \u0259razil\u0259rinin m\u00fcst\u0259ml\u0259k\u0259l\u0259\u015fdirilm\u0259si v\u0259 ilhaq olunmas\u0131n\u0131 t\u0259min etm\u0259k m\u0259qs\u0259dil\u0259 q\u0259r\u0259zli h\u0259r\u0259k\u0259tl\u0259r t\u00f6r\u0259dilir. Bu is\u0259 beyn\u0259lxalq h\u00fcquq normalar\u0131n\u0131n a\u00e7\u0131q-a\u015fkar pozulmas\u0131 dem\u0259kdir. BMT T\u0259hl\u00fck\u0259sizlik \u015euras\u0131ndak\u0131 debatlarda beyn\u0259lxalq h\u00fcquq normalar\u0131n\u0131 pozanlar bar\u0259sind\u0259 t\u0259dbir g\u00f6rm\u0259yin vacibliyind\u0259n dan\u0131\u015f\u0131l\u0131b. BMT T\u0259hl\u00fck\u0259sizlik \u015euras\u0131nda m\u00fcnaqi\u015f\u0259l\u0259rin qar\u015f\u0131s\u0131n\u0131n al\u0131nmas\u0131 v\u0259 nizamlanmas\u0131nda d\u00f6vl\u0259tl\u0259rin, regional mexanizml\u0259rin v\u0259 BMT-nin rolu m\u0259s\u0259l\u0259sin\u0259&hellip;","_links":{"self":[{"href":"https:\/\/arantv.az\/index.php?rest_route=\/wp\/v2\/posts\/26639"}],"collection":[{"href":"https:\/\/arantv.az\/index.php?rest_route=\/wp\/v2\/posts"}],"about":[{"href":"https:\/\/arantv.az\/index.php?rest_route=\/wp\/v2\/types\/post"}],"author":[{"embeddable":true,"href":"https:\/\/arantv.az\/index.php?rest_route=\/wp\/v2\/users\/2"}],"replies":[{"embeddable":true,"href":"https:\/\/arantv.az\/index.php?rest_route=%2Fwp%2Fv2%2Fcomments&post=26639"}],"version-history":[{"count":0,"href":"https:\/\/arantv.az\/index.php?rest_route=\/wp\/v2\/posts\/26639\/revisions"}],"wp:featuredmedia":[{"embeddable":true,"href":"https:\/\/arantv.az\/index.php?rest_route=\/wp\/v2\/media\/26640"}],"wp:attachment":[{"href":"https:\/\/arantv.az\/index.php?rest_route=%2Fwp%2Fv2%2Fmedia&parent=26639"}],"wp:term":[{"taxonomy":"category","embeddable":true,"href":"https:\/\/arantv.az\/index.php?rest_route=%2Fwp%2Fv2%2Fcategories&post=26639"},{"taxonomy":"post_tag","embeddable":true,"href":"https:\/\/arantv.az\/index.php?rest_route=%2Fwp%2Fv2%2Ftags&post=26639"}],"curies":[{"name":"wp","href":"https:\/\/api.w.org\/{rel}","templated":true}]}}