{"id":26642,"date":"2018-12-07T14:50:28","date_gmt":"2018-12-07T11:50:28","guid":{"rendered":"http:\/\/arantv.az\/?p=26642"},"modified":"2018-12-07T14:50:28","modified_gmt":"2018-12-07T11:50:28","slug":"n%c9%99sill%c9%99r%c9%99-%c9%99man%c9%99t-adli-anim-t%c9%99dbiri-kecirilib","status":"publish","type":"post","link":"https:\/\/arantv.az\/?p=26642","title":{"rendered":"\u201cN\u0259sill\u0259r\u0259 \u0259man\u0259t\u201d adl\u0131 an\u0131m t\u0259dbiri ke\u00e7irilib"},"content":{"rendered":"<p><strong>ARANTV.AZ<\/strong> x\u0259b\u0259r verir ki, \u00dcmummilli lider Heyd\u0259r \u018fliyevin xatir\u0259sin\u0259 h\u0259sr edil\u0259n \u201cN\u0259sill\u0259r\u0259 \u0259man\u0259t\u201d adl\u0131 an\u0131m t\u0259dbiri ke\u00e7irilib. T\u0259dbird\u0259 bildirilib ki, ulu \u00f6nd\u0259r Heyd\u0259r \u018fliyevin ad\u0131 xalq\u0131m\u0131z\u0131n yadda\u015f\u0131na \u0259b\u0259di h\u0259kk olunub.<\/p>\n<p>\u00dcmummilli lider Heyd\u0259r \u018fliyevin xatir\u0259sin\u0259 h\u0259sr edil\u0259n t\u0259dbird\u0259 YAP N\u0259simi rayon t\u0259\u015fkilat\u0131n\u0131n f\u0259al g\u0259ncl\u0259rinin i\u015ftirak\u0131 il\u0259 haz\u0131rlanan \u201cN\u0259sill\u0259r\u0259 \u0259man\u0259t\u201d filmi n\u00fcmayi\u015f olundu.\u00a0N\u0259simi Rayon \u0130cra Hakimiyy\u0259tinin ba\u015f\u00e7\u0131s\u0131, YAP siyasi \u015furas\u0131n\u0131n \u00fczv\u00fc Asif \u018fsg\u0259rov\u00fcmummilli lider, m\u00fcdrik \u015f\u0259xsiyy\u0259t Heyd\u0259r \u018fliyevin m\u00fcasir Az\u0259rbaycan d\u00f6vl\u0259tinin qurulmas\u0131 v\u0259 inki\u015faf\u0131nda tarixi xidm\u0259tl\u0259rind\u0259n dan\u0131\u015f\u0131d\u0131.\u00a0Dini Qurumlarla \u0130\u015f \u00fczr\u0259 D\u00f6vl\u0259t Komit\u0259sinin s\u0259dri, YAP icra katibinin m\u00fcavini M\u00fcbariz Qurbanl\u0131\u00a0Az\u0259rbaycan d\u00f6vl\u0259tinin memar\u0131 v\u0259 qurucusu Heyd\u0259r \u018fliyevin ad\u0131n\u0131n xalq\u0131m\u0131z\u0131n yadda\u015f\u0131na \u0259b\u0259di h\u0259kk oldu\u011funu, onun xatir\u0259sinin h\u0259r zaman uca tutuldu\u011funu dedi.\u00a0Az\u0259rbaycan\u00a0Dill\u0259r Universitetinin rektoru Kamal Abdullayev\u00a0is\u0259\u00a0vur\u011fulad\u0131 ki,\u00a0\u00a0Heyd\u0259r \u018fliyev Az\u0259rbaycanda sabitliyi t\u0259min edib, milli-m\u0259n\u0259vi d\u0259y\u0259rl\u0259r\u0259 qay\u0131d\u0131\u015f\u0131n, milli \u00f6z\u00fcn\u00fcd\u0259rkin \u0259sas\u0131n\u0131 qoyub. Ulu \u00f6nd\u0259rin ad\u0131 h\u0259r bir k\u0259sin q\u0259lbind\u0259 sad\u0259liyi, s\u0259mimiyy\u0259ti, alic\u0259nabl\u0131\u011f\u0131, v\u0259t\u0259np\u0259rv\u0259rliyi v\u0259 b\u00fct\u00fcn dig\u0259r y\u00fcks\u0259k insani d\u0259y\u0259rliliyi il\u0259 unudulmaz izl\u0259r burax\u0131b.\u00a0Mill\u0259t v\u0259kili\u00a0 YAP N\u0259simi rayon t\u0259\u015fkilat\u0131n\u0131n s\u0259dri M\u0259lah\u0259t \u0130brahimq\u0131z\u0131\u00a0da vur\u011fulad\u0131 ki, ulu \u00f6nd\u0259r q\u0131sa zaman k\u0259siyind\u0259 Az\u0259rbaycan\u0131n h\u0259rt\u0259r\u0259fli y\u00fcks\u0259li\u015fi \u00fc\u00e7\u00fcn uzunm\u00fcdd\u0259tli inki\u015faf strategiyas\u0131n\u0131n m\u00f6hk\u0259m t\u0259m\u0259lini qoyaraq \u0259sas istiqam\u0259tl\u0259rini m\u00fc\u0259yy\u0259nl\u0259\u015fdirib. T\u0259dbird\u0259 \u201cXalq Heyd\u0259r s\u00f6yl\u0259y\u0259c\u0259k\u201d adl\u0131 musuquli kompozisya da \u00a0t\u0259qdim olundu.<\/p>\n","protected":false},"excerpt":{"rendered":"<p>ARANTV.AZ x\u0259b\u0259r verir ki, \u00dcmummilli lider Heyd\u0259r \u018fliyevin xatir\u0259sin\u0259 h\u0259sr edil\u0259n \u201cN\u0259sill\u0259r\u0259 \u0259man\u0259t\u201d adl\u0131 an\u0131m t\u0259dbiri ke\u00e7irilib. T\u0259dbird\u0259 bildirilib ki, ulu \u00f6nd\u0259r Heyd\u0259r \u018fliyevin ad\u0131 xalq\u0131m\u0131z\u0131n yadda\u015f\u0131na \u0259b\u0259di h\u0259kk olunub. \u00dcmummilli lider Heyd\u0259r \u018fliyevin xatir\u0259sin\u0259 h\u0259sr edil\u0259n t\u0259dbird\u0259 YAP N\u0259simi rayon t\u0259\u015fkilat\u0131n\u0131n f\u0259al g\u0259ncl\u0259rinin i\u015ftirak\u0131 il\u0259 haz\u0131rlanan \u201cN\u0259sill\u0259r\u0259 \u0259man\u0259t\u201d filmi n\u00fcmayi\u015f olundu.\u00a0N\u0259simi Rayon \u0130cra Hakimiyy\u0259tinin ba\u015f\u00e7\u0131s\u0131, YAP siyasi \u015furas\u0131n\u0131n \u00fczv\u00fc Asif \u018fsg\u0259rov\u00fcmummilli lider, m\u00fcdrik \u015f\u0259xsiyy\u0259t Heyd\u0259r \u018fliyevin m\u00fcasir Az\u0259rbaycan d\u00f6vl\u0259tinin qurulmas\u0131 v\u0259 inki\u015faf\u0131nda tarixi xidm\u0259tl\u0259rind\u0259n dan\u0131\u015f\u0131d\u0131.\u00a0Dini Qurumlarla \u0130\u015f \u00fczr\u0259 D\u00f6vl\u0259t Komit\u0259sinin s\u0259dri, YAP icra katibinin m\u00fcavini M\u00fcbariz Qurbanl\u0131\u00a0Az\u0259rbaycan d\u00f6vl\u0259tinin memar\u0131&hellip;<\/p>\n","protected":false},"author":2,"featured_media":26643,"comment_status":"closed","ping_status":"closed","sticky":false,"template":"","format":"standard","meta":{"om_disable_all_campaigns":false,"_monsterinsights_skip_tracking":false,"_monsterinsights_sitenote_active":false,"_monsterinsights_sitenote_note":"","_monsterinsights_sitenote_category":0},"categories":[1],"tags":[],"aioseo_notices":[],"gutentor_comment":0,"rttpg_featured_image_url":{"full":["https:\/\/arantv.az\/wp-content\/uploads\/2018\/12\/qursqgccrn4b3jhk4h8jn2dpn7heyd.jpg",993,669,false],"landscape":["https:\/\/arantv.az\/wp-content\/uploads\/2018\/12\/qursqgccrn4b3jhk4h8jn2dpn7heyd.jpg",993,669,false],"portraits":["https:\/\/arantv.az\/wp-content\/uploads\/2018\/12\/qursqgccrn4b3jhk4h8jn2dpn7heyd.jpg",993,669,false],"thumbnail":["https:\/\/arantv.az\/wp-content\/uploads\/2018\/12\/qursqgccrn4b3jhk4h8jn2dpn7heyd-150x150.jpg",150,150,true],"medium":["https:\/\/arantv.az\/wp-content\/uploads\/2018\/12\/qursqgccrn4b3jhk4h8jn2dpn7heyd-300x202.jpg",300,202,true],"large":["https:\/\/arantv.az\/wp-content\/uploads\/2018\/12\/qursqgccrn4b3jhk4h8jn2dpn7heyd.jpg",640,431,false],"1536x1536":["https:\/\/arantv.az\/wp-content\/uploads\/2018\/12\/qursqgccrn4b3jhk4h8jn2dpn7heyd.jpg",993,669,false],"2048x2048":["https:\/\/arantv.az\/wp-content\/uploads\/2018\/12\/qursqgccrn4b3jhk4h8jn2dpn7heyd.jpg",993,669,false],"post-thumbnail":["https:\/\/arantv.az\/wp-content\/uploads\/2018\/12\/qursqgccrn4b3jhk4h8jn2dpn7heyd-240x172.jpg",240,172,true],"advps-thumb-one":["https:\/\/arantv.az\/wp-content\/uploads\/2018\/12\/qursqgccrn4b3jhk4h8jn2dpn7heyd-993x620.jpg",993,620,true]},"rttpg_author":{"display_name":"V\u00fcsal Rafiqo\u011flu","author_link":"https:\/\/arantv.az\/?author=2"},"rttpg_comment":0,"rttpg_category":"<a href=\"https:\/\/arantv.az\/?cat=1\" rel=\"category\">C\u0259miyy\u0259t<\/a>","rttpg_excerpt":"ARANTV.AZ x\u0259b\u0259r verir ki, \u00dcmummilli lider Heyd\u0259r \u018fliyevin xatir\u0259sin\u0259 h\u0259sr edil\u0259n \u201cN\u0259sill\u0259r\u0259 \u0259man\u0259t\u201d adl\u0131 an\u0131m t\u0259dbiri ke\u00e7irilib. T\u0259dbird\u0259 bildirilib ki, ulu \u00f6nd\u0259r Heyd\u0259r \u018fliyevin ad\u0131 xalq\u0131m\u0131z\u0131n yadda\u015f\u0131na \u0259b\u0259di h\u0259kk olunub. \u00dcmummilli lider Heyd\u0259r \u018fliyevin xatir\u0259sin\u0259 h\u0259sr edil\u0259n t\u0259dbird\u0259 YAP N\u0259simi rayon t\u0259\u015fkilat\u0131n\u0131n f\u0259al g\u0259ncl\u0259rinin i\u015ftirak\u0131 il\u0259 haz\u0131rlanan \u201cN\u0259sill\u0259r\u0259 \u0259man\u0259t\u201d filmi n\u00fcmayi\u015f olundu.\u00a0N\u0259simi Rayon \u0130cra Hakimiyy\u0259tinin&hellip;","_links":{"self":[{"href":"https:\/\/arantv.az\/index.php?rest_route=\/wp\/v2\/posts\/26642"}],"collection":[{"href":"https:\/\/arantv.az\/index.php?rest_route=\/wp\/v2\/posts"}],"about":[{"href":"https:\/\/arantv.az\/index.php?rest_route=\/wp\/v2\/types\/post"}],"author":[{"embeddable":true,"href":"https:\/\/arantv.az\/index.php?rest_route=\/wp\/v2\/users\/2"}],"replies":[{"embeddable":true,"href":"https:\/\/arantv.az\/index.php?rest_route=%2Fwp%2Fv2%2Fcomments&post=26642"}],"version-history":[{"count":0,"href":"https:\/\/arantv.az\/index.php?rest_route=\/wp\/v2\/posts\/26642\/revisions"}],"wp:featuredmedia":[{"embeddable":true,"href":"https:\/\/arantv.az\/index.php?rest_route=\/wp\/v2\/media\/26643"}],"wp:attachment":[{"href":"https:\/\/arantv.az\/index.php?rest_route=%2Fwp%2Fv2%2Fmedia&parent=26642"}],"wp:term":[{"taxonomy":"category","embeddable":true,"href":"https:\/\/arantv.az\/index.php?rest_route=%2Fwp%2Fv2%2Fcategories&post=26642"},{"taxonomy":"post_tag","embeddable":true,"href":"https:\/\/arantv.az\/index.php?rest_route=%2Fwp%2Fv2%2Ftags&post=26642"}],"curies":[{"name":"wp","href":"https:\/\/api.w.org\/{rel}","templated":true}]}}