{"id":26645,"date":"2018-12-07T14:55:37","date_gmt":"2018-12-07T11:55:37","guid":{"rendered":"http:\/\/arantv.az\/?p=26645"},"modified":"2018-12-07T14:55:37","modified_gmt":"2018-12-07T11:55:37","slug":"polsanin-paytaxti-varsavada-az%c9%99rbaycan-ticar%c9%99t-evi-acilib","status":"publish","type":"post","link":"https:\/\/arantv.az\/?p=26645","title":{"rendered":"Pol\u015fan\u0131n paytaxt\u0131 Var\u015favada Az\u0259rbaycan Ticar\u0259t evi a\u00e7\u0131l\u0131b"},"content":{"rendered":"<p><strong>ARANTV.AZ<\/strong> x\u0259b\u0259r verir ki, \u201cMade in Azerbaijan brendinin t\u0259\u015fviqi \u00fc\u00e7\u00fcn h\u0259yata ke\u00e7iril\u0259n layih\u0259nin n\u00f6vb\u0259ti \u00fcnvan\u0131 Pol\u015fan\u0131n paytaxt\u0131 Var\u015fava \u015f\u0259h\u0259ri olub. Var\u015favada Az\u0259rbaycan Ticar\u0259t evi a\u00e7\u0131l\u0131b.<\/p>\n<p>Prezident \u0130lham \u018fliyevin tap\u015f\u0131r\u0131\u011f\u0131na \u0259sas\u0259n, Az\u0259rbaycanda istehsal edil\u0259n m\u0259hsullar\u0131n ixrac\u0131n\u0131n t\u0259\u015fviqi v\u0259 geni\u015fl\u0259ndirilm\u0259si, \u201cMade in Azerbaijan\u201d brendinin xarici \u00f6lk\u0259l\u0259rd\u0259 tan\u0131d\u0131lmas\u0131, sat\u0131\u015f\u0131n\u0131n t\u0259\u015fkili v\u0259 \u0259laq\u0259l\u0259ndirilm\u0259si m\u0259qs\u0259dil\u0259 xarici \u00f6lk\u0259l\u0259rd\u0259 ticar\u0259t evl\u0259ri yarad\u0131l\u0131r.\u00a0Bu d\u0259f\u0259 Pol\u015fan\u0131n paytaxt\u0131 Var\u015favada \u201cAz\u0259rbaycan Ticar\u0259t Evi\u201d a\u00e7\u0131l\u0131b. \u0130qtisadiyyat Nazirliyi t\u0259r\u0259find\u0259n yarad\u0131lan Ticar\u0259t Evi \u201cMade in Azerbaijan\u201d brendinin Pol\u015fa bazar\u0131nda daha \u00e7ox tan\u0131d\u0131lmas\u0131na, yerli m\u0259hsullar\u0131m\u0131z\u0131n ixrac\u0131n\u0131n t\u0259\u015fviqi v\u0259 geni\u015fl\u0259ndirilm\u0259sin\u0259 d\u0259st\u0259k ver\u0259c\u0259k, Pol\u015fada sat\u0131\u015f\u0131n\u0131 t\u0259\u015fkil ed\u0259c\u0259k, sahibkarlar aras\u0131nda bu sah\u0259d\u0259 \u0259laq\u0259l\u0259ndirm\u0259ni h\u0259yata ke\u00e7ir\u0259c\u0259k. Ticar\u0259t Evind\u0259 Az\u0259rbaycan \u015firk\u0259tl\u0259rinin m\u00fcxt\u0259lif n\u00f6v m\u0259hsullar\u0131n\u0131n s\u0259rgisi t\u0259\u015fkil olundu. Daimi f\u0259aliyy\u0259t g\u00f6st\u0259r\u0259c\u0259k s\u0259rgid\u0259 Az\u0259rbaycan\u0131n 30-a yax\u0131n \u015firk\u0259tinin istehsal etdiyi\u00a0 m\u0259hsullar n\u00fcmayi\u015f olunur. \u201cAz\u0259rbaycan Ticar\u0259t Evi\u201dnin f\u0259aliyy\u0259t\u0259 ba\u015flamas\u0131 il\u0259 \u0259laq\u0259dar t\u0259\u015fkil edil\u0259n t\u0259dbird\u0259 \u0130qtisadiyyat naziri \u015eahin Mustafayev bildirdi ki, Pol\u015fada Ticar\u0259t Evinin a\u00e7\u0131lmas\u0131 d\u00f6vl\u0259t ba\u015f\u00e7\u0131lar\u0131n\u0131n \u00f6lk\u0259l\u0259rimiz aras\u0131nda iqtisadi-ticar\u0259t \u0259laq\u0259l\u0259rinin inki\u015faf\u0131na verdikl\u0259ri b\u00f6y\u00fck \u00f6n\u0259min v\u0259 Pol\u015fada Az\u0259rbaycan m\u0259hsullar\u0131na mara\u011f\u0131n g\u00f6st\u0259ricisidir. Az\u0259rbaycan\u0131n M\u0259rk\u0259zi Avropa \u00f6lk\u0259l\u0259ri \u00fczr\u0259 ticar\u0259t n\u00fcmay\u0259nd\u0259si d\u0259 m\u0259hz \u00f6t\u0259n il Pol\u015fada t\u0259yin olunub. Vur\u011fulan\u0131b ki, strateji t\u0259r\u0259fda\u015fl\u0131q, qar\u015f\u0131l\u0131ql\u0131 h\u00f6rm\u0259t v\u0259 dostluq prinsipl\u0259rin\u0259 \u0259saslanan Az\u0259rbaycan-Pol\u015fa \u0259laq\u0259l\u0259ri u\u011furla inki\u015faf edir. \u015eahin Mustafayev diqq\u0259t\u0259 \u00e7atd\u0131rd\u0131 ki, bu ilin ilk 9 ay\u0131 \u0259rzind\u0259 \u00f6lk\u0259l\u0259rimiz aras\u0131nda ticar\u0259t d\u00f6vriyy\u0259si 57% art\u0131b. \u0130ndiy\u0259d\u0259k Pol\u015fa Az\u0259rbaycana 20 milyon dollardan \u00e7ox, Az\u0259rbaycan is\u0259 Pol\u015faya 6,5 milyon dollar investisiya yat\u0131r\u0131b. Haz\u0131rda Az\u0259rbycanda xidm\u0259t, s\u0259naye v\u0259 ticar\u0259t sah\u0259l\u0259rind\u0259 Pol\u015fan\u0131n 21 \u015firk\u0259ti f\u0259aliyy\u0259t g\u00f6st\u0259rir. \u018fm\u0259kda\u015fl\u0131\u011f\u0131n inki\u015faf\u0131 perspektivl\u0259rind\u0259n dan\u0131\u015fan \u0130qtisadiyyat naziri \u00f6lk\u0259l\u0259rimiz aras\u0131nda s\u0259naye, energetika, k\u0259nd t\u0259s\u0259rr\u00fcfat\u0131, n\u0259qliyyat, t\u0259hsil, turizm v\u0259 dig\u0259r sah\u0259l\u0259rd\u0259 b\u00f6y\u00fck potensial\u0131 diqq\u0259t\u0259 \u00e7atd\u0131rd\u0131. Pol\u015fan\u0131n Sahibkarl\u0131q v\u0259 texnologiyalar naziri\u00a0Yadviqa Emilevi\u00e7\u00a0Var\u015favada \u201cAz\u0259rbaycan Ticar\u0259t Evi\u201dnin f\u0259aliyy\u0259t\u0259 ba\u015flamas\u0131n\u0131n ikit\u0259r\u0259fli iqtisadi \u0259laq\u0259l\u0259rin inki\u015faf\u0131nda m\u00fch\u00fcm add\u0131m oldu\u011funu, \u00f6lk\u0259l\u0259rimiz aras\u0131nda iqtisadi \u0259m\u0259kda\u015fl\u0131\u011f\u0131n v\u0259 i\u015fg\u00fczar m\u00fcnasib\u0259tl\u0259rin inki\u015faf\u0131nda \u0259h\u0259miyy\u0259tini vur\u011fulad\u0131.<\/p>\n<p>Pol\u015fan\u0131n Xarici \u0130\u00e7l\u0259r nazirinin muavini Ma\u00e7iej Lang is\u0259 \u00e7\u0131x\u0131\u015f\u0131nda bu il m\u00fcst\u0259qilliyinin 100 illiyini qeyd ed\u0259n h\u0259r iki \u00f6lk\u0259nin tarixi k\u00f6kl\u0259r\u0259 \u0259saslanan dostluq m\u00fcnasib\u0259tl\u0259rind\u0259n dan\u0131\u015fd\u0131. Az\u0259rbaycan Ticar\u0259t evinin h\u0259r iki \u00f6lk\u0259 aras\u0131nda iqtisadi-m\u0259d\u0259ni \u0259laq\u0259l\u0259rin daha da m\u00f6hk\u0259ml\u0259ndir\u0259c\u0259yin\u0259 \u0259minliyini ifad\u0259 etdi. Az\u0259rbaycan\u0131n Pol\u015fadak\u0131 s\u0259firi H\u0259s\u0259n H\u0259s\u0259nov i\u015f adamlar\u0131n\u0131 yarad\u0131lan imkandan yararlanma\u011fa d\u0259v\u0259t etdi. Sonra t\u0259dbir i\u015ftirak\u00e7\u0131lar\u0131 \u201cAz\u0259rbaycan Ticar\u0259t Evi\u201d v\u0259 burada daimi f\u0259aliyy\u0259t g\u00f6st\u0259r\u0259n Az\u0259rbaycan m\u0259hsullar\u0131n\u0131n s\u0259rgisi il\u0259 tan\u0131\u015f oldular.<\/p>\n<p>T\u0259dbir \u00e7\u0259r\u00e7iv\u0259sind\u0259 \u201cAz\u0259rbaycan Ticar\u0259t Evi\u201d il\u0259 Pol\u015fan\u0131n \u201cSTX ONE\u201d \u015firk\u0259ti aras\u0131nda f\u0131nd\u0131q v\u0259 nar \u015fir\u0259si konsentrat\u0131n\u0131n sat\u0131\u015f\u0131na dair Anla\u015fma Memorandumu imzaland\u0131.<\/p>\n<p>Pol\u015faya s\u0259f\u0259r \u00e7\u0259r\u00e7iv\u0259sind\u0259 \u0130qtisadiyyat naziri \u015eahin Mustafayev Pol\u015fan\u0131n Sahibkarl\u0131q v\u0259 texnologiyalar naziri Yadviqa Emilevi\u00e7l\u0259 g\u00f6r\u00fc\u015fd\u00fc. G\u00f6r\u00fc\u015fd\u0259 Pol\u015fan\u0131n Az\u0259rbaycanla \u0259laq\u0259l\u0259rin inki\u015faf\u0131nda maraql\u0131 oldu\u011fu vur\u011fuland\u0131.<\/p>\n<p>&nbsp;<\/p>\n","protected":false},"excerpt":{"rendered":"<p>ARANTV.AZ x\u0259b\u0259r verir ki, \u201cMade in Azerbaijan brendinin t\u0259\u015fviqi \u00fc\u00e7\u00fcn h\u0259yata ke\u00e7iril\u0259n layih\u0259nin n\u00f6vb\u0259ti \u00fcnvan\u0131 Pol\u015fan\u0131n paytaxt\u0131 Var\u015fava \u015f\u0259h\u0259ri olub. Var\u015favada Az\u0259rbaycan Ticar\u0259t evi a\u00e7\u0131l\u0131b. Prezident \u0130lham \u018fliyevin tap\u015f\u0131r\u0131\u011f\u0131na \u0259sas\u0259n, Az\u0259rbaycanda istehsal edil\u0259n m\u0259hsullar\u0131n ixrac\u0131n\u0131n t\u0259\u015fviqi v\u0259 geni\u015fl\u0259ndirilm\u0259si, \u201cMade in Azerbaijan\u201d brendinin xarici \u00f6lk\u0259l\u0259rd\u0259 tan\u0131d\u0131lmas\u0131, sat\u0131\u015f\u0131n\u0131n t\u0259\u015fkili v\u0259 \u0259laq\u0259l\u0259ndirilm\u0259si m\u0259qs\u0259dil\u0259 xarici \u00f6lk\u0259l\u0259rd\u0259 ticar\u0259t evl\u0259ri yarad\u0131l\u0131r.\u00a0Bu d\u0259f\u0259 Pol\u015fan\u0131n paytaxt\u0131 Var\u015favada \u201cAz\u0259rbaycan Ticar\u0259t Evi\u201d a\u00e7\u0131l\u0131b. \u0130qtisadiyyat Nazirliyi t\u0259r\u0259find\u0259n yarad\u0131lan Ticar\u0259t Evi \u201cMade in Azerbaijan\u201d brendinin Pol\u015fa bazar\u0131nda daha \u00e7ox tan\u0131d\u0131lmas\u0131na, yerli m\u0259hsullar\u0131m\u0131z\u0131n ixrac\u0131n\u0131n t\u0259\u015fviqi v\u0259 geni\u015fl\u0259ndirilm\u0259sin\u0259 d\u0259st\u0259k ver\u0259c\u0259k, Pol\u015fada sat\u0131\u015f\u0131n\u0131 t\u0259\u015fkil ed\u0259c\u0259k,&hellip;<\/p>\n","protected":false},"author":2,"featured_media":26646,"comment_status":"closed","ping_status":"closed","sticky":false,"template":"","format":"standard","meta":{"om_disable_all_campaigns":false,"_monsterinsights_skip_tracking":false,"_monsterinsights_sitenote_active":false,"_monsterinsights_sitenote_note":"","_monsterinsights_sitenote_category":0},"categories":[19],"tags":[],"aioseo_notices":[],"gutentor_comment":0,"rttpg_featured_image_url":{"full":["https:\/\/arantv.az\/wp-content\/uploads\/2018\/12\/qursqgccrn4b3jhk4h8jn2dpn7pol.jpg",870,669,false],"landscape":["https:\/\/arantv.az\/wp-content\/uploads\/2018\/12\/qursqgccrn4b3jhk4h8jn2dpn7pol.jpg",870,669,false],"portraits":["https:\/\/arantv.az\/wp-content\/uploads\/2018\/12\/qursqgccrn4b3jhk4h8jn2dpn7pol.jpg",870,669,false],"thumbnail":["https:\/\/arantv.az\/wp-content\/uploads\/2018\/12\/qursqgccrn4b3jhk4h8jn2dpn7pol-150x150.jpg",150,150,true],"medium":["https:\/\/arantv.az\/wp-content\/uploads\/2018\/12\/qursqgccrn4b3jhk4h8jn2dpn7pol-300x231.jpg",300,231,true],"large":["https:\/\/arantv.az\/wp-content\/uploads\/2018\/12\/qursqgccrn4b3jhk4h8jn2dpn7pol.jpg",640,492,false],"1536x1536":["https:\/\/arantv.az\/wp-content\/uploads\/2018\/12\/qursqgccrn4b3jhk4h8jn2dpn7pol.jpg",870,669,false],"2048x2048":["https:\/\/arantv.az\/wp-content\/uploads\/2018\/12\/qursqgccrn4b3jhk4h8jn2dpn7pol.jpg",870,669,false],"post-thumbnail":["https:\/\/arantv.az\/wp-content\/uploads\/2018\/12\/qursqgccrn4b3jhk4h8jn2dpn7pol-240x172.jpg",240,172,true],"advps-thumb-one":["https:\/\/arantv.az\/wp-content\/uploads\/2018\/12\/qursqgccrn4b3jhk4h8jn2dpn7pol-870x620.jpg",870,620,true]},"rttpg_author":{"display_name":"V\u00fcsal Rafiqo\u011flu","author_link":"https:\/\/arantv.az\/?author=2"},"rttpg_comment":0,"rttpg_category":"<a href=\"https:\/\/arantv.az\/?cat=19\" rel=\"category\">G\u00fcnd\u0259m<\/a>","rttpg_excerpt":"ARANTV.AZ x\u0259b\u0259r verir ki, \u201cMade in Azerbaijan brendinin t\u0259\u015fviqi \u00fc\u00e7\u00fcn h\u0259yata ke\u00e7iril\u0259n layih\u0259nin n\u00f6vb\u0259ti \u00fcnvan\u0131 Pol\u015fan\u0131n paytaxt\u0131 Var\u015fava \u015f\u0259h\u0259ri olub. Var\u015favada Az\u0259rbaycan Ticar\u0259t evi a\u00e7\u0131l\u0131b. Prezident \u0130lham \u018fliyevin tap\u015f\u0131r\u0131\u011f\u0131na \u0259sas\u0259n, Az\u0259rbaycanda istehsal edil\u0259n m\u0259hsullar\u0131n ixrac\u0131n\u0131n t\u0259\u015fviqi v\u0259 geni\u015fl\u0259ndirilm\u0259si, \u201cMade in Azerbaijan\u201d brendinin xarici \u00f6lk\u0259l\u0259rd\u0259 tan\u0131d\u0131lmas\u0131, sat\u0131\u015f\u0131n\u0131n t\u0259\u015fkili v\u0259 \u0259laq\u0259l\u0259ndirilm\u0259si m\u0259qs\u0259dil\u0259 xarici \u00f6lk\u0259l\u0259rd\u0259 ticar\u0259t evl\u0259ri yarad\u0131l\u0131r.\u00a0Bu&hellip;","_links":{"self":[{"href":"https:\/\/arantv.az\/index.php?rest_route=\/wp\/v2\/posts\/26645"}],"collection":[{"href":"https:\/\/arantv.az\/index.php?rest_route=\/wp\/v2\/posts"}],"about":[{"href":"https:\/\/arantv.az\/index.php?rest_route=\/wp\/v2\/types\/post"}],"author":[{"embeddable":true,"href":"https:\/\/arantv.az\/index.php?rest_route=\/wp\/v2\/users\/2"}],"replies":[{"embeddable":true,"href":"https:\/\/arantv.az\/index.php?rest_route=%2Fwp%2Fv2%2Fcomments&post=26645"}],"version-history":[{"count":0,"href":"https:\/\/arantv.az\/index.php?rest_route=\/wp\/v2\/posts\/26645\/revisions"}],"wp:featuredmedia":[{"embeddable":true,"href":"https:\/\/arantv.az\/index.php?rest_route=\/wp\/v2\/media\/26646"}],"wp:attachment":[{"href":"https:\/\/arantv.az\/index.php?rest_route=%2Fwp%2Fv2%2Fmedia&parent=26645"}],"wp:term":[{"taxonomy":"category","embeddable":true,"href":"https:\/\/arantv.az\/index.php?rest_route=%2Fwp%2Fv2%2Fcategories&post=26645"},{"taxonomy":"post_tag","embeddable":true,"href":"https:\/\/arantv.az\/index.php?rest_route=%2Fwp%2Fv2%2Ftags&post=26645"}],"curies":[{"name":"wp","href":"https:\/\/api.w.org\/{rel}","templated":true}]}}