{"id":266507,"date":"2021-01-06T14:52:16","date_gmt":"2021-01-06T11:52:16","guid":{"rendered":"http:\/\/arantv.az\/?p=266507"},"modified":"2021-01-06T14:52:16","modified_gmt":"2021-01-06T11:52:16","slug":"s%c9%99mkird%c9%99-bibisinin-evind%c9%99n-ogurluq-ed%c9%99n-s%c9%99xs-saxlanildi","status":"publish","type":"post","link":"https:\/\/arantv.az\/?p=266507","title":{"rendered":"\u015e\u0259mkird\u0259 bibisinin evind\u0259n o\u011furluq ed\u0259n \u015f\u0259xs saxlan\u0131ld\u0131"},"content":{"rendered":"<p>\u015e\u0259mkir Rayon Polis \u015e\u00f6b\u0259sinin \u0259m\u0259kda\u015flar\u0131n\u0131n ke\u00e7irdikl\u0259ri \u0259m\u0259liyyat-axtar\u0131\u015f t\u0259dbirl\u0259ri n\u0259tic\u0259sind\u0259 rayonun \u015ei\u015ft\u0259p\u0259 k\u0259ndind\u0259 o\u011furluq ed\u0259n \u015f\u0259xs saxlan\u0131l\u0131b.<\/p>\n<p>Daxili \u0130\u015fl\u0259r Nazirliyinin M\u0259tbuat xidm\u0259tinin G\u0259nc\u0259 regional qrupundan\u00a0veril\u0259n m\u0259lumata g\u00f6r\u0259, apar\u0131lan ara\u015fd\u0131rmalarla m\u00fc\u0259yy\u0259n edilib ki, \u015e\u0259mkir rayon sakini, 23 ya\u015fl\u0131 El\u015f\u0259n H\u0259s\u0259nov \u00f6t\u0259n ilin dekabr ay\u0131n\u0131n 28-d\u0259 ya\u015fad\u0131\u011f\u0131 \u015ei\u015ft\u0259p\u0259 k\u0259ndind\u0259, bibisin\u0259 m\u0259xsuz f\u0259rdi ya\u015fay\u0131\u015f evin\u0259 qanunsuz olaraq daxil olub v\u0259 oradan 1500 manat d\u0259y\u0259rind\u0259 q\u0131z\u0131l-zin\u0259t \u0259\u015fyalar\u0131n\u0131 gizli talayaraq o\u011furlay\u0131b.<\/p>\n<div id=\"AdviadNativeVideo0\" class=\"AdviadNativeVideo\"><\/div>\n<p>Davam etdiril\u0259n istintaq-\u0259m\u0259liyyat t\u0259dbirl\u0259ri n\u0259tic\u0259sind\u0259 E.H\u0259s\u0259novun cari ilin yanvar ay\u0131nda da eyni \u00fcnvandan 1800 manat na\u011fd pul v\u0259 7000 manat d\u0259y\u0259rind\u0259 q\u0131z\u0131l-zin\u0259t \u0259\u015fyalar\u0131 o\u011furlamas\u0131, daha sonra is\u0259 cinay\u0259tin izl\u0259rini itir\u0259r\u0259k m\u0259suliyy\u0259td\u0259n yaxa qurtarmaq \u00fc\u00e7\u00fcn f\u0259rdi ya\u015fay\u0131\u015f evini yand\u0131rmaq ist\u0259m\u0259si m\u0259lum olub.<\/p>\n<p>\u015e\u00fcbh\u0259li \u015f\u0259xs saxlan\u0131laraq istintaqa t\u0259hvil verilib. Dindirilm\u0259 zaman\u0131 E.H\u0259s\u0259nov t\u00f6r\u0259tdiyi o\u011furluq hadis\u0259sini etiraf ed\u0259r\u0259k o\u011furlad\u0131\u011f\u0131 \u0259\u015fyalar\u0131 lombarda girov qoydu\u011funu v\u0259 \u0259ld\u0259 etdiyi pullar\u0131 x\u0259rcl\u0259diyini bildirib.<\/p>\n<p>Faktla ba\u011fl\u0131 ara\u015fd\u0131rma apar\u0131l\u0131r.<\/p>\n","protected":false},"excerpt":{"rendered":"<p>\u015e\u0259mkir Rayon Polis \u015e\u00f6b\u0259sinin \u0259m\u0259kda\u015flar\u0131n\u0131n ke\u00e7irdikl\u0259ri \u0259m\u0259liyyat-axtar\u0131\u015f t\u0259dbirl\u0259ri n\u0259tic\u0259sind\u0259 rayonun \u015ei\u015ft\u0259p\u0259 k\u0259ndind\u0259 o\u011furluq ed\u0259n \u015f\u0259xs saxlan\u0131l\u0131b. Daxili \u0130\u015fl\u0259r Nazirliyinin M\u0259tbuat xidm\u0259tinin G\u0259nc\u0259 regional qrupundan\u00a0veril\u0259n m\u0259lumata g\u00f6r\u0259, apar\u0131lan ara\u015fd\u0131rmalarla m\u00fc\u0259yy\u0259n edilib ki, \u015e\u0259mkir rayon sakini, 23 ya\u015fl\u0131 El\u015f\u0259n H\u0259s\u0259nov \u00f6t\u0259n ilin dekabr ay\u0131n\u0131n 28-d\u0259 ya\u015fad\u0131\u011f\u0131 \u015ei\u015ft\u0259p\u0259 k\u0259ndind\u0259, bibisin\u0259 m\u0259xsuz f\u0259rdi ya\u015fay\u0131\u015f evin\u0259 qanunsuz olaraq daxil olub v\u0259 oradan 1500 manat d\u0259y\u0259rind\u0259 q\u0131z\u0131l-zin\u0259t \u0259\u015fyalar\u0131n\u0131 gizli talayaraq o\u011furlay\u0131b. Davam etdiril\u0259n istintaq-\u0259m\u0259liyyat t\u0259dbirl\u0259ri n\u0259tic\u0259sind\u0259 E.H\u0259s\u0259novun cari ilin yanvar ay\u0131nda da eyni \u00fcnvandan 1800 manat na\u011fd pul v\u0259 7000 manat d\u0259y\u0259rind\u0259 q\u0131z\u0131l-zin\u0259t \u0259\u015fyalar\u0131 o\u011furlamas\u0131, daha&hellip;<\/p>\n","protected":false},"author":2,"featured_media":266508,"comment_status":"closed","ping_status":"closed","sticky":false,"template":"","format":"standard","meta":{"om_disable_all_campaigns":false,"_monsterinsights_skip_tracking":false,"_monsterinsights_sitenote_active":false,"_monsterinsights_sitenote_note":"","_monsterinsights_sitenote_category":0},"categories":[5],"tags":[],"aioseo_notices":[],"gutentor_comment":0,"rttpg_featured_image_url":{"full":["https:\/\/arantv.az\/wp-content\/uploads\/2021\/01\/rep-52096e98ba1a9c42f1ada6216ffb4932.jpg",620,438,false],"landscape":["https:\/\/arantv.az\/wp-content\/uploads\/2021\/01\/rep-52096e98ba1a9c42f1ada6216ffb4932.jpg",620,438,false],"portraits":["https:\/\/arantv.az\/wp-content\/uploads\/2021\/01\/rep-52096e98ba1a9c42f1ada6216ffb4932.jpg",620,438,false],"thumbnail":["https:\/\/arantv.az\/wp-content\/uploads\/2021\/01\/rep-52096e98ba1a9c42f1ada6216ffb4932-150x150.jpg",150,150,true],"medium":["https:\/\/arantv.az\/wp-content\/uploads\/2021\/01\/rep-52096e98ba1a9c42f1ada6216ffb4932-300x212.jpg",300,212,true],"large":["https:\/\/arantv.az\/wp-content\/uploads\/2021\/01\/rep-52096e98ba1a9c42f1ada6216ffb4932.jpg",620,438,false],"1536x1536":["https:\/\/arantv.az\/wp-content\/uploads\/2021\/01\/rep-52096e98ba1a9c42f1ada6216ffb4932.jpg",620,438,false],"2048x2048":["https:\/\/arantv.az\/wp-content\/uploads\/2021\/01\/rep-52096e98ba1a9c42f1ada6216ffb4932.jpg",620,438,false],"post-thumbnail":["https:\/\/arantv.az\/wp-content\/uploads\/2021\/01\/rep-52096e98ba1a9c42f1ada6216ffb4932-240x172.jpg",240,172,true],"advps-thumb-one":["https:\/\/arantv.az\/wp-content\/uploads\/2021\/01\/rep-52096e98ba1a9c42f1ada6216ffb4932.jpg",620,438,false]},"rttpg_author":{"display_name":"V\u00fcsal Rafiqo\u011flu","author_link":"https:\/\/arantv.az\/?author=2"},"rttpg_comment":0,"rttpg_category":"<a href=\"https:\/\/arantv.az\/?cat=5\" rel=\"category\">Hadis\u0259<\/a>","rttpg_excerpt":"\u015e\u0259mkir Rayon Polis \u015e\u00f6b\u0259sinin \u0259m\u0259kda\u015flar\u0131n\u0131n ke\u00e7irdikl\u0259ri \u0259m\u0259liyyat-axtar\u0131\u015f t\u0259dbirl\u0259ri n\u0259tic\u0259sind\u0259 rayonun \u015ei\u015ft\u0259p\u0259 k\u0259ndind\u0259 o\u011furluq ed\u0259n \u015f\u0259xs saxlan\u0131l\u0131b. Daxili \u0130\u015fl\u0259r Nazirliyinin M\u0259tbuat xidm\u0259tinin G\u0259nc\u0259 regional qrupundan\u00a0veril\u0259n m\u0259lumata g\u00f6r\u0259, apar\u0131lan ara\u015fd\u0131rmalarla m\u00fc\u0259yy\u0259n edilib ki, \u015e\u0259mkir rayon sakini, 23 ya\u015fl\u0131 El\u015f\u0259n H\u0259s\u0259nov \u00f6t\u0259n ilin dekabr ay\u0131n\u0131n 28-d\u0259 ya\u015fad\u0131\u011f\u0131 \u015ei\u015ft\u0259p\u0259 k\u0259ndind\u0259, bibisin\u0259 m\u0259xsuz f\u0259rdi ya\u015fay\u0131\u015f evin\u0259 qanunsuz olaraq daxil olub&hellip;","_links":{"self":[{"href":"https:\/\/arantv.az\/index.php?rest_route=\/wp\/v2\/posts\/266507"}],"collection":[{"href":"https:\/\/arantv.az\/index.php?rest_route=\/wp\/v2\/posts"}],"about":[{"href":"https:\/\/arantv.az\/index.php?rest_route=\/wp\/v2\/types\/post"}],"author":[{"embeddable":true,"href":"https:\/\/arantv.az\/index.php?rest_route=\/wp\/v2\/users\/2"}],"replies":[{"embeddable":true,"href":"https:\/\/arantv.az\/index.php?rest_route=%2Fwp%2Fv2%2Fcomments&post=266507"}],"version-history":[{"count":0,"href":"https:\/\/arantv.az\/index.php?rest_route=\/wp\/v2\/posts\/266507\/revisions"}],"wp:featuredmedia":[{"embeddable":true,"href":"https:\/\/arantv.az\/index.php?rest_route=\/wp\/v2\/media\/266508"}],"wp:attachment":[{"href":"https:\/\/arantv.az\/index.php?rest_route=%2Fwp%2Fv2%2Fmedia&parent=266507"}],"wp:term":[{"taxonomy":"category","embeddable":true,"href":"https:\/\/arantv.az\/index.php?rest_route=%2Fwp%2Fv2%2Fcategories&post=266507"},{"taxonomy":"post_tag","embeddable":true,"href":"https:\/\/arantv.az\/index.php?rest_route=%2Fwp%2Fv2%2Ftags&post=266507"}],"curies":[{"name":"wp","href":"https:\/\/api.w.org\/{rel}","templated":true}]}}