{"id":26666,"date":"2018-12-07T15:13:44","date_gmt":"2018-12-07T12:13:44","guid":{"rendered":"http:\/\/arantv.az\/?p=26666"},"modified":"2018-12-07T15:13:44","modified_gmt":"2018-12-07T12:13:44","slug":"hikm%c9%99t-haciyev-sankt-peterburqdaki-t%c9%99dbird%c9%99-prezident-ilham-%c9%99liyevin-nikol-pasinyanla-da-sohb%c9%99ti-olub","status":"publish","type":"post","link":"https:\/\/arantv.az\/?p=26666","title":{"rendered":"Hikm\u0259t Hac\u0131yev: &#8220;Sankt-Peterburqdak\u0131 t\u0259dbird\u0259 Prezident \u0130lham \u018fliyevin Nikol Pa\u015finyanla da s\u00f6hb\u0259ti olub&#8221;"},"content":{"rendered":"<p><em><strong>ARANTV.AZ<\/strong> Prezident Administrasiyas\u0131 xarici siyas\u0259t m\u0259s\u0259l\u0259l\u0259ri \u015f\u00f6b\u0259sinin m\u00fcdiri Hikm\u0259t Hac\u0131yevin trend-\u0259 m\u00fcsahib\u0259sini t\u0259qdim edir:<\/em><\/p>\n<p><strong>&#8211; 6 dekabr tarixind\u0259 MDB d\u00f6vl\u0259t ba\u015f\u00e7\u0131lar\u0131n\u0131n Sankt-Peterburq \u015f\u0259h\u0259rind\u0259 qeyri-r\u0259smi zirv\u0259 toplant\u0131s\u0131 ke\u00e7irildi. Prezident \u0130lham \u018fliyev zirv\u0259 toplant\u0131s\u0131nda i\u015ftirak etdi. Bu t\u0259dbirin \u0259h\u0259miyy\u0259ti v\u0259 m\u00fczakir\u0259 olunan m\u0259s\u0259l\u0259l\u0259r bar\u0259d\u0259 n\u0259 dey\u0259rdiniz?<\/strong><\/p>\n<p>&#8211; Prezident \u0130lham \u018fliyev Rusiya Federasiyas\u0131n\u0131n Prezidenti Vladimir Putinin d\u0259v\u0259ti \u0259sas\u0131nda 6 dekabr tarixind\u0259 Sankt-Peterburq \u015f\u0259h\u0259rind\u0259 ke\u00e7iril\u0259n MDB d\u00f6vl\u0259t ba\u015f\u00e7\u0131lar\u0131n\u0131n qeyri-r\u0259smi zirv\u0259 toplant\u0131s\u0131nda i\u015ftirak etmi\u015fdir. Ke\u00e7\u0259n il is\u0259 MDB d\u00f6vl\u0259tl\u0259rinin qeyri-r\u0259smi zirv\u0259 toplant\u0131s\u0131 Moskvada ke\u00e7irilmi\u015fdir. Bu q\u0259bild\u0259n olan zirv\u0259 toplant\u0131lar\u0131nda MDB \u00e7\u0259r\u00e7iv\u0259sind\u0259 il \u0259rzind\u0259 g\u00f6r\u00fcl\u0259n i\u015fl\u0259r bar\u0259sind\u0259 geni\u015f fikir m\u00fcbadil\u0259si apar\u0131l\u0131r v\u0259 g\u0259l\u0259c\u0259k f\u0259aliyy\u0259t istiqam\u0259tl\u0259ri \u0259trafl\u0131 m\u00fczakir\u0259 olunur. Bu d\u0259f\u0259 d\u0259 ke\u00e7iril\u0259n qeyri-r\u0259smi zirv\u0259 toplant\u0131s\u0131 \u0259snas\u0131nda eyni m\u0259qs\u0259dl\u0259r g\u00fcd\u00fcl\u00fcrd\u00fc. MDB d\u00f6vl\u0259t ba\u015f\u00e7\u0131lar\u0131n\u0131n qeyri-r\u0259smi Sankt-Peterburq g\u00f6r\u00fc\u015f\u00fc d\u0259 i\u015fg\u00fczar v\u0259 s\u0259mimi \u015f\u0259raitd\u0259 ke\u00e7irildi, d\u00f6vl\u0259t ba\u015f\u00e7\u0131lar\u0131 birlikd\u0259 nahar etdil\u0259r v\u0259 sonra Mariinskiy Teatrda &#8220;\u015eelkun\u00e7ik&#8221; balet tama\u015fas\u0131na baxd\u0131lar. Bir m\u0259qama da toxunmaq ist\u0259rdim ki, tama\u015fa zaman\u0131 Prezident \u0130lham \u018fliyev t\u0259dbir\u0259 ev sahibliyi ed\u0259n Rusiya Prezidenti Vladimir Putinin yan\u0131nda sa\u011fda \u0259yl\u0259\u015fmi\u015fdi. Bu d\u00f6vl\u0259timizin ba\u015f\u00e7\u0131s\u0131na v\u0259 onun \u015f\u0259xsiyy\u0259tin\u0259 x\u00fcsusi h\u00f6rm\u0259tin v\u0259 ehtiram\u0131n \u0259lam\u0259tidir.<\/p>\n<p>Zirv\u0259 g\u00f6r\u00fc\u015f\u00fcnd\u0259 Prezident \u0130lham \u018fliyevin t\u0259dbird\u0259 i\u015ftirak ed\u0259n b\u00fct\u00fcn d\u00f6vl\u0259t ba\u015f\u00e7\u0131lar\u0131 il\u0259 qar\u015f\u0131l\u0131ql\u0131 maraq k\u0259sb ed\u0259n m\u0259s\u0259l\u0259l\u0259r \u0259traf\u0131nda m\u0259zmunlu s\u00f6hb\u0259ti v\u0259 m\u00fczakir\u0259l\u0259ri olub.<\/p>\n<p><strong>&#8211; Erm\u0259nistan\u0131n ba\u015f naziri v\u0259zif\u0259sini icra ed\u0259n ed\u0259n Nikol Pa\u015finyan il\u0259 d\u0259 m\u00fczakir\u0259l\u0259r apar\u0131lm\u0131\u015fd\u0131rm\u0131?<\/strong><\/p>\n<p>&#8211; B\u0259li. T\u0259dbir \u0259snas\u0131nda Prezident \u0130lham \u018fliyevin Erm\u0259nistan\u0131n ba\u015f naziri v\u0259zif\u0259sini icra ed\u0259n Nikol Pa\u015finyan il\u0259 d\u0259 s\u00f6hb\u0259ti olub. S\u00f6hb\u0259t \u0259snas\u0131nda Erm\u0259nistan-Az\u0259rbaycan m\u00fcnaqi\u015f\u0259sinin h\u0259lli \u00fczr\u0259 f\u0259al dan\u0131\u015f\u0131qlar\u0131n davam etdirilm\u0259si v\u0259 at\u0259\u015fk\u0259s rejiminin m\u00f6hk\u0259ml\u0259ndirilm\u0259si \u0259traf\u0131nda m\u00fczakir\u0259l\u0259r apar\u0131lm\u0131\u015fd\u0131r. N\u0259z\u0259r\u0259 almaq laz\u0131md\u0131r ki, bu iki amil bir-biri il\u0259 s\u0131x \u015f\u0259kild\u0259 ba\u011fl\u0131d\u0131r v\u0259 biri-dig\u0259rini tamamlayacaq \u015f\u0259kild\u0259 davam etdirilm\u0259lidir. Son d\u00f6vrl\u0259r \u0259rzind\u0259 qo\u015funlar\u0131n t\u0259mas x\u0259tti v\u0259 d\u00f6vl\u0259t s\u0259rh\u0259di boyunca nisbi sakitlik m\u00f6vcuddur. Bu da m\u00fcnaqi\u015f\u0259nin h\u0259lli \u00fczr\u0259 substantiv v\u0259 intensiv dan\u0131\u015f\u0131qlar\u0131n apar\u0131lmas\u0131 \u00fc\u00e7\u00fcn yax\u015f\u0131 fon yarad\u0131r. Bu \u0259sla m\u00fcnaqi\u015f\u0259nin dondurulmas\u0131 v\u0259 ya q\u0259buledilm\u0259z olan status-kvonun saxlanmas\u0131 anlam\u0131na g\u0259lm\u0259m\u0259lidir. Q\u0259ti m\u00f6vqeyimiz ondan ibar\u0259tdir ki, i\u015f\u011fala \u0259saslanan status-kvo tezlikl\u0259 d\u0259yi\u015fdirilm\u0259lidir. AT\u018fT-in Minsk Qrupunun h\u0259ms\u0259dr \u00f6lk\u0259l\u0259ri d\u0259 d\u00f6vl\u0259t ba\u015f\u00e7\u0131lar\u0131 s\u0259viyy\u0259sind\u0259 status-kvonun d\u0259yi\u015fdirilm\u0259sinin vacibliyini d\u0259f\u0259l\u0259rl\u0259 vur\u011fulay\u0131blar. M\u00fcnaqi\u015f\u0259nin h\u0259lli \u00fczr\u0259 dan\u0131\u015f\u0131qlar n\u0259tic\u0259sind\u0259 Az\u0259rbaycan\u0131n beyn\u0259lxalq s\u0259viyy\u0259d\u0259 tan\u0131nm\u0131\u015f s\u0259rh\u0259dl\u0259ri daxilind\u0259 \u0259razi b\u00fct\u00f6vl\u00fcy\u00fc v\u0259 suverenliyi b\u0259rpa olunmal\u0131d\u0131r.<\/p>\n<p>Eyni zamanda s\u00f6hb\u0259t \u00e7\u0259r\u00e7iv\u0259sind\u0259 Erm\u0259nistan v\u0259 Az\u0259rbaycan aras\u0131nda saxlan\u0131lan \u015f\u0259xsl\u0259rin qar\u015f\u0131l\u0131ql\u0131 \u015f\u0259kild\u0259 d\u0259yi\u015fdirilm\u0259si m\u0259s\u0259l\u0259si d\u0259 m\u00fczakir\u0259 olundu.<\/p>\n<p><strong>&#8211; Az\u0259rbaycan\u0131n bu m\u0259s\u0259l\u0259d\u0259 humanist xarakter da\u015f\u0131yan v\u0259 &#8220;ham\u0131n\u0131n ham\u0131ya&#8221; prinsipin\u0259 s\u00f6yk\u0259n\u0259n m\u00f6vqeyin\u0259 Erm\u0259nistan\u0131n m\u00fcnasib\u0259ti nec\u0259dir?<\/strong><\/p>\n<p>&#8211; Prezident \u0130lham \u018fliyev Az\u0259rbaycan\u0131n bu m\u0259s\u0259l\u0259d\u0259 m\u00f6vqeyini vur\u011fulayaraq bildirmi\u015fdir ki, &#8220;ham\u0131n\u0131n ham\u0131ya&#8221; prinsipi \u0259sas\u0131nda d\u0259yi\u015fdirm\u0259 tam olmal\u0131 v\u0259 o c\u00fcml\u0259d\u0259n, Dilq\u0259m \u018fsg\u0259rov v\u0259 \u015eahbaz Quliyev onlar\u0131n aras\u0131nda yer almal\u0131d\u0131r. Humanist xarakter da\u015f\u0131yan bu kimi add\u0131mlar dan\u0131\u015f\u0131qlar prosesin\u0259 m\u00fcsb\u0259t t\u0259sir g\u00f6st\u0259r\u0259 bil\u0259r. AT\u018fT-in Minsk Qrupunun h\u0259ms\u0259drl\u0259ri d\u0259 bu m\u00f6vqeyi d\u0259st\u0259kl\u0259yir v\u0259 ona g\u00f6r\u0259 d\u0259 Erm\u0259nistan t\u0259r\u0259fi bunu n\u0259z\u0259r\u0259 almal\u0131d\u0131r.<\/p>\n<p>Soyda\u015flar\u0131m\u0131z Dilq\u0259m \u018fsg\u0259rov v\u0259 \u015eahbaz Quliyevin azad edilm\u0259si v\u0259 Az\u0259rbaycana qaytar\u0131lmas\u0131 m\u0259s\u0259l\u0259sini d\u00f6vl\u0259timizin ba\u015f\u00e7\u0131s\u0131 AT\u018fT-in Minsk Qrupunun h\u0259ms\u0259drl\u0259ri, AT\u018fT-in f\u0259aliyy\u0259td\u0259 olan s\u0259drinin \u015f\u0259xsi n\u00fcmay\u0259nd\u0259si Anjey Kaspi\u015fik v\u0259 dig\u0259r t\u0259r\u0259fm\u00fcqabill\u0259ri il\u0259 g\u00f6r\u00fc\u015fl\u0259rd\u0259 h\u0259r d\u0259f\u0259 qald\u0131r\u0131r.<\/p>\n<p>X\u00fcsusil\u0259 qeyd etm\u0259k laz\u0131md\u0131r ki, d\u00f6vl\u0259timizin ba\u015f\u00e7\u0131s\u0131 Dilq\u0259m \u018fsg\u0259rov v\u0259 \u015eahbaz Quliyevin azad edilm\u0259si \u00fc\u00e7\u00fcn b\u00f6y\u00fck s\u0259yl\u0259r g\u00f6st\u0259rir v\u0259 bu m\u0259s\u0259l\u0259ni daim diqq\u0259td\u0259 saxlay\u0131r.<\/p>\n<p><strong>&#8211; Erm\u0259nistan\u0131n ba\u015f naziri v\u0259zif\u0259sini icra ed\u0259n Nikol Pa\u015finyan iki \u00f6lk\u0259 aras\u0131nda rabit\u0259nin yarad\u0131lmas\u0131 bar\u0259d\u0259 dan\u0131\u015f\u0131r. Bu bar\u0259d\u0259 n\u0259 dey\u0259rdiniz?<\/strong><\/p>\n<p>&#8211; D\u00fc\u015f\u0259nb\u0259d\u0259 d\u00f6vl\u0259timizin ba\u015f\u00e7\u0131s\u0131 il\u0259 Erm\u0259nistan ba\u015f naziri aras\u0131nda olan s\u00f6hb\u0259t \u0259snas\u0131nda raz\u0131l\u0131q \u0259ld\u0259 edilmi\u015fdi ki, z\u0259ruri olan hallarda \u0259laq\u0259 yaratmaq \u00fc\u00e7\u00fcn imkanlar t\u0259min edilsin. Bu \u0259laq\u0259l\u0259r m\u00fcnt\u0259z\u0259m xarakter da\u015f\u0131m\u0131r, d\u00f6vl\u0259t ba\u015f\u00e7\u0131lar\u0131, xarici i\u015fl\u0259r v\u0259 ya m\u00fcdafi\u0259 nazirl\u0259ri s\u0259viyy\u0259sind\u0259 olan t\u0259maslar deyil, a\u015fa\u011f\u0131 s\u0259viyy\u0259d\u0259 v\u0259 laz\u0131m olan hallarda h\u0259yata ke\u00e7irilir.<\/p>\n<p><strong>&#8211; K\u00fctl\u0259vi informasiya vasit\u0259l\u0259rind\u0259 veril\u0259n m\u0259lumata g\u00f6r\u0259, Belarus Prezidenti Kollektiv T\u0259hl\u00fck\u0259sizlik \u00fczr\u0259 M\u00fcqavil\u0259 T\u0259\u015fkilat\u0131n\u0131n n\u00f6vb\u0259ti ba\u015f katibinin Belarusdan olaca\u011f\u0131n\u0131 bildirib. Erm\u0259nistan t\u0259r\u0259fi is\u0259 bunu t\u0259kzib ed\u0259r\u0259k f\u0259rqli fikir s\u0259sl\u0259ndirib. Bu bar\u0259d\u0259 n\u0259 dem\u0259k olar?<\/strong><\/p>\n<p>&#8211; S\u00f6z\u00fcged\u0259n m\u0259s\u0259l\u0259 il\u0259 ba\u011fl\u0131 biz d\u0259 k\u00fctl\u0259vi informasiya vasit\u0259l\u0259rind\u0259n m\u0259lumat alm\u0131\u015f\u0131q. Kuluarlarda ged\u0259n s\u00f6hb\u0259tl\u0259r onu dem\u0259y\u0259 \u0259sas verir ki, MDB \u00f6lk\u0259l\u0259rinin qeyri-r\u0259smi zirv\u0259 g\u00f6r\u00fc\u015f\u00fcnd\u0259n \u0259vv\u0259l Avrasiya \u0130qtisadi \u0130ttifaq\u0131n\u0131n sammitind\u0259 Kollektiv T\u0259hl\u00fck\u0259sizlik \u00fczr\u0259 M\u00fcqavil\u0259 T\u0259\u015fkilat\u0131n\u0131n (KTMT) ba\u015f katibi m\u0259s\u0259l\u0259si m\u00fczakir\u0259 olunub. \u00c7ox d\u0259rin\u0259 getm\u0259k ist\u0259m\u0259zdim, amma b\u0259zi m\u0259nb\u0259l\u0259rd\u0259n ald\u0131\u011f\u0131m\u0131z m\u0259lumata g\u00f6r\u0259 KTMT-nin ba\u015f katibi m\u0259s\u0259l\u0259si il\u0259 ba\u011fl\u0131 iclasda g\u0259rgin v\u0259ziyy\u0259t yaranm\u0131\u015fd\u0131r. Bizd\u0259 olan m\u0259lumata \u0259sas\u0259n tam \u0259minlikl\u0259 dey\u0259 bil\u0259rik ki, Erm\u0259nistan KTMT-nin ba\u015f katibi v\u0259zif\u0259sini itirib v\u0259 Erm\u0259nistan\u0131n r\u0259yi v\u0259 fikri n\u0259z\u0259r\u0259 al\u0131nmadan b\u00f6y\u00fck ehtimalla yax\u0131n g\u0259l\u0259c\u0259kd\u0259 bu v\u0259zif\u0259y\u0259 Belarusun n\u00fcmay\u0259nd\u0259si t\u0259yin olunacaqd\u0131r. Erm\u0259nistan\u0131n ba\u015f katib v\u0259zif\u0259sini \u00f6zl\u0259rind\u0259 saxlamaqla ba\u011fl\u0131 b\u00fct\u00fcn s\u0259yl\u0259ri iflasa u\u011fray\u0131b. Bu \u00fcmumilikd\u0259 Erm\u0259nistan\u0131n siyas\u0259ti v\u0259 diplomatiyas\u0131n\u0131n n\u00f6vb\u0259ti m\u0259\u011flubiyy\u0259tidir.<\/p>\n<p><strong>&#8211; Hadis\u0259l\u0259rin bu m\u0259crada inki\u015faf\u0131n\u0131 Az\u0259rbaycan\u0131n n\u00f6vb\u0259ti q\u0259l\u0259b\u0259si kimi q\u0259bul etm\u0259k olarm\u0131?<\/strong><\/p>\n<p>&#8211; Bildiyiniz kimi, Az\u0259rbaycan KTMT-nin \u00fczv\u00fc deyil v\u0259 \u00f6lk\u0259miz t\u0259\u015fkilat daxilind\u0259 ged\u0259n prosesl\u0259r\u0259 m\u00fcdaxil\u0259 etm\u0259k fikrind\u0259 deyildir. Prezident \u0130lham \u018fliyev bu ilin noyabr\u0131nda Belarusa s\u0259f\u0259rind\u0259n \u00f6nc\u0259 bu \u00f6lk\u0259nin s\u0259firini q\u0259bul ed\u0259rk\u0259n s\u0259sl\u0259ndirdiyi fikirl\u0259rin\u0259 istinad etm\u0259k ist\u0259rdim. D\u00f6vl\u0259timizin ba\u015f\u00e7\u0131s\u0131 bildirmi\u015fdi: &#8220;Erm\u0259nistan Az\u0259rbaycan \u0259razil\u0259rini i\u015f\u011fal ed\u0259n \u00f6lk\u0259dir v\u0259 \u0259lb\u0259tt\u0259 ki, biz h\u0259rbi-siyasi t\u0259\u015fkilat olan Kollektiv T\u0259hl\u00fck\u0259sizlik M\u00fcqavil\u0259si T\u0259\u015fkilat\u0131na hans\u0131 \u00f6lk\u0259nin n\u00fcmay\u0259nd\u0259sinin r\u0259hb\u0259rlik etm\u0259sin\u0259 bigan\u0259 deyilik. Bu m\u0259s\u0259l\u0259l\u0259rin t\u0259r\u0259fda\u015flar v\u0259 dostlar aras\u0131nda m\u00fczakir\u0259si t\u0259biidir&#8221;. Erm\u0259nistan Az\u0259rbaycana qar\u015f\u0131 i\u015f\u011fal\u00e7\u0131l\u0131q siyas\u0259tini davam etdirm\u0259k \u00fc\u00e7\u00fcn KTMT-nin arxas\u0131nda gizl\u0259nm\u0259y\u0259 \u00e7al\u0131\u015f\u0131r. Erm\u0259nistan\u0131n \u00fczl\u0259\u015fdiyi aprel m\u0259\u011flubiyy\u0259tinin t\u0259cr\u00fcb\u0259si d\u0259 bunu g\u00f6st\u0259rdi.<\/p>\n<p>He\u00e7 kim\u0259 sirr deyil ki, yeni Ba\u015f katibin t\u0259yinat\u0131 m\u0259s\u0259l\u0259sini Prezident \u0130lham \u018fliyev Erm\u0259nistan istisna olmaqla, KTMT-y\u0259 \u00fczv olan b\u00fct\u00fcn \u00f6lk\u0259l\u0259rin d\u00f6vl\u0259t ba\u015f\u00e7\u0131lar\u0131 il\u0259 bu v\u0259 ya dig\u0259r formada m\u00fczakir\u0259 etmi\u015fdir.<\/p>\n<p>S\u00f6zs\u00fcz ki, i\u015f\u011fal\u00e7\u0131 d\u00f6vl\u0259t olaraq, Erm\u0259nistan\u0131n \u00e7oxsayl\u0131 xarakter da\u015f\u0131yan h\u0259r bir siyasi, diplomatik, iqtisadi v\u0259 dig\u0259r m\u00fcst\u0259vil\u0259rd\u0259 olan m\u0259\u011flubiyy\u0259ti Az\u0259rbaycan\u0131n q\u0259l\u0259b\u0259si kimi d\u0259y\u0259rl\u0259ndiril\u0259 bil\u0259r. \u00c7\u00fcnki bu m\u0259\u011flubiyy\u0259tl\u0259rin \u015f\u0259rtl\u0259ndirilm\u0259sind\u0259 Az\u0259rbaycan\u0131n rolu kifay\u0259t q\u0259d\u0259r b\u00f6y\u00fckd\u00fcr. N\u0259tic\u0259 etibaril\u0259, Erm\u0259nistan\u0131n tamh\u00fcquqlu \u00fczv oldu\u011fu KTMT-d\u0259 n\u00f6vb\u0259ti d\u0259f\u0259 al\u00e7ald\u0131c\u0131 m\u0259\u011flubiyy\u0259ti bu s\u0131radan olan n\u00fcmun\u0259l\u0259rd\u0259n biridir.<\/p>\n<p>Prezident \u0130lham \u018fliyev b\u0259zil\u0259ri kimi deklarativ deyil, d\u0259rin strateji d\u00fc\u015f\u00fcnc\u0259 v\u0259 praqmatik bax\u0131\u015flar \u0259sas\u0131nda y\u00fcks\u0259k m\u0259har\u0259tl\u0259 v\u0259 m\u00fcdriklikl\u0259 &#8220;strateji diplomatiya&#8221; adland\u0131r\u0131lan siyas\u0259t y\u00fcr\u00fctm\u0259k iqtidar\u0131nda olan \u015f\u0259xsiyy\u0259tdir. Bu &#8220;strateji diplomatiya&#8221; \u00f6lk\u0259mizin q\u0259l\u0259b\u0259sini t\u0259min edir, milli maraqlar\u0131m\u0131z\u0131n qorunmas\u0131na, \u00f6lk\u0259mizin beyn\u0259lxalq m\u00fcnasib\u0259tl\u0259rd\u0259 m\u00f6vqeyinin v\u0259 rolunun g\u00fccl\u0259ndirilm\u0259sin\u0259 xidm\u0259t edir.<\/p>\n","protected":false},"excerpt":{"rendered":"<p>ARANTV.AZ Prezident Administrasiyas\u0131 xarici siyas\u0259t m\u0259s\u0259l\u0259l\u0259ri \u015f\u00f6b\u0259sinin m\u00fcdiri Hikm\u0259t Hac\u0131yevin trend-\u0259 m\u00fcsahib\u0259sini t\u0259qdim edir: &#8211; 6 dekabr tarixind\u0259 MDB d\u00f6vl\u0259t ba\u015f\u00e7\u0131lar\u0131n\u0131n Sankt-Peterburq \u015f\u0259h\u0259rind\u0259 qeyri-r\u0259smi zirv\u0259 toplant\u0131s\u0131 ke\u00e7irildi. Prezident \u0130lham \u018fliyev zirv\u0259 toplant\u0131s\u0131nda i\u015ftirak etdi. Bu t\u0259dbirin \u0259h\u0259miyy\u0259ti v\u0259 m\u00fczakir\u0259 olunan m\u0259s\u0259l\u0259l\u0259r bar\u0259d\u0259 n\u0259 dey\u0259rdiniz? &#8211; Prezident \u0130lham \u018fliyev Rusiya Federasiyas\u0131n\u0131n Prezidenti Vladimir Putinin d\u0259v\u0259ti \u0259sas\u0131nda 6 dekabr tarixind\u0259 Sankt-Peterburq \u015f\u0259h\u0259rind\u0259 ke\u00e7iril\u0259n MDB d\u00f6vl\u0259t ba\u015f\u00e7\u0131lar\u0131n\u0131n qeyri-r\u0259smi zirv\u0259 toplant\u0131s\u0131nda i\u015ftirak etmi\u015fdir. Ke\u00e7\u0259n il is\u0259 MDB d\u00f6vl\u0259tl\u0259rinin qeyri-r\u0259smi zirv\u0259 toplant\u0131s\u0131 Moskvada ke\u00e7irilmi\u015fdir. Bu q\u0259bild\u0259n olan zirv\u0259 toplant\u0131lar\u0131nda MDB \u00e7\u0259r\u00e7iv\u0259sind\u0259 il \u0259rzind\u0259 g\u00f6r\u00fcl\u0259n i\u015fl\u0259r&hellip;<\/p>\n","protected":false},"author":2,"featured_media":26667,"comment_status":"closed","ping_status":"closed","sticky":false,"template":"","format":"standard","meta":{"om_disable_all_campaigns":false,"_monsterinsights_skip_tracking":false,"_monsterinsights_sitenote_active":false,"_monsterinsights_sitenote_note":"","_monsterinsights_sitenote_category":0},"categories":[4],"tags":[],"aioseo_notices":[],"gutentor_comment":0,"rttpg_featured_image_url":{"full":["https:\/\/arantv.az\/wp-content\/uploads\/2018\/12\/710602.jpg",800,600,false],"landscape":["https:\/\/arantv.az\/wp-content\/uploads\/2018\/12\/710602.jpg",800,600,false],"portraits":["https:\/\/arantv.az\/wp-content\/uploads\/2018\/12\/710602.jpg",800,600,false],"thumbnail":["https:\/\/arantv.az\/wp-content\/uploads\/2018\/12\/710602-150x150.jpg",150,150,true],"medium":["https:\/\/arantv.az\/wp-content\/uploads\/2018\/12\/710602-300x225.jpg",300,225,true],"large":["https:\/\/arantv.az\/wp-content\/uploads\/2018\/12\/710602.jpg",640,480,false],"1536x1536":["https:\/\/arantv.az\/wp-content\/uploads\/2018\/12\/710602.jpg",800,600,false],"2048x2048":["https:\/\/arantv.az\/wp-content\/uploads\/2018\/12\/710602.jpg",800,600,false],"post-thumbnail":["https:\/\/arantv.az\/wp-content\/uploads\/2018\/12\/710602-240x172.jpg",240,172,true],"advps-thumb-one":["https:\/\/arantv.az\/wp-content\/uploads\/2018\/12\/710602.jpg",800,600,false]},"rttpg_author":{"display_name":"V\u00fcsal Rafiqo\u011flu","author_link":"https:\/\/arantv.az\/?author=2"},"rttpg_comment":0,"rttpg_category":"<a href=\"https:\/\/arantv.az\/?cat=4\" rel=\"category\">Siyas\u0259t<\/a>","rttpg_excerpt":"ARANTV.AZ Prezident Administrasiyas\u0131 xarici siyas\u0259t m\u0259s\u0259l\u0259l\u0259ri \u015f\u00f6b\u0259sinin m\u00fcdiri Hikm\u0259t Hac\u0131yevin trend-\u0259 m\u00fcsahib\u0259sini t\u0259qdim edir: &#8211; 6 dekabr tarixind\u0259 MDB d\u00f6vl\u0259t ba\u015f\u00e7\u0131lar\u0131n\u0131n Sankt-Peterburq \u015f\u0259h\u0259rind\u0259 qeyri-r\u0259smi zirv\u0259 toplant\u0131s\u0131 ke\u00e7irildi. Prezident \u0130lham \u018fliyev zirv\u0259 toplant\u0131s\u0131nda i\u015ftirak etdi. Bu t\u0259dbirin \u0259h\u0259miyy\u0259ti v\u0259 m\u00fczakir\u0259 olunan m\u0259s\u0259l\u0259l\u0259r bar\u0259d\u0259 n\u0259 dey\u0259rdiniz? &#8211; Prezident \u0130lham \u018fliyev Rusiya Federasiyas\u0131n\u0131n Prezidenti Vladimir Putinin d\u0259v\u0259ti \u0259sas\u0131nda&hellip;","_links":{"self":[{"href":"https:\/\/arantv.az\/index.php?rest_route=\/wp\/v2\/posts\/26666"}],"collection":[{"href":"https:\/\/arantv.az\/index.php?rest_route=\/wp\/v2\/posts"}],"about":[{"href":"https:\/\/arantv.az\/index.php?rest_route=\/wp\/v2\/types\/post"}],"author":[{"embeddable":true,"href":"https:\/\/arantv.az\/index.php?rest_route=\/wp\/v2\/users\/2"}],"replies":[{"embeddable":true,"href":"https:\/\/arantv.az\/index.php?rest_route=%2Fwp%2Fv2%2Fcomments&post=26666"}],"version-history":[{"count":0,"href":"https:\/\/arantv.az\/index.php?rest_route=\/wp\/v2\/posts\/26666\/revisions"}],"wp:featuredmedia":[{"embeddable":true,"href":"https:\/\/arantv.az\/index.php?rest_route=\/wp\/v2\/media\/26667"}],"wp:attachment":[{"href":"https:\/\/arantv.az\/index.php?rest_route=%2Fwp%2Fv2%2Fmedia&parent=26666"}],"wp:term":[{"taxonomy":"category","embeddable":true,"href":"https:\/\/arantv.az\/index.php?rest_route=%2Fwp%2Fv2%2Fcategories&post=26666"},{"taxonomy":"post_tag","embeddable":true,"href":"https:\/\/arantv.az\/index.php?rest_route=%2Fwp%2Fv2%2Ftags&post=26666"}],"curies":[{"name":"wp","href":"https:\/\/api.w.org\/{rel}","templated":true}]}}