{"id":26673,"date":"2018-12-07T15:18:12","date_gmt":"2018-12-07T12:18:12","guid":{"rendered":"http:\/\/arantv.az\/?p=26673"},"modified":"2018-12-07T15:18:12","modified_gmt":"2018-12-07T12:18:12","slug":"bayram-yarmarkasinin-gunl%c9%99ri-v%c9%99-yeri-aciqlandi","status":"publish","type":"post","link":"https:\/\/arantv.az\/?p=26673","title":{"rendered":"Bayram yarmarkas\u0131n\u0131n g\u00fcnl\u0259ri v\u0259 yeri a\u00e7\u0131qland\u0131"},"content":{"rendered":"<p>K\u0259nd T\u0259s\u0259rr\u00fcfat\u0131 Nazirliyi yan\u0131nda \u201cD\u00f6vl\u0259t Aqrar Ticar\u0259t \u015eirk\u0259ti\u201d\u00a0MMC-nin t\u0259\u015fkil ed\u0259c\u0259yi bayram yarmarkas\u0131n\u0131n tarixi a\u00e7\u0131qlan\u0131b.<\/p>\n<p><strong>ARANTV.AZ\u00a0<\/strong>x\u0259b\u0259r verir ki, \u201cD\u00f6vl\u0259t Aqrar Ticar\u0259t \u015eirk\u0259ti\u201d\u00a0MMC-nin m\u0259tbuat xidm\u0259tinin r\u0259hb\u0259ri\u00a0<strong>Mayis Musayev<\/strong>in s\u00f6zl\u0259rin\u0259 g\u00f6r\u0259, yarmarka dekabr\u0131n 21-30-da, Bak\u0131 \u015f\u0259h\u0259ri, N\u0259simi rayonu, Nizami k\u00fc\u00e7\u0259si, 154 \u00fcnvan\u0131nda ke\u00e7iril\u0259c\u0259k.<\/p>\n<p>\u201cYarmarkan\u0131 be\u015f\u00a0g\u00fcn m\u00fcdd\u0259tind\u0259 ke\u00e7irm\u0259yi n\u0259z\u0259rd\u0259 tutmu\u015fduq. Ancaq ist\u0259yin \u00e7ox oldu\u011funu n\u0259z\u0259r\u0259 alaraq yarmarkan\u0131n vaxt\u0131n\u0131 uzatd\u0131q\u201d, &#8211; o qeyd edib.<\/p>\n<div id=\"AdributorNativeVideo0\" class=\"AdributorNativeVideo\"><\/div>\n<div><iframe loading=\"lazy\" src=\"https:\/\/player.baku.tv\/embed\/5495\" width=\"560\" height=\"315\" frameborder=\"0\" allowfullscreen=\"allowfullscreen\" data-mce-fragment=\"1\"><\/iframe><\/div>\n<p><b><i>oxu.az<\/i><\/b><\/p>\n","protected":false},"excerpt":{"rendered":"<p>K\u0259nd T\u0259s\u0259rr\u00fcfat\u0131 Nazirliyi yan\u0131nda \u201cD\u00f6vl\u0259t Aqrar Ticar\u0259t \u015eirk\u0259ti\u201d\u00a0MMC-nin t\u0259\u015fkil ed\u0259c\u0259yi bayram yarmarkas\u0131n\u0131n tarixi a\u00e7\u0131qlan\u0131b. ARANTV.AZ\u00a0x\u0259b\u0259r verir ki, \u201cD\u00f6vl\u0259t Aqrar Ticar\u0259t \u015eirk\u0259ti\u201d\u00a0MMC-nin m\u0259tbuat xidm\u0259tinin r\u0259hb\u0259ri\u00a0Mayis Musayevin s\u00f6zl\u0259rin\u0259 g\u00f6r\u0259, yarmarka dekabr\u0131n 21-30-da, Bak\u0131 \u015f\u0259h\u0259ri, N\u0259simi rayonu, Nizami k\u00fc\u00e7\u0259si, 154 \u00fcnvan\u0131nda ke\u00e7iril\u0259c\u0259k. \u201cYarmarkan\u0131 be\u015f\u00a0g\u00fcn m\u00fcdd\u0259tind\u0259 ke\u00e7irm\u0259yi n\u0259z\u0259rd\u0259 tutmu\u015fduq. Ancaq ist\u0259yin \u00e7ox oldu\u011funu n\u0259z\u0259r\u0259 alaraq yarmarkan\u0131n vaxt\u0131n\u0131 uzatd\u0131q\u201d, &#8211; o qeyd edib. oxu.az<\/p>\n","protected":false},"author":2,"featured_media":26674,"comment_status":"closed","ping_status":"closed","sticky":false,"template":"","format":"standard","meta":{"om_disable_all_campaigns":false,"_monsterinsights_skip_tracking":false,"_monsterinsights_sitenote_active":false,"_monsterinsights_sitenote_note":"","_monsterinsights_sitenote_category":0},"categories":[19],"tags":[],"aioseo_notices":[],"gutentor_comment":0,"rttpg_featured_image_url":{"full":["https:\/\/arantv.az\/wp-content\/uploads\/2018\/12\/gence_bayram_yarmarka__170315_02.jpg",620,413,false],"landscape":["https:\/\/arantv.az\/wp-content\/uploads\/2018\/12\/gence_bayram_yarmarka__170315_02.jpg",620,413,false],"portraits":["https:\/\/arantv.az\/wp-content\/uploads\/2018\/12\/gence_bayram_yarmarka__170315_02.jpg",620,413,false],"thumbnail":["https:\/\/arantv.az\/wp-content\/uploads\/2018\/12\/gence_bayram_yarmarka__170315_02-150x150.jpg",150,150,true],"medium":["https:\/\/arantv.az\/wp-content\/uploads\/2018\/12\/gence_bayram_yarmarka__170315_02-300x200.jpg",300,200,true],"large":["https:\/\/arantv.az\/wp-content\/uploads\/2018\/12\/gence_bayram_yarmarka__170315_02.jpg",620,413,false],"1536x1536":["https:\/\/arantv.az\/wp-content\/uploads\/2018\/12\/gence_bayram_yarmarka__170315_02.jpg",620,413,false],"2048x2048":["https:\/\/arantv.az\/wp-content\/uploads\/2018\/12\/gence_bayram_yarmarka__170315_02.jpg",620,413,false],"post-thumbnail":["https:\/\/arantv.az\/wp-content\/uploads\/2018\/12\/gence_bayram_yarmarka__170315_02-240x172.jpg",240,172,true],"advps-thumb-one":["https:\/\/arantv.az\/wp-content\/uploads\/2018\/12\/gence_bayram_yarmarka__170315_02.jpg",620,413,false]},"rttpg_author":{"display_name":"V\u00fcsal Rafiqo\u011flu","author_link":"https:\/\/arantv.az\/?author=2"},"rttpg_comment":0,"rttpg_category":"<a href=\"https:\/\/arantv.az\/?cat=19\" rel=\"category\">G\u00fcnd\u0259m<\/a>","rttpg_excerpt":"K\u0259nd T\u0259s\u0259rr\u00fcfat\u0131 Nazirliyi yan\u0131nda \u201cD\u00f6vl\u0259t Aqrar Ticar\u0259t \u015eirk\u0259ti\u201d\u00a0MMC-nin t\u0259\u015fkil ed\u0259c\u0259yi bayram yarmarkas\u0131n\u0131n tarixi a\u00e7\u0131qlan\u0131b. ARANTV.AZ\u00a0x\u0259b\u0259r verir ki, \u201cD\u00f6vl\u0259t Aqrar Ticar\u0259t \u015eirk\u0259ti\u201d\u00a0MMC-nin m\u0259tbuat xidm\u0259tinin r\u0259hb\u0259ri\u00a0Mayis Musayevin s\u00f6zl\u0259rin\u0259 g\u00f6r\u0259, yarmarka dekabr\u0131n 21-30-da, Bak\u0131 \u015f\u0259h\u0259ri, N\u0259simi rayonu, Nizami k\u00fc\u00e7\u0259si, 154 \u00fcnvan\u0131nda ke\u00e7iril\u0259c\u0259k. \u201cYarmarkan\u0131 be\u015f\u00a0g\u00fcn m\u00fcdd\u0259tind\u0259 ke\u00e7irm\u0259yi n\u0259z\u0259rd\u0259 tutmu\u015fduq. Ancaq ist\u0259yin \u00e7ox oldu\u011funu n\u0259z\u0259r\u0259 alaraq yarmarkan\u0131n vaxt\u0131n\u0131 uzatd\u0131q\u201d, &#8211;&hellip;","_links":{"self":[{"href":"https:\/\/arantv.az\/index.php?rest_route=\/wp\/v2\/posts\/26673"}],"collection":[{"href":"https:\/\/arantv.az\/index.php?rest_route=\/wp\/v2\/posts"}],"about":[{"href":"https:\/\/arantv.az\/index.php?rest_route=\/wp\/v2\/types\/post"}],"author":[{"embeddable":true,"href":"https:\/\/arantv.az\/index.php?rest_route=\/wp\/v2\/users\/2"}],"replies":[{"embeddable":true,"href":"https:\/\/arantv.az\/index.php?rest_route=%2Fwp%2Fv2%2Fcomments&post=26673"}],"version-history":[{"count":0,"href":"https:\/\/arantv.az\/index.php?rest_route=\/wp\/v2\/posts\/26673\/revisions"}],"wp:featuredmedia":[{"embeddable":true,"href":"https:\/\/arantv.az\/index.php?rest_route=\/wp\/v2\/media\/26674"}],"wp:attachment":[{"href":"https:\/\/arantv.az\/index.php?rest_route=%2Fwp%2Fv2%2Fmedia&parent=26673"}],"wp:term":[{"taxonomy":"category","embeddable":true,"href":"https:\/\/arantv.az\/index.php?rest_route=%2Fwp%2Fv2%2Fcategories&post=26673"},{"taxonomy":"post_tag","embeddable":true,"href":"https:\/\/arantv.az\/index.php?rest_route=%2Fwp%2Fv2%2Ftags&post=26673"}],"curies":[{"name":"wp","href":"https:\/\/api.w.org\/{rel}","templated":true}]}}