{"id":26693,"date":"2018-12-08T08:33:49","date_gmt":"2018-12-08T05:33:49","guid":{"rendered":"http:\/\/arantv.az\/?p=26693"},"modified":"2018-12-08T08:33:49","modified_gmt":"2018-12-08T05:33:49","slug":"yevlaxda-yol-k%c9%99narinda-yarali-s%c9%99xs-askarlanib","status":"publish","type":"post","link":"https:\/\/arantv.az\/?p=26693","title":{"rendered":"Yevlaxda yol k\u0259nar\u0131nda yaral\u0131 \u015f\u0259xs a\u015fkarlan\u0131b"},"content":{"rendered":"<p>Yevlax rayonunda yol k\u0259nar\u0131nda yaral\u0131 \u015f\u0259xs a\u015fkar edilib.<\/p>\n<p><strong>ARANTV.AZ<\/strong> &#8220;Report&#8221;a istinad\u0259n bildirir ki,\u00a0Duzdaq-Aran q\u0259s\u0259b\u0259 yolunda a\u015fkar edil\u0259n 1959-cu il t\u0259v\u0259ll\u00fcdl\u00fc Nem\u0259tabad k\u0259nd sakini Malik Qurbanov x\u0259st\u0259xanaya yerl\u0259\u015fdirilib.<\/p>\n<p>M.Qurbanovun v\u0259ziyy\u0259tinin orta-a\u011f\u0131r oldu\u011fu bildirilir. Onun dediyin\u0259 g\u00f6r\u0259, tan\u0131\u015f\u0131n\u0131n toy m\u0259rasimind\u0259n \u00e7\u0131x\u0131b evin\u0259 qay\u0131dan zaman nam\u0259lum avtomobil onu vuraraq hadis\u0259 yerind\u0259n qa\u00e7\u0131b.<\/p>\n<p>Piyadan\u0131n hadis\u0259 zaman\u0131 s\u0259rxo\u015f halda oldu\u011fu bildirilir.<\/p>\n<p>Faktla ba\u011fl\u0131 ara\u015fd\u0131rma apar\u0131l\u0131r.<\/p>\n<p>Bundan \u0259vv\u0259l B\u0259rd\u0259d\u0259 33 ya\u015fl\u0131 piyadan\u0131 avtomobil vurub.<\/p>\n","protected":false},"excerpt":{"rendered":"<p>Yevlax rayonunda yol k\u0259nar\u0131nda yaral\u0131 \u015f\u0259xs a\u015fkar edilib. ARANTV.AZ &#8220;Report&#8221;a istinad\u0259n bildirir ki,\u00a0Duzdaq-Aran q\u0259s\u0259b\u0259 yolunda a\u015fkar edil\u0259n 1959-cu il t\u0259v\u0259ll\u00fcdl\u00fc Nem\u0259tabad k\u0259nd sakini Malik Qurbanov x\u0259st\u0259xanaya yerl\u0259\u015fdirilib. M.Qurbanovun v\u0259ziyy\u0259tinin orta-a\u011f\u0131r oldu\u011fu bildirilir. Onun dediyin\u0259 g\u00f6r\u0259, tan\u0131\u015f\u0131n\u0131n toy m\u0259rasimind\u0259n \u00e7\u0131x\u0131b evin\u0259 qay\u0131dan zaman nam\u0259lum avtomobil onu vuraraq hadis\u0259 yerind\u0259n qa\u00e7\u0131b. Piyadan\u0131n hadis\u0259 zaman\u0131 s\u0259rxo\u015f halda oldu\u011fu bildirilir. Faktla ba\u011fl\u0131 ara\u015fd\u0131rma apar\u0131l\u0131r. Bundan \u0259vv\u0259l B\u0259rd\u0259d\u0259 33 ya\u015fl\u0131 piyadan\u0131 avtomobil vurub.<\/p>\n","protected":false},"author":2,"featured_media":26694,"comment_status":"closed","ping_status":"closed","sticky":false,"template":"","format":"standard","meta":{"om_disable_all_campaigns":false,"_monsterinsights_skip_tracking":false,"_monsterinsights_sitenote_active":false,"_monsterinsights_sitenote_note":"","_monsterinsights_sitenote_category":0},"categories":[5],"tags":[],"aioseo_notices":[],"gutentor_comment":0,"rttpg_featured_image_url":{"full":["https:\/\/arantv.az\/wp-content\/uploads\/2018\/12\/yol_1.jpg",800,600,false],"landscape":["https:\/\/arantv.az\/wp-content\/uploads\/2018\/12\/yol_1.jpg",800,600,false],"portraits":["https:\/\/arantv.az\/wp-content\/uploads\/2018\/12\/yol_1.jpg",800,600,false],"thumbnail":["https:\/\/arantv.az\/wp-content\/uploads\/2018\/12\/yol_1-150x150.jpg",150,150,true],"medium":["https:\/\/arantv.az\/wp-content\/uploads\/2018\/12\/yol_1-300x225.jpg",300,225,true],"large":["https:\/\/arantv.az\/wp-content\/uploads\/2018\/12\/yol_1.jpg",640,480,false],"1536x1536":["https:\/\/arantv.az\/wp-content\/uploads\/2018\/12\/yol_1.jpg",800,600,false],"2048x2048":["https:\/\/arantv.az\/wp-content\/uploads\/2018\/12\/yol_1.jpg",800,600,false],"post-thumbnail":["https:\/\/arantv.az\/wp-content\/uploads\/2018\/12\/yol_1-240x172.jpg",240,172,true],"advps-thumb-one":["https:\/\/arantv.az\/wp-content\/uploads\/2018\/12\/yol_1.jpg",800,600,false]},"rttpg_author":{"display_name":"V\u00fcsal Rafiqo\u011flu","author_link":"https:\/\/arantv.az\/?author=2"},"rttpg_comment":0,"rttpg_category":"<a href=\"https:\/\/arantv.az\/?cat=5\" rel=\"category\">Hadis\u0259<\/a>","rttpg_excerpt":"Yevlax rayonunda yol k\u0259nar\u0131nda yaral\u0131 \u015f\u0259xs a\u015fkar edilib. ARANTV.AZ &#8220;Report&#8221;a istinad\u0259n bildirir ki,\u00a0Duzdaq-Aran q\u0259s\u0259b\u0259 yolunda a\u015fkar edil\u0259n 1959-cu il t\u0259v\u0259ll\u00fcdl\u00fc Nem\u0259tabad k\u0259nd sakini Malik Qurbanov x\u0259st\u0259xanaya yerl\u0259\u015fdirilib. M.Qurbanovun v\u0259ziyy\u0259tinin orta-a\u011f\u0131r oldu\u011fu bildirilir. Onun dediyin\u0259 g\u00f6r\u0259, tan\u0131\u015f\u0131n\u0131n toy m\u0259rasimind\u0259n \u00e7\u0131x\u0131b evin\u0259 qay\u0131dan zaman nam\u0259lum avtomobil onu vuraraq hadis\u0259 yerind\u0259n qa\u00e7\u0131b. Piyadan\u0131n hadis\u0259 zaman\u0131 s\u0259rxo\u015f halda oldu\u011fu&hellip;","_links":{"self":[{"href":"https:\/\/arantv.az\/index.php?rest_route=\/wp\/v2\/posts\/26693"}],"collection":[{"href":"https:\/\/arantv.az\/index.php?rest_route=\/wp\/v2\/posts"}],"about":[{"href":"https:\/\/arantv.az\/index.php?rest_route=\/wp\/v2\/types\/post"}],"author":[{"embeddable":true,"href":"https:\/\/arantv.az\/index.php?rest_route=\/wp\/v2\/users\/2"}],"replies":[{"embeddable":true,"href":"https:\/\/arantv.az\/index.php?rest_route=%2Fwp%2Fv2%2Fcomments&post=26693"}],"version-history":[{"count":0,"href":"https:\/\/arantv.az\/index.php?rest_route=\/wp\/v2\/posts\/26693\/revisions"}],"wp:featuredmedia":[{"embeddable":true,"href":"https:\/\/arantv.az\/index.php?rest_route=\/wp\/v2\/media\/26694"}],"wp:attachment":[{"href":"https:\/\/arantv.az\/index.php?rest_route=%2Fwp%2Fv2%2Fmedia&parent=26693"}],"wp:term":[{"taxonomy":"category","embeddable":true,"href":"https:\/\/arantv.az\/index.php?rest_route=%2Fwp%2Fv2%2Fcategories&post=26693"},{"taxonomy":"post_tag","embeddable":true,"href":"https:\/\/arantv.az\/index.php?rest_route=%2Fwp%2Fv2%2Ftags&post=26693"}],"curies":[{"name":"wp","href":"https:\/\/api.w.org\/{rel}","templated":true}]}}