{"id":26705,"date":"2018-12-08T08:43:41","date_gmt":"2018-12-08T05:43:41","guid":{"rendered":"http:\/\/arantv.az\/?p=26705"},"modified":"2018-12-08T08:43:41","modified_gmt":"2018-12-08T05:43:41","slug":"sambocumuz-dunya-cempionatinda-medal-qazandi","status":"publish","type":"post","link":"https:\/\/arantv.az\/?p=26705","title":{"rendered":"Sambo\u00e7umuz d\u00fcnya \u00e7empionat\u0131nda medal qazand\u0131"},"content":{"rendered":"<div class=\"spot\">Serbiyan\u0131n Novi Sad \u015f\u0259h\u0259rind\u0259 sambo \u00fczr\u0259 t\u0259l\u0259b\u0259l\u0259r aras\u0131nda ke\u00e7iril\u0259n d\u00fcnya \u00e7empionat\u0131nda idman\u00e7\u0131m\u0131z \u00fc\u00e7\u00fcnc\u00fc yeri tutub.<\/div>\n<p><strong>ARANTV.AZ\u00a0<\/strong> x\u0259b\u0259r verir ki, sambo\u00e7umuz Abdulla Abdullayev 74 kiloqram \u00e7\u0259ki d\u0259r\u0259c\u0259sind\u0259 b\u00fcr\u00fcnc medala layiq g\u00f6r\u00fcl\u00fcb.<\/p>\n<p>Qeyd ed\u0259k ki, dekabr\u0131n 6-da start g\u00f6t\u00fcr\u0259n d\u00fcnya \u00e7empionat\u0131na \u00f6lk\u0259miz bir idman\u00e7\u0131 il\u0259 qat\u0131l\u0131b.<\/p>\n<p>\u00f6lk\u0259.az<\/p>\n","protected":false},"excerpt":{"rendered":"<p>Serbiyan\u0131n Novi Sad \u015f\u0259h\u0259rind\u0259 sambo \u00fczr\u0259 t\u0259l\u0259b\u0259l\u0259r aras\u0131nda ke\u00e7iril\u0259n d\u00fcnya \u00e7empionat\u0131nda idman\u00e7\u0131m\u0131z \u00fc\u00e7\u00fcnc\u00fc yeri tutub. ARANTV.AZ\u00a0 x\u0259b\u0259r verir ki, sambo\u00e7umuz Abdulla Abdullayev 74 kiloqram \u00e7\u0259ki d\u0259r\u0259c\u0259sind\u0259 b\u00fcr\u00fcnc medala layiq g\u00f6r\u00fcl\u00fcb. Qeyd ed\u0259k ki, dekabr\u0131n 6-da start g\u00f6t\u00fcr\u0259n d\u00fcnya \u00e7empionat\u0131na \u00f6lk\u0259miz bir idman\u00e7\u0131 il\u0259 qat\u0131l\u0131b. \u00f6lk\u0259.az<\/p>\n","protected":false},"author":2,"featured_media":26706,"comment_status":"closed","ping_status":"closed","sticky":false,"template":"","format":"standard","meta":{"om_disable_all_campaigns":false,"_monsterinsights_skip_tracking":false,"_monsterinsights_sitenote_active":false,"_monsterinsights_sitenote_note":"","_monsterinsights_sitenote_category":0},"categories":[6],"tags":[],"aioseo_notices":[],"gutentor_comment":0,"rttpg_featured_image_url":{"full":["https:\/\/arantv.az\/wp-content\/uploads\/2018\/12\/sam.jpg",620,375,false],"landscape":["https:\/\/arantv.az\/wp-content\/uploads\/2018\/12\/sam.jpg",620,375,false],"portraits":["https:\/\/arantv.az\/wp-content\/uploads\/2018\/12\/sam.jpg",620,375,false],"thumbnail":["https:\/\/arantv.az\/wp-content\/uploads\/2018\/12\/sam-150x150.jpg",150,150,true],"medium":["https:\/\/arantv.az\/wp-content\/uploads\/2018\/12\/sam-300x181.jpg",300,181,true],"large":["https:\/\/arantv.az\/wp-content\/uploads\/2018\/12\/sam.jpg",620,375,false],"1536x1536":["https:\/\/arantv.az\/wp-content\/uploads\/2018\/12\/sam.jpg",620,375,false],"2048x2048":["https:\/\/arantv.az\/wp-content\/uploads\/2018\/12\/sam.jpg",620,375,false],"post-thumbnail":["https:\/\/arantv.az\/wp-content\/uploads\/2018\/12\/sam-240x172.jpg",240,172,true],"advps-thumb-one":["https:\/\/arantv.az\/wp-content\/uploads\/2018\/12\/sam.jpg",620,375,false]},"rttpg_author":{"display_name":"V\u00fcsal Rafiqo\u011flu","author_link":"https:\/\/arantv.az\/?author=2"},"rttpg_comment":0,"rttpg_category":"<a href=\"https:\/\/arantv.az\/?cat=6\" rel=\"category\">\u0130dman<\/a>","rttpg_excerpt":"Serbiyan\u0131n Novi Sad \u015f\u0259h\u0259rind\u0259 sambo \u00fczr\u0259 t\u0259l\u0259b\u0259l\u0259r aras\u0131nda ke\u00e7iril\u0259n d\u00fcnya \u00e7empionat\u0131nda idman\u00e7\u0131m\u0131z \u00fc\u00e7\u00fcnc\u00fc yeri tutub. ARANTV.AZ\u00a0 x\u0259b\u0259r verir ki, sambo\u00e7umuz Abdulla Abdullayev 74 kiloqram \u00e7\u0259ki d\u0259r\u0259c\u0259sind\u0259 b\u00fcr\u00fcnc medala layiq g\u00f6r\u00fcl\u00fcb. Qeyd ed\u0259k ki, dekabr\u0131n 6-da start g\u00f6t\u00fcr\u0259n d\u00fcnya \u00e7empionat\u0131na \u00f6lk\u0259miz bir idman\u00e7\u0131 il\u0259 qat\u0131l\u0131b. \u00f6lk\u0259.az","_links":{"self":[{"href":"https:\/\/arantv.az\/index.php?rest_route=\/wp\/v2\/posts\/26705"}],"collection":[{"href":"https:\/\/arantv.az\/index.php?rest_route=\/wp\/v2\/posts"}],"about":[{"href":"https:\/\/arantv.az\/index.php?rest_route=\/wp\/v2\/types\/post"}],"author":[{"embeddable":true,"href":"https:\/\/arantv.az\/index.php?rest_route=\/wp\/v2\/users\/2"}],"replies":[{"embeddable":true,"href":"https:\/\/arantv.az\/index.php?rest_route=%2Fwp%2Fv2%2Fcomments&post=26705"}],"version-history":[{"count":0,"href":"https:\/\/arantv.az\/index.php?rest_route=\/wp\/v2\/posts\/26705\/revisions"}],"wp:featuredmedia":[{"embeddable":true,"href":"https:\/\/arantv.az\/index.php?rest_route=\/wp\/v2\/media\/26706"}],"wp:attachment":[{"href":"https:\/\/arantv.az\/index.php?rest_route=%2Fwp%2Fv2%2Fmedia&parent=26705"}],"wp:term":[{"taxonomy":"category","embeddable":true,"href":"https:\/\/arantv.az\/index.php?rest_route=%2Fwp%2Fv2%2Fcategories&post=26705"},{"taxonomy":"post_tag","embeddable":true,"href":"https:\/\/arantv.az\/index.php?rest_route=%2Fwp%2Fv2%2Ftags&post=26705"}],"curies":[{"name":"wp","href":"https:\/\/api.w.org\/{rel}","templated":true}]}}