{"id":26708,"date":"2018-12-08T08:45:12","date_gmt":"2018-12-08T05:45:12","guid":{"rendered":"http:\/\/arantv.az\/?p=26708"},"modified":"2018-12-08T08:45:12","modified_gmt":"2018-12-08T05:45:12","slug":"sumqayitda-qonsu-qadinlar-arasinda-bicaqlasma-yaralanan-var-foto","status":"publish","type":"post","link":"https:\/\/arantv.az\/?p=26708","title":{"rendered":"Sumqay\u0131tda qon\u015fu qad\u0131nlar aras\u0131nda b\u0131\u00e7aqla\u015fma \u2014 Yaralanan var (FOTO)"},"content":{"rendered":"<div class=\"spot\">Sumqay\u0131t \u015f\u0259h\u0259rind\u0259 b\u0131\u00e7aqlanma hadis\u0259si ba\u015f verib.<\/div>\n<p><strong>ARANTV.AZ<\/strong>-\u0131n Report-a istinad\u0259n verdiyi\u00a0 m\u0259lumat\u0131na g\u00f6r\u0259, hadis\u0259 \u015f\u0259h\u0259rin 12 sayl\u0131 yataqxanas\u0131nda ba\u015f verib.<\/p>\n<p>Sumqay\u0131t \u015f\u0259h\u0259r sakini, 1980-ci il t\u0259v\u0259ll\u00fcdl\u00fc S\u0259f\u0259rova Yegan\u0259 Qulu q\u0131z\u0131 ya\u015fad\u0131\u011f\u0131 12 sayl\u0131 yataqxanada qap\u0131 qon\u015fusu olan qad\u0131n t\u0259r\u0259find\u0259n \u0259vv\u0259lc\u0259 d\u00f6y\u00fcl\u00fcb, daha sonra is\u0259 \u0259lind\u0259n b\u0131\u00e7aqlan\u0131b. Obyektl\u0259rin birind\u0259 s\u00fcp\u00fcrg\u0259\u00e7i i\u015fl\u0259y\u0259n z\u0259r\u0259r\u00e7\u0259kmi\u015f bildirib ki, hadis\u0259y\u0259 qon\u015fusunun ondan xo\u015fu g\u0259lm\u0259m\u0259si s\u0259b\u0259b olub.<\/p>\n<p>Yaral\u0131 d\u0259rlah x\u0259st\u0259xaya \u00e7atd\u0131r\u0131l\u0131b.<\/p>\n<p>Faktla ba\u011fl\u0131 ara\u015fd\u0131rma apar\u0131l\u0131r.<\/p>\n<p>&nbsp;<\/p>\n<div class=\"carousel initialized\" data-namespace=\"DIVcarousel0\"><a class=\"carousel-item active\" href=\"http:\/\/olke.az\/news\/detail\/sumqayitda-qonsu-qadinlar-arasinda-bicaqlasma-yaralanan-var-foto-143824#!\"><img src=\"http:\/\/olke.az\/uploads\/1544245233\/12515138-be11-40f4-8b06-8824a3045d7a.jpg\" alt=\"\" width=\"100%\" data-desc=\"\" data-author=\"olke.az\" \/><\/a><a class=\"carousel-item\" href=\"http:\/\/olke.az\/news\/detail\/sumqayitda-qonsu-qadinlar-arasinda-bicaqlasma-yaralanan-var-foto-143824#!\"><img src=\"http:\/\/olke.az\/uploads\/1544245233\/adb64d22-e0fe-4c2f-b1d2-e7ee8bb1d30a.jpg\" alt=\"\" width=\"100%\" data-desc=\"\" data-author=\"olke.az\" \/><\/a><a class=\"carousel-item\" href=\"http:\/\/olke.az\/news\/detail\/sumqayitda-qonsu-qadinlar-arasinda-bicaqlasma-yaralanan-var-foto-143824#!\"><img src=\"http:\/\/olke.az\/uploads\/1544245233\/c9478c9e-f843-4150-9d9a-f7d7e07df3f7.jpg\" alt=\"\" width=\"100%\" data-desc=\"\" data-author=\"olke.az\" \/><\/a><\/div>\n","protected":false},"excerpt":{"rendered":"<p>Sumqay\u0131t \u015f\u0259h\u0259rind\u0259 b\u0131\u00e7aqlanma hadis\u0259si ba\u015f verib. ARANTV.AZ-\u0131n Report-a istinad\u0259n verdiyi\u00a0 m\u0259lumat\u0131na g\u00f6r\u0259, hadis\u0259 \u015f\u0259h\u0259rin 12 sayl\u0131 yataqxanas\u0131nda ba\u015f verib. Sumqay\u0131t \u015f\u0259h\u0259r sakini, 1980-ci il t\u0259v\u0259ll\u00fcdl\u00fc S\u0259f\u0259rova Yegan\u0259 Qulu q\u0131z\u0131 ya\u015fad\u0131\u011f\u0131 12 sayl\u0131 yataqxanada qap\u0131 qon\u015fusu olan qad\u0131n t\u0259r\u0259find\u0259n \u0259vv\u0259lc\u0259 d\u00f6y\u00fcl\u00fcb, daha sonra is\u0259 \u0259lind\u0259n b\u0131\u00e7aqlan\u0131b. Obyektl\u0259rin birind\u0259 s\u00fcp\u00fcrg\u0259\u00e7i i\u015fl\u0259y\u0259n z\u0259r\u0259r\u00e7\u0259kmi\u015f bildirib ki, hadis\u0259y\u0259 qon\u015fusunun ondan xo\u015fu g\u0259lm\u0259m\u0259si s\u0259b\u0259b olub. Yaral\u0131 d\u0259rlah x\u0259st\u0259xaya \u00e7atd\u0131r\u0131l\u0131b. Faktla ba\u011fl\u0131 ara\u015fd\u0131rma apar\u0131l\u0131r. &nbsp;<\/p>\n","protected":false},"author":2,"featured_media":26709,"comment_status":"closed","ping_status":"closed","sticky":false,"template":"","format":"standard","meta":{"om_disable_all_campaigns":false,"_monsterinsights_skip_tracking":false,"_monsterinsights_sitenote_active":false,"_monsterinsights_sitenote_note":"","_monsterinsights_sitenote_category":0},"categories":[3],"tags":[],"aioseo_notices":[],"gutentor_comment":0,"rttpg_featured_image_url":{"full":["https:\/\/arantv.az\/wp-content\/uploads\/2018\/12\/bicaqqetl.jpg",620,375,false],"landscape":["https:\/\/arantv.az\/wp-content\/uploads\/2018\/12\/bicaqqetl.jpg",620,375,false],"portraits":["https:\/\/arantv.az\/wp-content\/uploads\/2018\/12\/bicaqqetl.jpg",620,375,false],"thumbnail":["https:\/\/arantv.az\/wp-content\/uploads\/2018\/12\/bicaqqetl-150x150.jpg",150,150,true],"medium":["https:\/\/arantv.az\/wp-content\/uploads\/2018\/12\/bicaqqetl-300x181.jpg",300,181,true],"large":["https:\/\/arantv.az\/wp-content\/uploads\/2018\/12\/bicaqqetl.jpg",620,375,false],"1536x1536":["https:\/\/arantv.az\/wp-content\/uploads\/2018\/12\/bicaqqetl.jpg",620,375,false],"2048x2048":["https:\/\/arantv.az\/wp-content\/uploads\/2018\/12\/bicaqqetl.jpg",620,375,false],"post-thumbnail":["https:\/\/arantv.az\/wp-content\/uploads\/2018\/12\/bicaqqetl-240x172.jpg",240,172,true],"advps-thumb-one":["https:\/\/arantv.az\/wp-content\/uploads\/2018\/12\/bicaqqetl.jpg",620,375,false]},"rttpg_author":{"display_name":"V\u00fcsal Rafiqo\u011flu","author_link":"https:\/\/arantv.az\/?author=2"},"rttpg_comment":0,"rttpg_category":"<a href=\"https:\/\/arantv.az\/?cat=3\" rel=\"category\">Kriminal<\/a>","rttpg_excerpt":"Sumqay\u0131t \u015f\u0259h\u0259rind\u0259 b\u0131\u00e7aqlanma hadis\u0259si ba\u015f verib. ARANTV.AZ-\u0131n Report-a istinad\u0259n verdiyi\u00a0 m\u0259lumat\u0131na g\u00f6r\u0259, hadis\u0259 \u015f\u0259h\u0259rin 12 sayl\u0131 yataqxanas\u0131nda ba\u015f verib. Sumqay\u0131t \u015f\u0259h\u0259r sakini, 1980-ci il t\u0259v\u0259ll\u00fcdl\u00fc S\u0259f\u0259rova Yegan\u0259 Qulu q\u0131z\u0131 ya\u015fad\u0131\u011f\u0131 12 sayl\u0131 yataqxanada qap\u0131 qon\u015fusu olan qad\u0131n t\u0259r\u0259find\u0259n \u0259vv\u0259lc\u0259 d\u00f6y\u00fcl\u00fcb, daha sonra is\u0259 \u0259lind\u0259n b\u0131\u00e7aqlan\u0131b. Obyektl\u0259rin birind\u0259 s\u00fcp\u00fcrg\u0259\u00e7i i\u015fl\u0259y\u0259n z\u0259r\u0259r\u00e7\u0259kmi\u015f bildirib ki, hadis\u0259y\u0259 qon\u015fusunun ondan&hellip;","_links":{"self":[{"href":"https:\/\/arantv.az\/index.php?rest_route=\/wp\/v2\/posts\/26708"}],"collection":[{"href":"https:\/\/arantv.az\/index.php?rest_route=\/wp\/v2\/posts"}],"about":[{"href":"https:\/\/arantv.az\/index.php?rest_route=\/wp\/v2\/types\/post"}],"author":[{"embeddable":true,"href":"https:\/\/arantv.az\/index.php?rest_route=\/wp\/v2\/users\/2"}],"replies":[{"embeddable":true,"href":"https:\/\/arantv.az\/index.php?rest_route=%2Fwp%2Fv2%2Fcomments&post=26708"}],"version-history":[{"count":0,"href":"https:\/\/arantv.az\/index.php?rest_route=\/wp\/v2\/posts\/26708\/revisions"}],"wp:featuredmedia":[{"embeddable":true,"href":"https:\/\/arantv.az\/index.php?rest_route=\/wp\/v2\/media\/26709"}],"wp:attachment":[{"href":"https:\/\/arantv.az\/index.php?rest_route=%2Fwp%2Fv2%2Fmedia&parent=26708"}],"wp:term":[{"taxonomy":"category","embeddable":true,"href":"https:\/\/arantv.az\/index.php?rest_route=%2Fwp%2Fv2%2Fcategories&post=26708"},{"taxonomy":"post_tag","embeddable":true,"href":"https:\/\/arantv.az\/index.php?rest_route=%2Fwp%2Fv2%2Ftags&post=26708"}],"curies":[{"name":"wp","href":"https:\/\/api.w.org\/{rel}","templated":true}]}}