{"id":26740,"date":"2018-12-08T09:43:24","date_gmt":"2018-12-08T06:43:24","guid":{"rendered":"http:\/\/arantv.az\/?p=26740"},"modified":"2018-12-08T09:43:24","modified_gmt":"2018-12-08T06:43:24","slug":"g%c9%99nc%c9%99d%c9%99-40-yasli-kisi-itkin-dusub","status":"publish","type":"post","link":"https:\/\/arantv.az\/?p=26740","title":{"rendered":"G\u0259nc\u0259d\u0259 40 ya\u015fl\u0131 ki\u015fi itkin d\u00fc\u015f\u00fcb"},"content":{"rendered":"<p>G\u0259nc\u0259 \u015f\u0259h\u0259rind\u0259 h\u0259rbi mehmanxanada ya\u015fayan \u015f\u0259xs itkin d\u00fc\u015f\u00fcb.<\/p>\n<div id=\"AdributorNativeVideo0\" class=\"AdributorNativeVideo\"><\/div>\n<p><b>ARANTV.AZ\u00a0<\/b>\u00a0qafqazinfo-ya istinad\u0259n x\u0259b\u0259r verir ki, H\u0259rbi \u015e\u0259h\u0259rcik 38 \u00fcnvan\u0131nda ya\u015fayan 1978-ci il t\u0259v\u0259ll\u00fcdl\u00fc \u015eirin Muxtarov polis\u0259 m\u00fcraci\u0259t ed\u0259r\u0259k bu bar\u0259d\u0259 m\u0259lumat verib. O bildirib ki, qon\u015fu m\u0259nzild\u0259 ya\u015fayan \u00f6z\u00fcnd\u0259n 2 ya\u015f b\u00f6y\u00fck qarda\u015f\u0131 Tahir Muxtarov dekabr\u0131n 7-d\u0259 evd\u0259n \u00e7\u0131x\u0131b gedib v\u0259 geri qay\u0131tmay\u0131b.<\/p>\n<p>\u0130tkin d\u00fc\u015f\u0259n T.Muxtarov 171 sm boyunda, orta k\u00f6k b\u0259d\u0259n qurulu\u015funa malik \u015f\u0259xsdir. Evd\u0259n \u00e7\u0131xark\u0259n onun \u0259ynind\u0259 cins \u015falvar v\u0259 qara r\u0259ngli q\u0131\u015f g\u00f6d\u0259k\u00e7\u0259si olub.<\/p>\n<p>Faktla ba\u011fl\u0131 ara\u015fd\u0131rma apar\u0131l\u0131r.<\/p>\n","protected":false},"excerpt":{"rendered":"<p>G\u0259nc\u0259 \u015f\u0259h\u0259rind\u0259 h\u0259rbi mehmanxanada ya\u015fayan \u015f\u0259xs itkin d\u00fc\u015f\u00fcb. ARANTV.AZ\u00a0\u00a0qafqazinfo-ya istinad\u0259n x\u0259b\u0259r verir ki, H\u0259rbi \u015e\u0259h\u0259rcik 38 \u00fcnvan\u0131nda ya\u015fayan 1978-ci il t\u0259v\u0259ll\u00fcdl\u00fc \u015eirin Muxtarov polis\u0259 m\u00fcraci\u0259t ed\u0259r\u0259k bu bar\u0259d\u0259 m\u0259lumat verib. O bildirib ki, qon\u015fu m\u0259nzild\u0259 ya\u015fayan \u00f6z\u00fcnd\u0259n 2 ya\u015f b\u00f6y\u00fck qarda\u015f\u0131 Tahir Muxtarov dekabr\u0131n 7-d\u0259 evd\u0259n \u00e7\u0131x\u0131b gedib v\u0259 geri qay\u0131tmay\u0131b. \u0130tkin d\u00fc\u015f\u0259n T.Muxtarov 171 sm boyunda, orta k\u00f6k b\u0259d\u0259n qurulu\u015funa malik \u015f\u0259xsdir. Evd\u0259n \u00e7\u0131xark\u0259n onun \u0259ynind\u0259 cins \u015falvar v\u0259 qara r\u0259ngli q\u0131\u015f g\u00f6d\u0259k\u00e7\u0259si olub. Faktla ba\u011fl\u0131 ara\u015fd\u0131rma apar\u0131l\u0131r.<\/p>\n","protected":false},"author":2,"featured_media":26741,"comment_status":"closed","ping_status":"closed","sticky":false,"template":"","format":"standard","meta":{"om_disable_all_campaigns":false,"_monsterinsights_skip_tracking":false,"_monsterinsights_sitenote_active":false,"_monsterinsights_sitenote_note":"","_monsterinsights_sitenote_category":0},"categories":[5],"tags":[],"aioseo_notices":[],"gutentor_comment":0,"rttpg_featured_image_url":{"full":["https:\/\/arantv.az\/wp-content\/uploads\/2018\/12\/itkin_oglan_41544250371.jpg",482,361,false],"landscape":["https:\/\/arantv.az\/wp-content\/uploads\/2018\/12\/itkin_oglan_41544250371.jpg",482,361,false],"portraits":["https:\/\/arantv.az\/wp-content\/uploads\/2018\/12\/itkin_oglan_41544250371.jpg",482,361,false],"thumbnail":["https:\/\/arantv.az\/wp-content\/uploads\/2018\/12\/itkin_oglan_41544250371-150x150.jpg",150,150,true],"medium":["https:\/\/arantv.az\/wp-content\/uploads\/2018\/12\/itkin_oglan_41544250371-300x225.jpg",300,225,true],"large":["https:\/\/arantv.az\/wp-content\/uploads\/2018\/12\/itkin_oglan_41544250371.jpg",482,361,false],"1536x1536":["https:\/\/arantv.az\/wp-content\/uploads\/2018\/12\/itkin_oglan_41544250371.jpg",482,361,false],"2048x2048":["https:\/\/arantv.az\/wp-content\/uploads\/2018\/12\/itkin_oglan_41544250371.jpg",482,361,false],"post-thumbnail":["https:\/\/arantv.az\/wp-content\/uploads\/2018\/12\/itkin_oglan_41544250371-240x172.jpg",240,172,true],"advps-thumb-one":["https:\/\/arantv.az\/wp-content\/uploads\/2018\/12\/itkin_oglan_41544250371.jpg",482,361,false]},"rttpg_author":{"display_name":"V\u00fcsal Rafiqo\u011flu","author_link":"https:\/\/arantv.az\/?author=2"},"rttpg_comment":0,"rttpg_category":"<a href=\"https:\/\/arantv.az\/?cat=5\" rel=\"category\">Hadis\u0259<\/a>","rttpg_excerpt":"G\u0259nc\u0259 \u015f\u0259h\u0259rind\u0259 h\u0259rbi mehmanxanada ya\u015fayan \u015f\u0259xs itkin d\u00fc\u015f\u00fcb. ARANTV.AZ\u00a0\u00a0qafqazinfo-ya istinad\u0259n x\u0259b\u0259r verir ki, H\u0259rbi \u015e\u0259h\u0259rcik 38 \u00fcnvan\u0131nda ya\u015fayan 1978-ci il t\u0259v\u0259ll\u00fcdl\u00fc \u015eirin Muxtarov polis\u0259 m\u00fcraci\u0259t ed\u0259r\u0259k bu bar\u0259d\u0259 m\u0259lumat verib. O bildirib ki, qon\u015fu m\u0259nzild\u0259 ya\u015fayan \u00f6z\u00fcnd\u0259n 2 ya\u015f b\u00f6y\u00fck qarda\u015f\u0131 Tahir Muxtarov dekabr\u0131n 7-d\u0259 evd\u0259n \u00e7\u0131x\u0131b gedib v\u0259 geri qay\u0131tmay\u0131b. \u0130tkin d\u00fc\u015f\u0259n T.Muxtarov 171&hellip;","_links":{"self":[{"href":"https:\/\/arantv.az\/index.php?rest_route=\/wp\/v2\/posts\/26740"}],"collection":[{"href":"https:\/\/arantv.az\/index.php?rest_route=\/wp\/v2\/posts"}],"about":[{"href":"https:\/\/arantv.az\/index.php?rest_route=\/wp\/v2\/types\/post"}],"author":[{"embeddable":true,"href":"https:\/\/arantv.az\/index.php?rest_route=\/wp\/v2\/users\/2"}],"replies":[{"embeddable":true,"href":"https:\/\/arantv.az\/index.php?rest_route=%2Fwp%2Fv2%2Fcomments&post=26740"}],"version-history":[{"count":0,"href":"https:\/\/arantv.az\/index.php?rest_route=\/wp\/v2\/posts\/26740\/revisions"}],"wp:featuredmedia":[{"embeddable":true,"href":"https:\/\/arantv.az\/index.php?rest_route=\/wp\/v2\/media\/26741"}],"wp:attachment":[{"href":"https:\/\/arantv.az\/index.php?rest_route=%2Fwp%2Fv2%2Fmedia&parent=26740"}],"wp:term":[{"taxonomy":"category","embeddable":true,"href":"https:\/\/arantv.az\/index.php?rest_route=%2Fwp%2Fv2%2Fcategories&post=26740"},{"taxonomy":"post_tag","embeddable":true,"href":"https:\/\/arantv.az\/index.php?rest_route=%2Fwp%2Fv2%2Ftags&post=26740"}],"curies":[{"name":"wp","href":"https:\/\/api.w.org\/{rel}","templated":true}]}}