{"id":26743,"date":"2018-12-08T10:21:28","date_gmt":"2018-12-08T07:21:28","guid":{"rendered":"http:\/\/arantv.az\/?p=26743"},"modified":"2018-12-08T10:21:28","modified_gmt":"2018-12-08T07:21:28","slug":"qurban-qurbanov-istefaya-gond%c9%99rilir","status":"publish","type":"post","link":"https:\/\/arantv.az\/?p=26743","title":{"rendered":"Qurban Qurbanov istefaya g\u00f6nd\u0259rilir?"},"content":{"rendered":"<p>Bu g\u00fcn AFFA-n\u0131n inzibati binas\u0131nda qurumun \u0130craiyy\u0259 Komit\u0259sinin ilin yekunlar\u0131 il\u0259 ba\u011fl\u0131 iclas\u0131 ke\u00e7iril\u0259c\u0259k.<\/p>\n<p><strong>ARANTV.AZ\u00a0\u00a0<\/strong>x\u0259b\u0259r verir ki,\u00a0iclasda millimizin son bir ild\u0259ki f\u0259aliyy\u0259ti m\u00fczakir\u0259 olunacaq.<\/p>\n<div id=\"AdributorNativeVideo0\" class=\"AdributorNativeVideo\"><\/div>\n<p>\u0130clasda\u00a0millinin ba\u015f m\u0259\u015fq\u00e7isi\u00a0<strong>Qurban Qurbanov<\/strong>un istefaya g\u00f6nd\u0259ril\u0259c\u0259yi g\u00f6zl\u0259nilir. Yeni ba\u015f m\u0259\u015fq\u00e7inin ad\u0131na g\u0259l\u0259n ilin \u0259vv\u0259ll\u0259rind\u0259 ayd\u0131nl\u0131q g\u0259l\u0259c\u0259yi bildirilir.<\/p>\n<p>H\u0259m\u00e7inin 21 ya\u015fad\u0259k millimizin ba\u015f m\u0259\u015fq\u00e7isi R\u0259\u015fad Sad\u0131qovun da istefa ver\u0259c\u0259yi bar\u0259d\u0259 m\u0259lumat var.oxu.az<\/p>\n","protected":false},"excerpt":{"rendered":"<p>Bu g\u00fcn AFFA-n\u0131n inzibati binas\u0131nda qurumun \u0130craiyy\u0259 Komit\u0259sinin ilin yekunlar\u0131 il\u0259 ba\u011fl\u0131 iclas\u0131 ke\u00e7iril\u0259c\u0259k. ARANTV.AZ\u00a0\u00a0x\u0259b\u0259r verir ki,\u00a0iclasda millimizin son bir ild\u0259ki f\u0259aliyy\u0259ti m\u00fczakir\u0259 olunacaq. \u0130clasda\u00a0millinin ba\u015f m\u0259\u015fq\u00e7isi\u00a0Qurban Qurbanovun istefaya g\u00f6nd\u0259ril\u0259c\u0259yi g\u00f6zl\u0259nilir. Yeni ba\u015f m\u0259\u015fq\u00e7inin ad\u0131na g\u0259l\u0259n ilin \u0259vv\u0259ll\u0259rind\u0259 ayd\u0131nl\u0131q g\u0259l\u0259c\u0259yi bildirilir. H\u0259m\u00e7inin 21 ya\u015fad\u0259k millimizin ba\u015f m\u0259\u015fq\u00e7isi R\u0259\u015fad Sad\u0131qovun da istefa ver\u0259c\u0259yi bar\u0259d\u0259 m\u0259lumat var.oxu.az<\/p>\n","protected":false},"author":2,"featured_media":26744,"comment_status":"closed","ping_status":"closed","sticky":false,"template":"","format":"standard","meta":{"om_disable_all_campaigns":false,"_monsterinsights_skip_tracking":false,"_monsterinsights_sitenote_active":false,"_monsterinsights_sitenote_note":"","_monsterinsights_sitenote_category":0},"categories":[6],"tags":[],"aioseo_notices":[],"gutentor_comment":0,"rttpg_featured_image_url":{"full":["https:\/\/arantv.az\/wp-content\/uploads\/2018\/12\/qurban.jpg",620,413,false],"landscape":["https:\/\/arantv.az\/wp-content\/uploads\/2018\/12\/qurban.jpg",620,413,false],"portraits":["https:\/\/arantv.az\/wp-content\/uploads\/2018\/12\/qurban.jpg",620,413,false],"thumbnail":["https:\/\/arantv.az\/wp-content\/uploads\/2018\/12\/qurban-150x150.jpg",150,150,true],"medium":["https:\/\/arantv.az\/wp-content\/uploads\/2018\/12\/qurban-300x200.jpg",300,200,true],"large":["https:\/\/arantv.az\/wp-content\/uploads\/2018\/12\/qurban.jpg",620,413,false],"1536x1536":["https:\/\/arantv.az\/wp-content\/uploads\/2018\/12\/qurban.jpg",620,413,false],"2048x2048":["https:\/\/arantv.az\/wp-content\/uploads\/2018\/12\/qurban.jpg",620,413,false],"post-thumbnail":["https:\/\/arantv.az\/wp-content\/uploads\/2018\/12\/qurban-240x172.jpg",240,172,true],"advps-thumb-one":["https:\/\/arantv.az\/wp-content\/uploads\/2018\/12\/qurban.jpg",620,413,false]},"rttpg_author":{"display_name":"V\u00fcsal Rafiqo\u011flu","author_link":"https:\/\/arantv.az\/?author=2"},"rttpg_comment":0,"rttpg_category":"<a href=\"https:\/\/arantv.az\/?cat=6\" rel=\"category\">\u0130dman<\/a>","rttpg_excerpt":"Bu g\u00fcn AFFA-n\u0131n inzibati binas\u0131nda qurumun \u0130craiyy\u0259 Komit\u0259sinin ilin yekunlar\u0131 il\u0259 ba\u011fl\u0131 iclas\u0131 ke\u00e7iril\u0259c\u0259k. ARANTV.AZ\u00a0\u00a0x\u0259b\u0259r verir ki,\u00a0iclasda millimizin son bir ild\u0259ki f\u0259aliyy\u0259ti m\u00fczakir\u0259 olunacaq. \u0130clasda\u00a0millinin ba\u015f m\u0259\u015fq\u00e7isi\u00a0Qurban Qurbanovun istefaya g\u00f6nd\u0259ril\u0259c\u0259yi g\u00f6zl\u0259nilir. Yeni ba\u015f m\u0259\u015fq\u00e7inin ad\u0131na g\u0259l\u0259n ilin \u0259vv\u0259ll\u0259rind\u0259 ayd\u0131nl\u0131q g\u0259l\u0259c\u0259yi bildirilir. H\u0259m\u00e7inin 21 ya\u015fad\u0259k millimizin ba\u015f m\u0259\u015fq\u00e7isi R\u0259\u015fad Sad\u0131qovun da istefa ver\u0259c\u0259yi bar\u0259d\u0259 m\u0259lumat var.oxu.az","_links":{"self":[{"href":"https:\/\/arantv.az\/index.php?rest_route=\/wp\/v2\/posts\/26743"}],"collection":[{"href":"https:\/\/arantv.az\/index.php?rest_route=\/wp\/v2\/posts"}],"about":[{"href":"https:\/\/arantv.az\/index.php?rest_route=\/wp\/v2\/types\/post"}],"author":[{"embeddable":true,"href":"https:\/\/arantv.az\/index.php?rest_route=\/wp\/v2\/users\/2"}],"replies":[{"embeddable":true,"href":"https:\/\/arantv.az\/index.php?rest_route=%2Fwp%2Fv2%2Fcomments&post=26743"}],"version-history":[{"count":0,"href":"https:\/\/arantv.az\/index.php?rest_route=\/wp\/v2\/posts\/26743\/revisions"}],"wp:featuredmedia":[{"embeddable":true,"href":"https:\/\/arantv.az\/index.php?rest_route=\/wp\/v2\/media\/26744"}],"wp:attachment":[{"href":"https:\/\/arantv.az\/index.php?rest_route=%2Fwp%2Fv2%2Fmedia&parent=26743"}],"wp:term":[{"taxonomy":"category","embeddable":true,"href":"https:\/\/arantv.az\/index.php?rest_route=%2Fwp%2Fv2%2Fcategories&post=26743"},{"taxonomy":"post_tag","embeddable":true,"href":"https:\/\/arantv.az\/index.php?rest_route=%2Fwp%2Fv2%2Ftags&post=26743"}],"curies":[{"name":"wp","href":"https:\/\/api.w.org\/{rel}","templated":true}]}}