{"id":26750,"date":"2018-12-08T14:20:58","date_gmt":"2018-12-08T11:20:58","guid":{"rendered":"http:\/\/arantv.az\/?p=26750"},"modified":"2018-12-08T14:20:58","modified_gmt":"2018-12-08T11:20:58","slug":"az%c9%99rbaycan-yigmasinin-butun-m%c9%99sqcil%c9%99ri-istefaya-gond%c9%99rildi","status":"publish","type":"post","link":"https:\/\/arantv.az\/?p=26750","title":{"rendered":"Az\u0259rbaycan y\u0131\u011fmas\u0131n\u0131n b\u00fct\u00fcn m\u0259\u015fq\u00e7il\u0259ri istefaya g\u00f6nd\u0259rildi"},"content":{"rendered":"<p>Bu g\u00fcn AFFA \u0130craiyy\u0259 Komit\u0259sinin n\u00f6vb\u0259ti iclas\u0131nda futbol \u00fczr\u0259 Az\u0259rbaycan\u0131n a\u015fa\u011f\u0131 ya\u015f qruplar\u0131 \u00fczr\u0259 milli komandalar\u0131n\u0131n ba\u015f m\u0259\u015fq\u00e7il\u0259rinin taleyin\u0259 d\u0259 ayd\u0131nl\u0131q g\u0259tirilib.<\/p>\n<p><strong>ARANTV.AZ\u00a0\u00a0<\/strong>x\u0259b\u0259r verir ki, q\u0259rara \u0259sas\u0259m, yaln\u0131z U-19-la m\u0259rh\u0259l\u0259 ke\u00e7\u0259n\u00a0<strong>V\u00fcqar M\u0259mm\u0259d<\/strong>\u00a0i\u015fin\u0259 davam ed\u0259c\u0259k.<\/p>\n<div id=\"AdributorNativeVideo0\" class=\"AdributorNativeVideo\"><\/div>\n<p><strong>R\u0259\u015fad Sad\u0131qov<\/strong>\u00a0U-21 v\u0259 U-20,\u00a0<strong>Zaur H\u0259\u015fimov<\/strong>\u00a0U-18,\u00a0<strong>Ramin Quliyev<\/strong>\u00a0is\u0259 U-17-d\u0259ki f\u0259aliyy\u0259tini ba\u015fa vurub.oxu.az<\/p>\n","protected":false},"excerpt":{"rendered":"<p>Bu g\u00fcn AFFA \u0130craiyy\u0259 Komit\u0259sinin n\u00f6vb\u0259ti iclas\u0131nda futbol \u00fczr\u0259 Az\u0259rbaycan\u0131n a\u015fa\u011f\u0131 ya\u015f qruplar\u0131 \u00fczr\u0259 milli komandalar\u0131n\u0131n ba\u015f m\u0259\u015fq\u00e7il\u0259rinin taleyin\u0259 d\u0259 ayd\u0131nl\u0131q g\u0259tirilib. ARANTV.AZ\u00a0\u00a0x\u0259b\u0259r verir ki, q\u0259rara \u0259sas\u0259m, yaln\u0131z U-19-la m\u0259rh\u0259l\u0259 ke\u00e7\u0259n\u00a0V\u00fcqar M\u0259mm\u0259d\u00a0i\u015fin\u0259 davam ed\u0259c\u0259k. R\u0259\u015fad Sad\u0131qov\u00a0U-21 v\u0259 U-20,\u00a0Zaur H\u0259\u015fimov\u00a0U-18,\u00a0Ramin Quliyev\u00a0is\u0259 U-17-d\u0259ki f\u0259aliyy\u0259tini ba\u015fa vurub.oxu.az<\/p>\n","protected":false},"author":2,"featured_media":26751,"comment_status":"closed","ping_status":"closed","sticky":false,"template":"","format":"standard","meta":{"om_disable_all_campaigns":false,"_monsterinsights_skip_tracking":false,"_monsterinsights_sitenote_active":false,"_monsterinsights_sitenote_note":"","_monsterinsights_sitenote_category":0},"categories":[6],"tags":[],"aioseo_notices":[],"gutentor_comment":0,"rttpg_featured_image_url":{"full":["https:\/\/arantv.az\/wp-content\/uploads\/2018\/12\/qurban1.jpg",615,465,false],"landscape":["https:\/\/arantv.az\/wp-content\/uploads\/2018\/12\/qurban1.jpg",615,465,false],"portraits":["https:\/\/arantv.az\/wp-content\/uploads\/2018\/12\/qurban1.jpg",615,465,false],"thumbnail":["https:\/\/arantv.az\/wp-content\/uploads\/2018\/12\/qurban1-150x150.jpg",150,150,true],"medium":["https:\/\/arantv.az\/wp-content\/uploads\/2018\/12\/qurban1-300x227.jpg",300,227,true],"large":["https:\/\/arantv.az\/wp-content\/uploads\/2018\/12\/qurban1.jpg",615,465,false],"1536x1536":["https:\/\/arantv.az\/wp-content\/uploads\/2018\/12\/qurban1.jpg",615,465,false],"2048x2048":["https:\/\/arantv.az\/wp-content\/uploads\/2018\/12\/qurban1.jpg",615,465,false],"post-thumbnail":["https:\/\/arantv.az\/wp-content\/uploads\/2018\/12\/qurban1-240x172.jpg",240,172,true],"advps-thumb-one":["https:\/\/arantv.az\/wp-content\/uploads\/2018\/12\/qurban1.jpg",615,465,false]},"rttpg_author":{"display_name":"V\u00fcsal Rafiqo\u011flu","author_link":"https:\/\/arantv.az\/?author=2"},"rttpg_comment":0,"rttpg_category":"<a href=\"https:\/\/arantv.az\/?cat=6\" rel=\"category\">\u0130dman<\/a>","rttpg_excerpt":"Bu g\u00fcn AFFA \u0130craiyy\u0259 Komit\u0259sinin n\u00f6vb\u0259ti iclas\u0131nda futbol \u00fczr\u0259 Az\u0259rbaycan\u0131n a\u015fa\u011f\u0131 ya\u015f qruplar\u0131 \u00fczr\u0259 milli komandalar\u0131n\u0131n ba\u015f m\u0259\u015fq\u00e7il\u0259rinin taleyin\u0259 d\u0259 ayd\u0131nl\u0131q g\u0259tirilib. ARANTV.AZ\u00a0\u00a0x\u0259b\u0259r verir ki, q\u0259rara \u0259sas\u0259m, yaln\u0131z U-19-la m\u0259rh\u0259l\u0259 ke\u00e7\u0259n\u00a0V\u00fcqar M\u0259mm\u0259d\u00a0i\u015fin\u0259 davam ed\u0259c\u0259k. R\u0259\u015fad Sad\u0131qov\u00a0U-21 v\u0259 U-20,\u00a0Zaur H\u0259\u015fimov\u00a0U-18,\u00a0Ramin Quliyev\u00a0is\u0259 U-17-d\u0259ki f\u0259aliyy\u0259tini ba\u015fa vurub.oxu.az","_links":{"self":[{"href":"https:\/\/arantv.az\/index.php?rest_route=\/wp\/v2\/posts\/26750"}],"collection":[{"href":"https:\/\/arantv.az\/index.php?rest_route=\/wp\/v2\/posts"}],"about":[{"href":"https:\/\/arantv.az\/index.php?rest_route=\/wp\/v2\/types\/post"}],"author":[{"embeddable":true,"href":"https:\/\/arantv.az\/index.php?rest_route=\/wp\/v2\/users\/2"}],"replies":[{"embeddable":true,"href":"https:\/\/arantv.az\/index.php?rest_route=%2Fwp%2Fv2%2Fcomments&post=26750"}],"version-history":[{"count":0,"href":"https:\/\/arantv.az\/index.php?rest_route=\/wp\/v2\/posts\/26750\/revisions"}],"wp:featuredmedia":[{"embeddable":true,"href":"https:\/\/arantv.az\/index.php?rest_route=\/wp\/v2\/media\/26751"}],"wp:attachment":[{"href":"https:\/\/arantv.az\/index.php?rest_route=%2Fwp%2Fv2%2Fmedia&parent=26750"}],"wp:term":[{"taxonomy":"category","embeddable":true,"href":"https:\/\/arantv.az\/index.php?rest_route=%2Fwp%2Fv2%2Fcategories&post=26750"},{"taxonomy":"post_tag","embeddable":true,"href":"https:\/\/arantv.az\/index.php?rest_route=%2Fwp%2Fv2%2Ftags&post=26750"}],"curies":[{"name":"wp","href":"https:\/\/api.w.org\/{rel}","templated":true}]}}