{"id":26753,"date":"2018-12-08T14:21:57","date_gmt":"2018-12-08T11:21:57","guid":{"rendered":"http:\/\/arantv.az\/?p=26753"},"modified":"2018-12-08T14:24:24","modified_gmt":"2018-12-08T11:24:24","slug":"qurban-qurbanovdan-daha-bir-istefa-q%c9%99rari","status":"publish","type":"post","link":"https:\/\/arantv.az\/?p=26753","title":{"rendered":"Qurban Qurbanovdan daha bir istefa q\u0259rar\u0131"},"content":{"rendered":"<p>\u201cQaraba\u011f\u201d futbol klubunun ba\u015f m\u0259\u015fq\u00e7isi\u00a0<strong>Qurban Qurbanov<\/strong>\u00a0Az\u0259rbaycan Futbol Federasiyalar\u0131 Assosiasiyas\u0131n\u0131n (AFFA) \u0130craiyy\u0259 Komit\u0259sinin \u00fczvl\u00fcy\u00fcnd\u0259n d\u0259 istefa verib.<\/p>\n<p><strong>ARANTV.AZ\u00a0<\/strong>\u00a0x\u0259b\u0259r verir ki, bu bar\u0259d\u0259 jurnalistl\u0259r\u0259 Qurbanov \u00f6z\u00fc bildirib.<\/p>\n<div id=\"AdributorNativeVideo0\" class=\"AdributorNativeVideo\"><\/div>\n<p>O deyib ki, komit\u0259 \u00fczvl\u0259ri qar\u015f\u0131s\u0131nda m\u0259s\u0259l\u0259 qald\u0131rsa da, qalmas\u0131n\u0131 ist\u0259yibl\u0259r. Lakin Q.Qurbanov b\u00fct\u00fcn diqq\u0259tini klubuna y\u00f6n\u0259ld\u0259c\u0259yini vur\u011fulay\u0131b.<\/p>\n<p>Xat\u0131rladaq ki, Qurban Qurbanov bu g\u00fcn Az\u0259rbaycan millisinin ba\u015f m\u0259\u015fq\u00e7isi postundan istefa verib.oxu.az<\/p>\n","protected":false},"excerpt":{"rendered":"<p>\u201cQaraba\u011f\u201d futbol klubunun ba\u015f m\u0259\u015fq\u00e7isi\u00a0Qurban Qurbanov\u00a0Az\u0259rbaycan Futbol Federasiyalar\u0131 Assosiasiyas\u0131n\u0131n (AFFA) \u0130craiyy\u0259 Komit\u0259sinin \u00fczvl\u00fcy\u00fcnd\u0259n d\u0259 istefa verib. ARANTV.AZ\u00a0\u00a0x\u0259b\u0259r verir ki, bu bar\u0259d\u0259 jurnalistl\u0259r\u0259 Qurbanov \u00f6z\u00fc bildirib. O deyib ki, komit\u0259 \u00fczvl\u0259ri qar\u015f\u0131s\u0131nda m\u0259s\u0259l\u0259 qald\u0131rsa da, qalmas\u0131n\u0131 ist\u0259yibl\u0259r. Lakin Q.Qurbanov b\u00fct\u00fcn diqq\u0259tini klubuna y\u00f6n\u0259ld\u0259c\u0259yini vur\u011fulay\u0131b. Xat\u0131rladaq ki, Qurban Qurbanov bu g\u00fcn Az\u0259rbaycan millisinin ba\u015f m\u0259\u015fq\u00e7isi postundan istefa verib.oxu.az<\/p>\n","protected":false},"author":2,"featured_media":26755,"comment_status":"closed","ping_status":"closed","sticky":false,"template":"","format":"standard","meta":{"om_disable_all_campaigns":false,"_monsterinsights_skip_tracking":false,"_monsterinsights_sitenote_active":false,"_monsterinsights_sitenote_note":"","_monsterinsights_sitenote_category":0},"categories":[6],"tags":[],"aioseo_notices":[],"gutentor_comment":0,"rttpg_featured_image_url":{"full":["https:\/\/arantv.az\/wp-content\/uploads\/2018\/12\/qurbann.jpg",620,407,false],"landscape":["https:\/\/arantv.az\/wp-content\/uploads\/2018\/12\/qurbann.jpg",620,407,false],"portraits":["https:\/\/arantv.az\/wp-content\/uploads\/2018\/12\/qurbann.jpg",620,407,false],"thumbnail":["https:\/\/arantv.az\/wp-content\/uploads\/2018\/12\/qurbann-150x150.jpg",150,150,true],"medium":["https:\/\/arantv.az\/wp-content\/uploads\/2018\/12\/qurbann-300x197.jpg",300,197,true],"large":["https:\/\/arantv.az\/wp-content\/uploads\/2018\/12\/qurbann.jpg",620,407,false],"1536x1536":["https:\/\/arantv.az\/wp-content\/uploads\/2018\/12\/qurbann.jpg",620,407,false],"2048x2048":["https:\/\/arantv.az\/wp-content\/uploads\/2018\/12\/qurbann.jpg",620,407,false],"post-thumbnail":["https:\/\/arantv.az\/wp-content\/uploads\/2018\/12\/qurbann-240x172.jpg",240,172,true],"advps-thumb-one":["https:\/\/arantv.az\/wp-content\/uploads\/2018\/12\/qurbann.jpg",620,407,false]},"rttpg_author":{"display_name":"V\u00fcsal Rafiqo\u011flu","author_link":"https:\/\/arantv.az\/?author=2"},"rttpg_comment":0,"rttpg_category":"<a href=\"https:\/\/arantv.az\/?cat=6\" rel=\"category\">\u0130dman<\/a>","rttpg_excerpt":"\u201cQaraba\u011f\u201d futbol klubunun ba\u015f m\u0259\u015fq\u00e7isi\u00a0Qurban Qurbanov\u00a0Az\u0259rbaycan Futbol Federasiyalar\u0131 Assosiasiyas\u0131n\u0131n (AFFA) \u0130craiyy\u0259 Komit\u0259sinin \u00fczvl\u00fcy\u00fcnd\u0259n d\u0259 istefa verib. ARANTV.AZ\u00a0\u00a0x\u0259b\u0259r verir ki, bu bar\u0259d\u0259 jurnalistl\u0259r\u0259 Qurbanov \u00f6z\u00fc bildirib. O deyib ki, komit\u0259 \u00fczvl\u0259ri qar\u015f\u0131s\u0131nda m\u0259s\u0259l\u0259 qald\u0131rsa da, qalmas\u0131n\u0131 ist\u0259yibl\u0259r. Lakin Q.Qurbanov b\u00fct\u00fcn diqq\u0259tini klubuna y\u00f6n\u0259ld\u0259c\u0259yini vur\u011fulay\u0131b. Xat\u0131rladaq ki, Qurban Qurbanov bu g\u00fcn Az\u0259rbaycan millisinin ba\u015f m\u0259\u015fq\u00e7isi postundan istefa&hellip;","_links":{"self":[{"href":"https:\/\/arantv.az\/index.php?rest_route=\/wp\/v2\/posts\/26753"}],"collection":[{"href":"https:\/\/arantv.az\/index.php?rest_route=\/wp\/v2\/posts"}],"about":[{"href":"https:\/\/arantv.az\/index.php?rest_route=\/wp\/v2\/types\/post"}],"author":[{"embeddable":true,"href":"https:\/\/arantv.az\/index.php?rest_route=\/wp\/v2\/users\/2"}],"replies":[{"embeddable":true,"href":"https:\/\/arantv.az\/index.php?rest_route=%2Fwp%2Fv2%2Fcomments&post=26753"}],"version-history":[{"count":0,"href":"https:\/\/arantv.az\/index.php?rest_route=\/wp\/v2\/posts\/26753\/revisions"}],"wp:featuredmedia":[{"embeddable":true,"href":"https:\/\/arantv.az\/index.php?rest_route=\/wp\/v2\/media\/26755"}],"wp:attachment":[{"href":"https:\/\/arantv.az\/index.php?rest_route=%2Fwp%2Fv2%2Fmedia&parent=26753"}],"wp:term":[{"taxonomy":"category","embeddable":true,"href":"https:\/\/arantv.az\/index.php?rest_route=%2Fwp%2Fv2%2Fcategories&post=26753"},{"taxonomy":"post_tag","embeddable":true,"href":"https:\/\/arantv.az\/index.php?rest_route=%2Fwp%2Fv2%2Ftags&post=26753"}],"curies":[{"name":"wp","href":"https:\/\/api.w.org\/{rel}","templated":true}]}}