{"id":26757,"date":"2018-12-08T14:25:05","date_gmt":"2018-12-08T11:25:05","guid":{"rendered":"http:\/\/arantv.az\/?p=26757"},"modified":"2018-12-08T14:25:05","modified_gmt":"2018-12-08T11:25:05","slug":"kisil%c9%99rin-saca-qulluq-proseduru-nec%c9%99y%c9%99-basa-g%c9%99lir-video","status":"publish","type":"post","link":"https:\/\/arantv.az\/?p=26757","title":{"rendered":"Ki\u015fil\u0259rin sa\u00e7a qulluq proseduru ne\u00e7\u0259y\u0259 ba\u015fa g\u0259lir &#8211; V\u0130DEO"},"content":{"rendered":"<p>Sa\u00e7 ustas\u0131 Miryusif Ba\u011f\u0131rovun da dediyi kimi\u00a0 indiki g\u0259ncl\u0259rin bir \u00e7oxu \u00f6z\u00fcn\u00fc m\u0259\u015fhur \u015f\u0259xsl\u0259r\u0259 b\u0259nz\u0259tm\u0259k \u00fc\u00e7\u00fcn,\u00a0 m\u00fcxt\u0259lif c\u00fcr sa\u00e7 d\u00fcz\u00fcml\u0259ri etdirir, saqqal saxlay\u0131r. B\u0259s g\u00f6r\u0259s\u0259n bu onlara ne\u00e7\u0259y\u0259 ba\u015fa g\u0259lir?<\/p>\n<p>M\u00fcsahibimiz, m\u00fcasir d\u00f6vrd\u0259 qad\u0131nlarla yana\u015f\u0131\u00a0 ki\u015fil\u0259rin d\u0259 \u015f\u0259xsi bax\u0131mlar\u0131na \u00f6n\u0259m verdiyini deyir.<\/p>\n<p>O, h\u0259m\u00e7inin 2019-cu ilin sa\u00e7 still\u0259rind\u0259n d\u0259 dan\u0131\u015f\u0131b.<\/p>\n<div id=\"AdributorNativeVideo0\" class=\"AdributorNativeVideo\"><\/div>\n<p><b>ARANTV.AZ\u00a0<\/b>Baku TV-nin haz\u0131rlad\u0131\u011f\u0131 reportaj\u0131 t\u0259qdim edir:<\/p>\n<div><iframe loading=\"lazy\" src=\"https:\/\/www.youtube.com\/embed\/oR-m7gGSsvI\" width=\"1366\" height=\"608\" frameborder=\"0\" allowfullscreen=\"allowfullscreen\" data-mce-fragment=\"1\"><\/iframe><\/div>\n<p>&nbsp;<\/p>\n","protected":false},"excerpt":{"rendered":"<p>Sa\u00e7 ustas\u0131 Miryusif Ba\u011f\u0131rovun da dediyi kimi\u00a0 indiki g\u0259ncl\u0259rin bir \u00e7oxu \u00f6z\u00fcn\u00fc m\u0259\u015fhur \u015f\u0259xsl\u0259r\u0259 b\u0259nz\u0259tm\u0259k \u00fc\u00e7\u00fcn,\u00a0 m\u00fcxt\u0259lif c\u00fcr sa\u00e7 d\u00fcz\u00fcml\u0259ri etdirir, saqqal saxlay\u0131r. B\u0259s g\u00f6r\u0259s\u0259n bu onlara ne\u00e7\u0259y\u0259 ba\u015fa g\u0259lir? M\u00fcsahibimiz, m\u00fcasir d\u00f6vrd\u0259 qad\u0131nlarla yana\u015f\u0131\u00a0 ki\u015fil\u0259rin d\u0259 \u015f\u0259xsi bax\u0131mlar\u0131na \u00f6n\u0259m verdiyini deyir. O, h\u0259m\u00e7inin 2019-cu ilin sa\u00e7 still\u0259rind\u0259n d\u0259 dan\u0131\u015f\u0131b. ARANTV.AZ\u00a0Baku TV-nin haz\u0131rlad\u0131\u011f\u0131 reportaj\u0131 t\u0259qdim edir: &nbsp;<\/p>\n","protected":false},"author":2,"featured_media":26758,"comment_status":"closed","ping_status":"closed","sticky":false,"template":"","format":"standard","meta":{"om_disable_all_campaigns":false,"_monsterinsights_skip_tracking":false,"_monsterinsights_sitenote_active":false,"_monsterinsights_sitenote_note":"","_monsterinsights_sitenote_category":0},"categories":[1],"tags":[],"aioseo_notices":[],"gutentor_comment":0,"rttpg_featured_image_url":{"full":["https:\/\/arantv.az\/wp-content\/uploads\/2018\/12\/48223969_368194527310161_4823638187719000064_n.jpg",620,349,false],"landscape":["https:\/\/arantv.az\/wp-content\/uploads\/2018\/12\/48223969_368194527310161_4823638187719000064_n.jpg",620,349,false],"portraits":["https:\/\/arantv.az\/wp-content\/uploads\/2018\/12\/48223969_368194527310161_4823638187719000064_n.jpg",620,349,false],"thumbnail":["https:\/\/arantv.az\/wp-content\/uploads\/2018\/12\/48223969_368194527310161_4823638187719000064_n-150x150.jpg",150,150,true],"medium":["https:\/\/arantv.az\/wp-content\/uploads\/2018\/12\/48223969_368194527310161_4823638187719000064_n-300x169.jpg",300,169,true],"large":["https:\/\/arantv.az\/wp-content\/uploads\/2018\/12\/48223969_368194527310161_4823638187719000064_n.jpg",620,349,false],"1536x1536":["https:\/\/arantv.az\/wp-content\/uploads\/2018\/12\/48223969_368194527310161_4823638187719000064_n.jpg",620,349,false],"2048x2048":["https:\/\/arantv.az\/wp-content\/uploads\/2018\/12\/48223969_368194527310161_4823638187719000064_n.jpg",620,349,false],"post-thumbnail":["https:\/\/arantv.az\/wp-content\/uploads\/2018\/12\/48223969_368194527310161_4823638187719000064_n-240x172.jpg",240,172,true],"advps-thumb-one":["https:\/\/arantv.az\/wp-content\/uploads\/2018\/12\/48223969_368194527310161_4823638187719000064_n.jpg",620,349,false]},"rttpg_author":{"display_name":"V\u00fcsal Rafiqo\u011flu","author_link":"https:\/\/arantv.az\/?author=2"},"rttpg_comment":0,"rttpg_category":"<a href=\"https:\/\/arantv.az\/?cat=1\" rel=\"category\">C\u0259miyy\u0259t<\/a>","rttpg_excerpt":"Sa\u00e7 ustas\u0131 Miryusif Ba\u011f\u0131rovun da dediyi kimi\u00a0 indiki g\u0259ncl\u0259rin bir \u00e7oxu \u00f6z\u00fcn\u00fc m\u0259\u015fhur \u015f\u0259xsl\u0259r\u0259 b\u0259nz\u0259tm\u0259k \u00fc\u00e7\u00fcn,\u00a0 m\u00fcxt\u0259lif c\u00fcr sa\u00e7 d\u00fcz\u00fcml\u0259ri etdirir, saqqal saxlay\u0131r. B\u0259s g\u00f6r\u0259s\u0259n bu onlara ne\u00e7\u0259y\u0259 ba\u015fa g\u0259lir? M\u00fcsahibimiz, m\u00fcasir d\u00f6vrd\u0259 qad\u0131nlarla yana\u015f\u0131\u00a0 ki\u015fil\u0259rin d\u0259 \u015f\u0259xsi bax\u0131mlar\u0131na \u00f6n\u0259m verdiyini deyir. O, h\u0259m\u00e7inin 2019-cu ilin sa\u00e7 still\u0259rind\u0259n d\u0259 dan\u0131\u015f\u0131b. ARANTV.AZ\u00a0Baku TV-nin haz\u0131rlad\u0131\u011f\u0131 reportaj\u0131 t\u0259qdim&hellip;","_links":{"self":[{"href":"https:\/\/arantv.az\/index.php?rest_route=\/wp\/v2\/posts\/26757"}],"collection":[{"href":"https:\/\/arantv.az\/index.php?rest_route=\/wp\/v2\/posts"}],"about":[{"href":"https:\/\/arantv.az\/index.php?rest_route=\/wp\/v2\/types\/post"}],"author":[{"embeddable":true,"href":"https:\/\/arantv.az\/index.php?rest_route=\/wp\/v2\/users\/2"}],"replies":[{"embeddable":true,"href":"https:\/\/arantv.az\/index.php?rest_route=%2Fwp%2Fv2%2Fcomments&post=26757"}],"version-history":[{"count":0,"href":"https:\/\/arantv.az\/index.php?rest_route=\/wp\/v2\/posts\/26757\/revisions"}],"wp:featuredmedia":[{"embeddable":true,"href":"https:\/\/arantv.az\/index.php?rest_route=\/wp\/v2\/media\/26758"}],"wp:attachment":[{"href":"https:\/\/arantv.az\/index.php?rest_route=%2Fwp%2Fv2%2Fmedia&parent=26757"}],"wp:term":[{"taxonomy":"category","embeddable":true,"href":"https:\/\/arantv.az\/index.php?rest_route=%2Fwp%2Fv2%2Fcategories&post=26757"},{"taxonomy":"post_tag","embeddable":true,"href":"https:\/\/arantv.az\/index.php?rest_route=%2Fwp%2Fv2%2Ftags&post=26757"}],"curies":[{"name":"wp","href":"https:\/\/api.w.org\/{rel}","templated":true}]}}