{"id":267609,"date":"2021-01-07T19:00:27","date_gmt":"2021-01-07T16:00:27","guid":{"rendered":"http:\/\/arantv.az\/?p=267609"},"modified":"2021-01-07T19:00:27","modified_gmt":"2021-01-07T16:00:27","slug":"israil-prezidenti-demokratiya-mutl%c9%99q-olmali-m%c9%99s%c9%99l%c9%99-kimi-q%c9%99bul-edilm%c9%99m%c9%99lidir","status":"publish","type":"post","link":"https:\/\/arantv.az\/?p=267609","title":{"rendered":"\u0130srail prezidenti: \u201cDemokratiya m\u00fctl\u0259q olmal\u0131 m\u0259s\u0259l\u0259 kimi q\u0259bul edilm\u0259m\u0259lidir\u201d"},"content":{"rendered":"<p>\u0130srailin Prezidenti Reuven Rivlin Co Baydeni AB\u015e Prezidenti se\u00e7ilm\u0259yi m\u00fcnasib\u0259ti il\u0259 t\u0259brik edib v\u0259 \u00f6t\u0259n g\u00fcn Va\u015finqtonda ba\u015f ver\u0259n toqqu\u015fmalara m\u00fcnasib\u0259t bildirib.<\/p>\n<p>\u201cR\u0130A Novosti\u201d agentliyi bu bar\u0259d\u0259 \u0130srail prezidentinin ofisin\u0259 istinad\u0259n m\u0259lumat yay\u0131b.<\/p>\n<div id=\"AdviadNativeVideo0\" class=\"AdviadNativeVideo\"><\/div>\n<p>\u201c\u018fmin\u0259m ki, yeni se\u00e7ilmi\u015f prezident Bayden bizim \u0259n yax\u0131n dostumuz v\u0259 d\u00fcnyan\u0131n \u0259n b\u00f6y\u00fck demokratiyas\u0131 olan Amerika Birl\u0259\u015fmi\u015f \u015etatlar\u0131 il\u0259 m\u00fcnasib\u0259tl\u0259rimizi m\u00f6hk\u0259ml\u0259ndirm\u0259y\u0259 davam ed\u0259c\u0259k\u201d, &#8211; \u0130srail Prezidentinin t\u0259brikind\u0259 qeyd olunur.<\/p>\n<p>\u0130srail Prezidenti Capitoliya binas\u0131nda ba\u015f ver\u0259nl\u0259r\u0259 g\u00f6r\u0259 d\u0259rin narahat olduqlar\u0131n\u0131 bildir\u0259r\u0259k \u0259lav\u0259 edib ki, demokratiya n\u0259 q\u0259d\u0259r g\u00fccl\u00fc v\u0259 k\u00f6kl\u00fc d\u0259y\u0259r olsa da, o, m\u00fctl\u0259q olmal\u0131 m\u0259s\u0259l\u0259 kimi q\u0259bul olunmamal\u0131d\u0131r.<\/p>\n","protected":false},"excerpt":{"rendered":"<p>\u0130srailin Prezidenti Reuven Rivlin Co Baydeni AB\u015e Prezidenti se\u00e7ilm\u0259yi m\u00fcnasib\u0259ti il\u0259 t\u0259brik edib v\u0259 \u00f6t\u0259n g\u00fcn Va\u015finqtonda ba\u015f ver\u0259n toqqu\u015fmalara m\u00fcnasib\u0259t bildirib. \u201cR\u0130A Novosti\u201d agentliyi bu bar\u0259d\u0259 \u0130srail prezidentinin ofisin\u0259 istinad\u0259n m\u0259lumat yay\u0131b. \u201c\u018fmin\u0259m ki, yeni se\u00e7ilmi\u015f prezident Bayden bizim \u0259n yax\u0131n dostumuz v\u0259 d\u00fcnyan\u0131n \u0259n b\u00f6y\u00fck demokratiyas\u0131 olan Amerika Birl\u0259\u015fmi\u015f \u015etatlar\u0131 il\u0259 m\u00fcnasib\u0259tl\u0259rimizi m\u00f6hk\u0259ml\u0259ndirm\u0259y\u0259 davam ed\u0259c\u0259k\u201d, &#8211; \u0130srail Prezidentinin t\u0259brikind\u0259 qeyd olunur. \u0130srail Prezidenti Capitoliya binas\u0131nda ba\u015f ver\u0259nl\u0259r\u0259 g\u00f6r\u0259 d\u0259rin narahat olduqlar\u0131n\u0131 bildir\u0259r\u0259k \u0259lav\u0259 edib ki, demokratiya n\u0259 q\u0259d\u0259r g\u00fccl\u00fc v\u0259 k\u00f6kl\u00fc d\u0259y\u0259r olsa da, o, m\u00fctl\u0259q olmal\u0131 m\u0259s\u0259l\u0259&hellip;<\/p>\n","protected":false},"author":2,"featured_media":267610,"comment_status":"closed","ping_status":"closed","sticky":false,"template":"","format":"standard","meta":{"om_disable_all_campaigns":false,"_monsterinsights_skip_tracking":false,"_monsterinsights_sitenote_active":false,"_monsterinsights_sitenote_note":"","_monsterinsights_sitenote_category":0},"categories":[7],"tags":[],"aioseo_notices":[],"gutentor_comment":0,"rttpg_featured_image_url":{"full":["https:\/\/arantv.az\/wp-content\/uploads\/2021\/01\/President-Rivlin-at-event-marking-40-years-of-Israel-Egypt-Peace-Treaty.jpg",620,439,false],"landscape":["https:\/\/arantv.az\/wp-content\/uploads\/2021\/01\/President-Rivlin-at-event-marking-40-years-of-Israel-Egypt-Peace-Treaty.jpg",620,439,false],"portraits":["https:\/\/arantv.az\/wp-content\/uploads\/2021\/01\/President-Rivlin-at-event-marking-40-years-of-Israel-Egypt-Peace-Treaty.jpg",620,439,false],"thumbnail":["https:\/\/arantv.az\/wp-content\/uploads\/2021\/01\/President-Rivlin-at-event-marking-40-years-of-Israel-Egypt-Peace-Treaty-150x150.jpg",150,150,true],"medium":["https:\/\/arantv.az\/wp-content\/uploads\/2021\/01\/President-Rivlin-at-event-marking-40-years-of-Israel-Egypt-Peace-Treaty-300x212.jpg",300,212,true],"large":["https:\/\/arantv.az\/wp-content\/uploads\/2021\/01\/President-Rivlin-at-event-marking-40-years-of-Israel-Egypt-Peace-Treaty.jpg",620,439,false],"1536x1536":["https:\/\/arantv.az\/wp-content\/uploads\/2021\/01\/President-Rivlin-at-event-marking-40-years-of-Israel-Egypt-Peace-Treaty.jpg",620,439,false],"2048x2048":["https:\/\/arantv.az\/wp-content\/uploads\/2021\/01\/President-Rivlin-at-event-marking-40-years-of-Israel-Egypt-Peace-Treaty.jpg",620,439,false],"post-thumbnail":["https:\/\/arantv.az\/wp-content\/uploads\/2021\/01\/President-Rivlin-at-event-marking-40-years-of-Israel-Egypt-Peace-Treaty-240x172.jpg",240,172,true],"advps-thumb-one":["https:\/\/arantv.az\/wp-content\/uploads\/2021\/01\/President-Rivlin-at-event-marking-40-years-of-Israel-Egypt-Peace-Treaty.jpg",620,439,false]},"rttpg_author":{"display_name":"V\u00fcsal Rafiqo\u011flu","author_link":"https:\/\/arantv.az\/?author=2"},"rttpg_comment":0,"rttpg_category":"<a href=\"https:\/\/arantv.az\/?cat=7\" rel=\"category\">D\u00fcnya<\/a>","rttpg_excerpt":"\u0130srailin Prezidenti Reuven Rivlin Co Baydeni AB\u015e Prezidenti se\u00e7ilm\u0259yi m\u00fcnasib\u0259ti il\u0259 t\u0259brik edib v\u0259 \u00f6t\u0259n g\u00fcn Va\u015finqtonda ba\u015f ver\u0259n toqqu\u015fmalara m\u00fcnasib\u0259t bildirib. \u201cR\u0130A Novosti\u201d agentliyi bu bar\u0259d\u0259 \u0130srail prezidentinin ofisin\u0259 istinad\u0259n m\u0259lumat yay\u0131b. \u201c\u018fmin\u0259m ki, yeni se\u00e7ilmi\u015f prezident Bayden bizim \u0259n yax\u0131n dostumuz v\u0259 d\u00fcnyan\u0131n \u0259n b\u00f6y\u00fck demokratiyas\u0131 olan Amerika Birl\u0259\u015fmi\u015f \u015etatlar\u0131 il\u0259 m\u00fcnasib\u0259tl\u0259rimizi m\u00f6hk\u0259ml\u0259ndirm\u0259y\u0259&hellip;","_links":{"self":[{"href":"https:\/\/arantv.az\/index.php?rest_route=\/wp\/v2\/posts\/267609"}],"collection":[{"href":"https:\/\/arantv.az\/index.php?rest_route=\/wp\/v2\/posts"}],"about":[{"href":"https:\/\/arantv.az\/index.php?rest_route=\/wp\/v2\/types\/post"}],"author":[{"embeddable":true,"href":"https:\/\/arantv.az\/index.php?rest_route=\/wp\/v2\/users\/2"}],"replies":[{"embeddable":true,"href":"https:\/\/arantv.az\/index.php?rest_route=%2Fwp%2Fv2%2Fcomments&post=267609"}],"version-history":[{"count":0,"href":"https:\/\/arantv.az\/index.php?rest_route=\/wp\/v2\/posts\/267609\/revisions"}],"wp:featuredmedia":[{"embeddable":true,"href":"https:\/\/arantv.az\/index.php?rest_route=\/wp\/v2\/media\/267610"}],"wp:attachment":[{"href":"https:\/\/arantv.az\/index.php?rest_route=%2Fwp%2Fv2%2Fmedia&parent=267609"}],"wp:term":[{"taxonomy":"category","embeddable":true,"href":"https:\/\/arantv.az\/index.php?rest_route=%2Fwp%2Fv2%2Fcategories&post=267609"},{"taxonomy":"post_tag","embeddable":true,"href":"https:\/\/arantv.az\/index.php?rest_route=%2Fwp%2Fv2%2Ftags&post=267609"}],"curies":[{"name":"wp","href":"https:\/\/api.w.org\/{rel}","templated":true}]}}