{"id":26764,"date":"2018-12-08T14:28:36","date_gmt":"2018-12-08T11:28:36","guid":{"rendered":"http:\/\/arantv.az\/?p=26764"},"modified":"2018-12-08T14:28:36","modified_gmt":"2018-12-08T11:28:36","slug":"kurd%c9%99mird%c9%99-agir-q%c9%99za-polis-mayoru-oldu","status":"publish","type":"post","link":"https:\/\/arantv.az\/?p=26764","title":{"rendered":"K\u00fcrd\u0259mird\u0259 A\u011eIR Q\u018fZA: polis mayoru \u00f6ld\u00fc"},"content":{"rendered":"<p><strong>K\u00fcrd\u0259mir rayonunda polis \u0259m\u0259kda\u015f\u0131n\u0131n \u00f6l\u00fcm\u00fc il\u0259 n\u0259tic\u0259l\u0259n\u0259n yol q\u0259zas\u0131 ba\u015f verib.<\/strong><\/p>\n<p><strong>ARANTV.AZ<\/strong>-\u0131n m\u0259lumat\u0131na g\u00f6r\u0259, hadis\u0259 dekabr\u0131n 7-d\u0259 saat 1 rad\u0259l\u0259rind\u0259, rayonun S\u0131\u011f\u0131rl\u0131 k\u0259ndi \u0259razisind\u0259 ba\u015f verib. K\u0259nd sakini \u018fli Qay\u0131b\u0259liyev idar\u0259 etdiyi &#8220;VAZ-2107&#8221; markal\u0131 avtomobili idar\u0259 ed\u0259rk\u0259n q\u0259fil hal\u0131 pisl\u0259\u015fib v\u0259 avtomobili yolun k\u0259nar\u0131nda dayanm\u0131\u015f L\u0259nk\u0259ran rayon sakini S\u0259fail Quliyev\u0259 m\u0259xsus \u201cQAZel\u201d markal\u0131 avtomobil\u0259 vurub.<\/p>\n<p>Hadis\u0259 n\u0259tic\u0259sind\u0259 &#8220;VAZ-21 07&#8221; markal\u0131 avtomobilin s\u00fcr\u00fcc\u00fcs\u00fc hadis\u0259 yerind\u0259 d\u00fcnyas\u0131n\u0131 d\u0259yi\u015fib.<\/p>\n<p>Ba\u015f \u0130stintaq v\u0259 T\u0259hqiqat \u0130dar\u0259si t\u0259r\u0259find\u0259n ara\u015fd\u0131rma apar\u0131l\u0131r.<\/p>\n<p>D\u00fcnyas\u0131n\u0131 d\u0259yi\u015f\u0259n \u018f.Qay\u0131b\u0259liyev A\u011fsu Rayon Polis \u015e\u00f6b\u0259sinin sah\u0259 r\u0259isi, polis mayorudur.<\/p>\n<p>trend<\/p>\n","protected":false},"excerpt":{"rendered":"<p>K\u00fcrd\u0259mir rayonunda polis \u0259m\u0259kda\u015f\u0131n\u0131n \u00f6l\u00fcm\u00fc il\u0259 n\u0259tic\u0259l\u0259n\u0259n yol q\u0259zas\u0131 ba\u015f verib. ARANTV.AZ-\u0131n m\u0259lumat\u0131na g\u00f6r\u0259, hadis\u0259 dekabr\u0131n 7-d\u0259 saat 1 rad\u0259l\u0259rind\u0259, rayonun S\u0131\u011f\u0131rl\u0131 k\u0259ndi \u0259razisind\u0259 ba\u015f verib. K\u0259nd sakini \u018fli Qay\u0131b\u0259liyev idar\u0259 etdiyi &#8220;VAZ-2107&#8221; markal\u0131 avtomobili idar\u0259 ed\u0259rk\u0259n q\u0259fil hal\u0131 pisl\u0259\u015fib v\u0259 avtomobili yolun k\u0259nar\u0131nda dayanm\u0131\u015f L\u0259nk\u0259ran rayon sakini S\u0259fail Quliyev\u0259 m\u0259xsus \u201cQAZel\u201d markal\u0131 avtomobil\u0259 vurub. Hadis\u0259 n\u0259tic\u0259sind\u0259 &#8220;VAZ-21 07&#8221; markal\u0131 avtomobilin s\u00fcr\u00fcc\u00fcs\u00fc hadis\u0259 yerind\u0259 d\u00fcnyas\u0131n\u0131 d\u0259yi\u015fib. Ba\u015f \u0130stintaq v\u0259 T\u0259hqiqat \u0130dar\u0259si t\u0259r\u0259find\u0259n ara\u015fd\u0131rma apar\u0131l\u0131r. D\u00fcnyas\u0131n\u0131 d\u0259yi\u015f\u0259n \u018f.Qay\u0131b\u0259liyev A\u011fsu Rayon Polis \u015e\u00f6b\u0259sinin sah\u0259 r\u0259isi, polis mayorudur. trend<\/p>\n","protected":false},"author":2,"featured_media":26765,"comment_status":"closed","ping_status":"closed","sticky":false,"template":"","format":"standard","meta":{"om_disable_all_campaigns":false,"_monsterinsights_skip_tracking":false,"_monsterinsights_sitenote_active":false,"_monsterinsights_sitenote_note":"","_monsterinsights_sitenote_category":0},"categories":[5],"tags":[],"aioseo_notices":[],"gutentor_comment":0,"rttpg_featured_image_url":{"full":["https:\/\/arantv.az\/wp-content\/uploads\/2018\/12\/qeza1.jpg",800,450,false],"landscape":["https:\/\/arantv.az\/wp-content\/uploads\/2018\/12\/qeza1.jpg",800,450,false],"portraits":["https:\/\/arantv.az\/wp-content\/uploads\/2018\/12\/qeza1.jpg",800,450,false],"thumbnail":["https:\/\/arantv.az\/wp-content\/uploads\/2018\/12\/qeza1-150x150.jpg",150,150,true],"medium":["https:\/\/arantv.az\/wp-content\/uploads\/2018\/12\/qeza1-300x169.jpg",300,169,true],"large":["https:\/\/arantv.az\/wp-content\/uploads\/2018\/12\/qeza1.jpg",640,360,false],"1536x1536":["https:\/\/arantv.az\/wp-content\/uploads\/2018\/12\/qeza1.jpg",800,450,false],"2048x2048":["https:\/\/arantv.az\/wp-content\/uploads\/2018\/12\/qeza1.jpg",800,450,false],"post-thumbnail":["https:\/\/arantv.az\/wp-content\/uploads\/2018\/12\/qeza1-240x172.jpg",240,172,true],"advps-thumb-one":["https:\/\/arantv.az\/wp-content\/uploads\/2018\/12\/qeza1.jpg",800,450,false]},"rttpg_author":{"display_name":"V\u00fcsal Rafiqo\u011flu","author_link":"https:\/\/arantv.az\/?author=2"},"rttpg_comment":0,"rttpg_category":"<a href=\"https:\/\/arantv.az\/?cat=5\" rel=\"category\">Hadis\u0259<\/a>","rttpg_excerpt":"K\u00fcrd\u0259mir rayonunda polis \u0259m\u0259kda\u015f\u0131n\u0131n \u00f6l\u00fcm\u00fc il\u0259 n\u0259tic\u0259l\u0259n\u0259n yol q\u0259zas\u0131 ba\u015f verib. ARANTV.AZ-\u0131n m\u0259lumat\u0131na g\u00f6r\u0259, hadis\u0259 dekabr\u0131n 7-d\u0259 saat 1 rad\u0259l\u0259rind\u0259, rayonun S\u0131\u011f\u0131rl\u0131 k\u0259ndi \u0259razisind\u0259 ba\u015f verib. K\u0259nd sakini \u018fli Qay\u0131b\u0259liyev idar\u0259 etdiyi &#8220;VAZ-2107&#8221; markal\u0131 avtomobili idar\u0259 ed\u0259rk\u0259n q\u0259fil hal\u0131 pisl\u0259\u015fib v\u0259 avtomobili yolun k\u0259nar\u0131nda dayanm\u0131\u015f L\u0259nk\u0259ran rayon sakini S\u0259fail Quliyev\u0259 m\u0259xsus \u201cQAZel\u201d markal\u0131 avtomobil\u0259 vurub.&hellip;","_links":{"self":[{"href":"https:\/\/arantv.az\/index.php?rest_route=\/wp\/v2\/posts\/26764"}],"collection":[{"href":"https:\/\/arantv.az\/index.php?rest_route=\/wp\/v2\/posts"}],"about":[{"href":"https:\/\/arantv.az\/index.php?rest_route=\/wp\/v2\/types\/post"}],"author":[{"embeddable":true,"href":"https:\/\/arantv.az\/index.php?rest_route=\/wp\/v2\/users\/2"}],"replies":[{"embeddable":true,"href":"https:\/\/arantv.az\/index.php?rest_route=%2Fwp%2Fv2%2Fcomments&post=26764"}],"version-history":[{"count":0,"href":"https:\/\/arantv.az\/index.php?rest_route=\/wp\/v2\/posts\/26764\/revisions"}],"wp:featuredmedia":[{"embeddable":true,"href":"https:\/\/arantv.az\/index.php?rest_route=\/wp\/v2\/media\/26765"}],"wp:attachment":[{"href":"https:\/\/arantv.az\/index.php?rest_route=%2Fwp%2Fv2%2Fmedia&parent=26764"}],"wp:term":[{"taxonomy":"category","embeddable":true,"href":"https:\/\/arantv.az\/index.php?rest_route=%2Fwp%2Fv2%2Fcategories&post=26764"},{"taxonomy":"post_tag","embeddable":true,"href":"https:\/\/arantv.az\/index.php?rest_route=%2Fwp%2Fv2%2Ftags&post=26764"}],"curies":[{"name":"wp","href":"https:\/\/api.w.org\/{rel}","templated":true}]}}