{"id":26767,"date":"2018-12-08T14:29:24","date_gmt":"2018-12-08T11:29:24","guid":{"rendered":"http:\/\/arantv.az\/?p=26767"},"modified":"2018-12-08T14:29:24","modified_gmt":"2018-12-08T11:29:24","slug":"qar-yagis-yagacaq-3-d%c9%99r%c9%99c%c9%99-saxta-olacaq-sabahin-havasi","status":"publish","type":"post","link":"https:\/\/arantv.az\/?p=26767","title":{"rendered":"Qar, ya\u011f\u0131\u015f ya\u011facaq, 3 d\u0259r\u0259c\u0259 \u015faxta olacaq &#8211; SABAHIN HAVASI"},"content":{"rendered":"<p><strong>Sabah \u00f6lk\u0259 \u0259razisind\u0259 g\u00f6zl\u0259nil\u0259n hava \u015f\u0259raiti il\u0259 ba\u011fl\u0131 m\u0259lumat a\u00e7\u0131qlan\u0131b.<\/strong><\/p>\n<p>Ekologiya v\u0259 T\u0259bii S\u0259rv\u0259tl\u0259r Nazirliyinin Milli Hidrometeorologiya Departamentind\u0259n <strong>ARANTV.AZ<\/strong>-a veril\u0259n m\u0259lumata g\u00f6r\u0259, Bak\u0131da v\u0259 Ab\u015feron yar\u0131madas\u0131nda sabah g\u00fcn \u0259rzind\u0259 b\u0259zi yerl\u0259rd\u0259 \u00e7iskinli ya\u011f\u0131\u015f ya\u011faca\u011f\u0131 g\u00f6zl\u0259nilir. M\u00fclayim \u015fimal-\u015f\u0259rq k\u00fcl\u0259yi \u0259s\u0259c\u0259k.<\/p>\n<p>Havan\u0131n temperaturu Ab\u015feron yar\u0131madas\u0131nda gec\u0259 6-8\u00b0, g\u00fcnd\u00fcz 9-11\u00b0 isti, Bak\u0131da gec\u0259 6-8\u00b0, g\u00fcnd\u00fcz 9-11\u00b0 isti t\u0259\u015fkil ed\u0259c\u0259k.<\/p>\n<p>Atmosfer t\u0259zyiqi normadan y\u00fcks\u0259k 766 mm civ\u0259 s\u00fctunu t\u0259\u015fkil ed\u0259c\u0259k. Nisbi r\u00fctub\u0259t 75-85 % olacaq.<\/p>\n<p>Az\u0259rbaycan\u0131n rayonlar\u0131nda b\u0259zi yerl\u0259rd\u0259 arabir ya\u011f\u0131\u015f ya\u011faca\u011f\u0131 g\u00f6zl\u0259nilir. Ayr\u0131-ayr\u0131 yerl\u0259rd\u0259 intensiv olaca\u011f\u0131, da\u011fl\u0131q \u0259razil\u0259rd\u0259 qar ya\u011faca\u011f\u0131 ehtimal\u0131 var. S\u0259h\u0259r ayr\u0131-ayr\u0131 yerl\u0259rd\u0259 duman olacaq. \u015e\u0259rq k\u00fcl\u0259yi ayr\u0131-ayr\u0131 yerl\u0259rd\u0259 arabir g\u00fccl\u0259n\u0259c\u0259k. Havan\u0131n temperaturu gec\u0259 5-8\u00b0 isti, g\u00fcnd\u00fcz 9-12\u00b0 isti, da\u011flarda gec\u0259 3\u00b0 \u015faxtadan 2\u00b0-d\u0259k isti, g\u00fcnd\u00fcz 3-6\u00b0 isti t\u0259\u015fkil ed\u0259c\u0259k.<\/p>\n","protected":false},"excerpt":{"rendered":"<p>Sabah \u00f6lk\u0259 \u0259razisind\u0259 g\u00f6zl\u0259nil\u0259n hava \u015f\u0259raiti il\u0259 ba\u011fl\u0131 m\u0259lumat a\u00e7\u0131qlan\u0131b. Ekologiya v\u0259 T\u0259bii S\u0259rv\u0259tl\u0259r Nazirliyinin Milli Hidrometeorologiya Departamentind\u0259n ARANTV.AZ-a veril\u0259n m\u0259lumata g\u00f6r\u0259, Bak\u0131da v\u0259 Ab\u015feron yar\u0131madas\u0131nda sabah g\u00fcn \u0259rzind\u0259 b\u0259zi yerl\u0259rd\u0259 \u00e7iskinli ya\u011f\u0131\u015f ya\u011faca\u011f\u0131 g\u00f6zl\u0259nilir. M\u00fclayim \u015fimal-\u015f\u0259rq k\u00fcl\u0259yi \u0259s\u0259c\u0259k. Havan\u0131n temperaturu Ab\u015feron yar\u0131madas\u0131nda gec\u0259 6-8\u00b0, g\u00fcnd\u00fcz 9-11\u00b0 isti, Bak\u0131da gec\u0259 6-8\u00b0, g\u00fcnd\u00fcz 9-11\u00b0 isti t\u0259\u015fkil ed\u0259c\u0259k. Atmosfer t\u0259zyiqi normadan y\u00fcks\u0259k 766 mm civ\u0259 s\u00fctunu t\u0259\u015fkil ed\u0259c\u0259k. Nisbi r\u00fctub\u0259t 75-85 % olacaq. Az\u0259rbaycan\u0131n rayonlar\u0131nda b\u0259zi yerl\u0259rd\u0259 arabir ya\u011f\u0131\u015f ya\u011faca\u011f\u0131 g\u00f6zl\u0259nilir. Ayr\u0131-ayr\u0131 yerl\u0259rd\u0259 intensiv olaca\u011f\u0131, da\u011fl\u0131q \u0259razil\u0259rd\u0259 qar ya\u011faca\u011f\u0131 ehtimal\u0131 var. S\u0259h\u0259r&hellip;<\/p>\n","protected":false},"author":2,"featured_media":26768,"comment_status":"closed","ping_status":"closed","sticky":false,"template":"","format":"standard","meta":{"om_disable_all_campaigns":false,"_monsterinsights_skip_tracking":false,"_monsterinsights_sitenote_active":false,"_monsterinsights_sitenote_note":"","_monsterinsights_sitenote_category":0},"categories":[1],"tags":[],"aioseo_notices":[],"gutentor_comment":0,"rttpg_featured_image_url":{"full":["https:\/\/arantv.az\/wp-content\/uploads\/2018\/12\/qish-yol.jpg",800,450,false],"landscape":["https:\/\/arantv.az\/wp-content\/uploads\/2018\/12\/qish-yol.jpg",800,450,false],"portraits":["https:\/\/arantv.az\/wp-content\/uploads\/2018\/12\/qish-yol.jpg",800,450,false],"thumbnail":["https:\/\/arantv.az\/wp-content\/uploads\/2018\/12\/qish-yol-150x150.jpg",150,150,true],"medium":["https:\/\/arantv.az\/wp-content\/uploads\/2018\/12\/qish-yol-300x169.jpg",300,169,true],"large":["https:\/\/arantv.az\/wp-content\/uploads\/2018\/12\/qish-yol.jpg",640,360,false],"1536x1536":["https:\/\/arantv.az\/wp-content\/uploads\/2018\/12\/qish-yol.jpg",800,450,false],"2048x2048":["https:\/\/arantv.az\/wp-content\/uploads\/2018\/12\/qish-yol.jpg",800,450,false],"post-thumbnail":["https:\/\/arantv.az\/wp-content\/uploads\/2018\/12\/qish-yol-240x172.jpg",240,172,true],"advps-thumb-one":["https:\/\/arantv.az\/wp-content\/uploads\/2018\/12\/qish-yol.jpg",800,450,false]},"rttpg_author":{"display_name":"V\u00fcsal Rafiqo\u011flu","author_link":"https:\/\/arantv.az\/?author=2"},"rttpg_comment":0,"rttpg_category":"<a href=\"https:\/\/arantv.az\/?cat=1\" rel=\"category\">C\u0259miyy\u0259t<\/a>","rttpg_excerpt":"Sabah \u00f6lk\u0259 \u0259razisind\u0259 g\u00f6zl\u0259nil\u0259n hava \u015f\u0259raiti il\u0259 ba\u011fl\u0131 m\u0259lumat a\u00e7\u0131qlan\u0131b. Ekologiya v\u0259 T\u0259bii S\u0259rv\u0259tl\u0259r Nazirliyinin Milli Hidrometeorologiya Departamentind\u0259n ARANTV.AZ-a veril\u0259n m\u0259lumata g\u00f6r\u0259, Bak\u0131da v\u0259 Ab\u015feron yar\u0131madas\u0131nda sabah g\u00fcn \u0259rzind\u0259 b\u0259zi yerl\u0259rd\u0259 \u00e7iskinli ya\u011f\u0131\u015f ya\u011faca\u011f\u0131 g\u00f6zl\u0259nilir. M\u00fclayim \u015fimal-\u015f\u0259rq k\u00fcl\u0259yi \u0259s\u0259c\u0259k. Havan\u0131n temperaturu Ab\u015feron yar\u0131madas\u0131nda gec\u0259 6-8\u00b0, g\u00fcnd\u00fcz 9-11\u00b0 isti, Bak\u0131da gec\u0259 6-8\u00b0, g\u00fcnd\u00fcz 9-11\u00b0 isti t\u0259\u015fkil&hellip;","_links":{"self":[{"href":"https:\/\/arantv.az\/index.php?rest_route=\/wp\/v2\/posts\/26767"}],"collection":[{"href":"https:\/\/arantv.az\/index.php?rest_route=\/wp\/v2\/posts"}],"about":[{"href":"https:\/\/arantv.az\/index.php?rest_route=\/wp\/v2\/types\/post"}],"author":[{"embeddable":true,"href":"https:\/\/arantv.az\/index.php?rest_route=\/wp\/v2\/users\/2"}],"replies":[{"embeddable":true,"href":"https:\/\/arantv.az\/index.php?rest_route=%2Fwp%2Fv2%2Fcomments&post=26767"}],"version-history":[{"count":0,"href":"https:\/\/arantv.az\/index.php?rest_route=\/wp\/v2\/posts\/26767\/revisions"}],"wp:featuredmedia":[{"embeddable":true,"href":"https:\/\/arantv.az\/index.php?rest_route=\/wp\/v2\/media\/26768"}],"wp:attachment":[{"href":"https:\/\/arantv.az\/index.php?rest_route=%2Fwp%2Fv2%2Fmedia&parent=26767"}],"wp:term":[{"taxonomy":"category","embeddable":true,"href":"https:\/\/arantv.az\/index.php?rest_route=%2Fwp%2Fv2%2Fcategories&post=26767"},{"taxonomy":"post_tag","embeddable":true,"href":"https:\/\/arantv.az\/index.php?rest_route=%2Fwp%2Fv2%2Ftags&post=26767"}],"curies":[{"name":"wp","href":"https:\/\/api.w.org\/{rel}","templated":true}]}}