{"id":267673,"date":"2021-01-07T19:22:08","date_gmt":"2021-01-07T16:22:08","guid":{"rendered":"http:\/\/arantv.az\/?p=267673"},"modified":"2021-01-07T19:22:08","modified_gmt":"2021-01-07T16:22:08","slug":"t%c9%99rxis-edil%c9%99n-%c9%99sg%c9%99rimiz-itkin-dusdu","status":"publish","type":"post","link":"https:\/\/arantv.az\/?p=267673","title":{"rendered":"T\u0259rxis edil\u0259n \u018fSG\u018fR\u0130M\u0130Z \u0130TK\u0130N D\u00dc\u015eD\u00dc"},"content":{"rendered":"<p>V\u0259t\u0259n m\u00fcharib\u0259sind\u0259 i\u015ftirak etmi\u015f S\u00fcleymanov Kamal Ceyhun o\u011flu itkin d\u00fc\u015f\u00fcb.<\/p>\n<p><strong>ARANTV.AZ<\/strong>\u00a0 Sonxeber.az-a istinad\u0259n x\u0259b\u0259r verir ki, bu bar\u0259d\u0259 sosial \u015f\u0259b\u0259k\u0259l\u0259rd\u0259 m\u0259lumat yay\u0131l\u0131b.<\/p>\n<p>Ail\u0259 \u00fczvl\u0259rinin bildirdiyin\u0259 g\u00f6r\u0259 \u0259sg\u0259r dekabr\u0131n 31-i ail\u0259nin dig\u0259r \u00fczvl\u0259ri il\u0259 dan\u0131\u015faraq ev\u0259 g\u0259lib, anas\u0131na s\u00fcrpriz ed\u0259c\u0259yini bildirib. Buna g\u00f6r\u0259 ail\u0259si onu qar\u015f\u0131lama\u011fa getm\u0259yibl\u0259r. \u018fsg\u0259rin t\u0259rxis olundu\u011fu deyilir.<\/p>\n<p>Qeyd edilir ki, ail\u0259 bir ne\u00e7\u0259 g\u00fcn \u00f6nc\u0259 o\u011flunun itkin d\u00fc\u015fm\u0259si il\u0259 ba\u011fl\u0131 Ab\u015feron rayon Polis \u015e\u00f6b\u0259sin\u0259 m\u00fcraci\u0259t edib.<\/p>\n","protected":false},"excerpt":{"rendered":"<p>V\u0259t\u0259n m\u00fcharib\u0259sind\u0259 i\u015ftirak etmi\u015f S\u00fcleymanov Kamal Ceyhun o\u011flu itkin d\u00fc\u015f\u00fcb. ARANTV.AZ\u00a0 Sonxeber.az-a istinad\u0259n x\u0259b\u0259r verir ki, bu bar\u0259d\u0259 sosial \u015f\u0259b\u0259k\u0259l\u0259rd\u0259 m\u0259lumat yay\u0131l\u0131b. Ail\u0259 \u00fczvl\u0259rinin bildirdiyin\u0259 g\u00f6r\u0259 \u0259sg\u0259r dekabr\u0131n 31-i ail\u0259nin dig\u0259r \u00fczvl\u0259ri il\u0259 dan\u0131\u015faraq ev\u0259 g\u0259lib, anas\u0131na s\u00fcrpriz ed\u0259c\u0259yini bildirib. Buna g\u00f6r\u0259 ail\u0259si onu qar\u015f\u0131lama\u011fa getm\u0259yibl\u0259r. \u018fsg\u0259rin t\u0259rxis olundu\u011fu deyilir. Qeyd edilir ki, ail\u0259 bir ne\u00e7\u0259 g\u00fcn \u00f6nc\u0259 o\u011flunun itkin d\u00fc\u015fm\u0259si il\u0259 ba\u011fl\u0131 Ab\u015feron rayon Polis \u015e\u00f6b\u0259sin\u0259 m\u00fcraci\u0259t edib.<\/p>\n","protected":false},"author":2,"featured_media":267674,"comment_status":"closed","ping_status":"closed","sticky":false,"template":"","format":"standard","meta":{"om_disable_all_campaigns":false,"_monsterinsights_skip_tracking":false,"_monsterinsights_sitenote_active":false,"_monsterinsights_sitenote_note":"","_monsterinsights_sitenote_category":0},"categories":[26],"tags":[],"aioseo_notices":[],"gutentor_comment":0,"rttpg_featured_image_url":{"full":["https:\/\/arantv.az\/wp-content\/uploads\/2021\/01\/esgerrrrrrrrrrrrrrr.png",549,308,false],"landscape":["https:\/\/arantv.az\/wp-content\/uploads\/2021\/01\/esgerrrrrrrrrrrrrrr.png",549,308,false],"portraits":["https:\/\/arantv.az\/wp-content\/uploads\/2021\/01\/esgerrrrrrrrrrrrrrr.png",549,308,false],"thumbnail":["https:\/\/arantv.az\/wp-content\/uploads\/2021\/01\/esgerrrrrrrrrrrrrrr-150x150.png",150,150,true],"medium":["https:\/\/arantv.az\/wp-content\/uploads\/2021\/01\/esgerrrrrrrrrrrrrrr-300x168.png",300,168,true],"large":["https:\/\/arantv.az\/wp-content\/uploads\/2021\/01\/esgerrrrrrrrrrrrrrr.png",549,308,false],"1536x1536":["https:\/\/arantv.az\/wp-content\/uploads\/2021\/01\/esgerrrrrrrrrrrrrrr.png",549,308,false],"2048x2048":["https:\/\/arantv.az\/wp-content\/uploads\/2021\/01\/esgerrrrrrrrrrrrrrr.png",549,308,false],"post-thumbnail":["https:\/\/arantv.az\/wp-content\/uploads\/2021\/01\/esgerrrrrrrrrrrrrrr-240x172.png",240,172,true],"advps-thumb-one":["https:\/\/arantv.az\/wp-content\/uploads\/2021\/01\/esgerrrrrrrrrrrrrrr.png",549,308,false]},"rttpg_author":{"display_name":"V\u00fcsal Rafiqo\u011flu","author_link":"https:\/\/arantv.az\/?author=2"},"rttpg_comment":0,"rttpg_category":"<a href=\"https:\/\/arantv.az\/?cat=26\" rel=\"category\">Sosial<\/a>","rttpg_excerpt":"V\u0259t\u0259n m\u00fcharib\u0259sind\u0259 i\u015ftirak etmi\u015f S\u00fcleymanov Kamal Ceyhun o\u011flu itkin d\u00fc\u015f\u00fcb. ARANTV.AZ\u00a0 Sonxeber.az-a istinad\u0259n x\u0259b\u0259r verir ki, bu bar\u0259d\u0259 sosial \u015f\u0259b\u0259k\u0259l\u0259rd\u0259 m\u0259lumat yay\u0131l\u0131b. Ail\u0259 \u00fczvl\u0259rinin bildirdiyin\u0259 g\u00f6r\u0259 \u0259sg\u0259r dekabr\u0131n 31-i ail\u0259nin dig\u0259r \u00fczvl\u0259ri il\u0259 dan\u0131\u015faraq ev\u0259 g\u0259lib, anas\u0131na s\u00fcrpriz ed\u0259c\u0259yini bildirib. Buna g\u00f6r\u0259 ail\u0259si onu qar\u015f\u0131lama\u011fa getm\u0259yibl\u0259r. \u018fsg\u0259rin t\u0259rxis olundu\u011fu deyilir. Qeyd edilir ki, ail\u0259 bir&hellip;","_links":{"self":[{"href":"https:\/\/arantv.az\/index.php?rest_route=\/wp\/v2\/posts\/267673"}],"collection":[{"href":"https:\/\/arantv.az\/index.php?rest_route=\/wp\/v2\/posts"}],"about":[{"href":"https:\/\/arantv.az\/index.php?rest_route=\/wp\/v2\/types\/post"}],"author":[{"embeddable":true,"href":"https:\/\/arantv.az\/index.php?rest_route=\/wp\/v2\/users\/2"}],"replies":[{"embeddable":true,"href":"https:\/\/arantv.az\/index.php?rest_route=%2Fwp%2Fv2%2Fcomments&post=267673"}],"version-history":[{"count":0,"href":"https:\/\/arantv.az\/index.php?rest_route=\/wp\/v2\/posts\/267673\/revisions"}],"wp:featuredmedia":[{"embeddable":true,"href":"https:\/\/arantv.az\/index.php?rest_route=\/wp\/v2\/media\/267674"}],"wp:attachment":[{"href":"https:\/\/arantv.az\/index.php?rest_route=%2Fwp%2Fv2%2Fmedia&parent=267673"}],"wp:term":[{"taxonomy":"category","embeddable":true,"href":"https:\/\/arantv.az\/index.php?rest_route=%2Fwp%2Fv2%2Fcategories&post=267673"},{"taxonomy":"post_tag","embeddable":true,"href":"https:\/\/arantv.az\/index.php?rest_route=%2Fwp%2Fv2%2Ftags&post=267673"}],"curies":[{"name":"wp","href":"https:\/\/api.w.org\/{rel}","templated":true}]}}