{"id":267677,"date":"2021-01-07T19:23:04","date_gmt":"2021-01-07T16:23:04","guid":{"rendered":"http:\/\/arantv.az\/?p=267677"},"modified":"2021-01-07T19:23:04","modified_gmt":"2021-01-07T16:23:04","slug":"bayragimizi-sancark%c9%99n-dusm%c9%99n-snayperi-il%c9%99-vurulan-komandirimiz","status":"publish","type":"post","link":"https:\/\/arantv.az\/?p=267677","title":{"rendered":"Bayra\u011f\u0131m\u0131z\u0131 sancark\u0259n d\u00fc\u015fm\u0259n snayperi il\u0259 vurulan KOMAND\u0130R\u0130M\u0130Z"},"content":{"rendered":"<p>\u015e\u0259hid kapitan Cavid Mahmudovun sosial \u015f\u0259b\u0259k\u0259l\u0259rd\u0259 yay\u0131lan h\u0259yat hekay\u0259si h\u0259r k\u0259si k\u00f6vr\u0259ldib.<\/p>\n<p><strong>ARANTV.AZ<\/strong> Sonxeber.az-a istinad\u0259n bildirir ki, V\u0259t\u0259n m\u00fcharib\u0259si ba\u015flayanda kapitan Cavid Mahmudovun komandirlik etdiyi h\u0259ml\u0259 taboru F\u00fczulinin \u018fhm\u0259db\u0259yli k\u0259ndi istiqam\u0259tind\u0259 \u0259ks h\u00fccum \u0259m\u0259liyyatlar\u0131 ke\u00e7irib.<\/p>\n<p>Onun taborunun \u015f\u0259xsi hey\u0259ti d\u00fc\u015fm\u0259nin F\u00fczuli rayonu istiqam\u0259tind\u0259 al\u0131nmaz hesab etdiyi y\u00fcks\u0259klikl\u0259rd\u0259 bayra\u011f\u0131m\u0131z\u0131 dal\u011faland\u0131r\u0131b.<\/p>\n<p>Cavid Mahmudov art\u0131q 5-ci y\u00fcks\u0259kliy\u0259 bayra\u011f\u0131m\u0131z\u0131 sancark\u0259n, d\u00fc\u015fm\u0259n snayperi t\u0259r\u0259find\u0259n vurulub.<\/p>\n<p>T\u0259xliy\u0259sin\u0259 \u00e7al\u0131\u015fan \u0259sg\u0259rl\u0259rin\u0259 &#8220;Yaln\u0131z ir\u0259li!&#8221; \u0259mrini ver\u0259n komandir, komandanl\u0131\u011f\u0131n tap\u015f\u0131r\u0131\u011f\u0131n\u0131 icra em\u0259yi can\u0131ndan \u00fcst\u00fcn tutub.<\/p>\n<p>\u015e\u0259had\u0259t\u0259 qovu\u015fdu\u011fu 5 oktyabr tarixin\u0259d\u0259k t\u0259cr\u00fcb\u0259li komandirin he\u00e7 bir \u0259sg\u0259rinin \u015f\u0259hid olmad\u0131\u011f\u0131 deyilir.<\/p>\n","protected":false},"excerpt":{"rendered":"<p>\u015e\u0259hid kapitan Cavid Mahmudovun sosial \u015f\u0259b\u0259k\u0259l\u0259rd\u0259 yay\u0131lan h\u0259yat hekay\u0259si h\u0259r k\u0259si k\u00f6vr\u0259ldib. ARANTV.AZ Sonxeber.az-a istinad\u0259n bildirir ki, V\u0259t\u0259n m\u00fcharib\u0259si ba\u015flayanda kapitan Cavid Mahmudovun komandirlik etdiyi h\u0259ml\u0259 taboru F\u00fczulinin \u018fhm\u0259db\u0259yli k\u0259ndi istiqam\u0259tind\u0259 \u0259ks h\u00fccum \u0259m\u0259liyyatlar\u0131 ke\u00e7irib. Onun taborunun \u015f\u0259xsi hey\u0259ti d\u00fc\u015fm\u0259nin F\u00fczuli rayonu istiqam\u0259tind\u0259 al\u0131nmaz hesab etdiyi y\u00fcks\u0259klikl\u0259rd\u0259 bayra\u011f\u0131m\u0131z\u0131 dal\u011faland\u0131r\u0131b. Cavid Mahmudov art\u0131q 5-ci y\u00fcks\u0259kliy\u0259 bayra\u011f\u0131m\u0131z\u0131 sancark\u0259n, d\u00fc\u015fm\u0259n snayperi t\u0259r\u0259find\u0259n vurulub. T\u0259xliy\u0259sin\u0259 \u00e7al\u0131\u015fan \u0259sg\u0259rl\u0259rin\u0259 &#8220;Yaln\u0131z ir\u0259li!&#8221; \u0259mrini ver\u0259n komandir, komandanl\u0131\u011f\u0131n tap\u015f\u0131r\u0131\u011f\u0131n\u0131 icra em\u0259yi can\u0131ndan \u00fcst\u00fcn tutub. \u015e\u0259had\u0259t\u0259 qovu\u015fdu\u011fu 5 oktyabr tarixin\u0259d\u0259k t\u0259cr\u00fcb\u0259li komandirin he\u00e7 bir \u0259sg\u0259rinin \u015f\u0259hid olmad\u0131\u011f\u0131 deyilir.<\/p>\n","protected":false},"author":2,"featured_media":267678,"comment_status":"closed","ping_status":"closed","sticky":false,"template":"","format":"standard","meta":{"om_disable_all_campaigns":false,"_monsterinsights_skip_tracking":false,"_monsterinsights_sitenote_active":false,"_monsterinsights_sitenote_note":"","_monsterinsights_sitenote_category":0},"categories":[26],"tags":[],"aioseo_notices":[],"gutentor_comment":0,"rttpg_featured_image_url":{"full":["https:\/\/arantv.az\/wp-content\/uploads\/2021\/01\/komandir_11610027623.jpg",549,345,false],"landscape":["https:\/\/arantv.az\/wp-content\/uploads\/2021\/01\/komandir_11610027623.jpg",549,345,false],"portraits":["https:\/\/arantv.az\/wp-content\/uploads\/2021\/01\/komandir_11610027623.jpg",549,345,false],"thumbnail":["https:\/\/arantv.az\/wp-content\/uploads\/2021\/01\/komandir_11610027623-150x150.jpg",150,150,true],"medium":["https:\/\/arantv.az\/wp-content\/uploads\/2021\/01\/komandir_11610027623-300x189.jpg",300,189,true],"large":["https:\/\/arantv.az\/wp-content\/uploads\/2021\/01\/komandir_11610027623.jpg",549,345,false],"1536x1536":["https:\/\/arantv.az\/wp-content\/uploads\/2021\/01\/komandir_11610027623.jpg",549,345,false],"2048x2048":["https:\/\/arantv.az\/wp-content\/uploads\/2021\/01\/komandir_11610027623.jpg",549,345,false],"post-thumbnail":["https:\/\/arantv.az\/wp-content\/uploads\/2021\/01\/komandir_11610027623-240x172.jpg",240,172,true],"advps-thumb-one":["https:\/\/arantv.az\/wp-content\/uploads\/2021\/01\/komandir_11610027623.jpg",549,345,false]},"rttpg_author":{"display_name":"V\u00fcsal Rafiqo\u011flu","author_link":"https:\/\/arantv.az\/?author=2"},"rttpg_comment":0,"rttpg_category":"<a href=\"https:\/\/arantv.az\/?cat=26\" rel=\"category\">Sosial<\/a>","rttpg_excerpt":"\u015e\u0259hid kapitan Cavid Mahmudovun sosial \u015f\u0259b\u0259k\u0259l\u0259rd\u0259 yay\u0131lan h\u0259yat hekay\u0259si h\u0259r k\u0259si k\u00f6vr\u0259ldib. ARANTV.AZ Sonxeber.az-a istinad\u0259n bildirir ki, V\u0259t\u0259n m\u00fcharib\u0259si ba\u015flayanda kapitan Cavid Mahmudovun komandirlik etdiyi h\u0259ml\u0259 taboru F\u00fczulinin \u018fhm\u0259db\u0259yli k\u0259ndi istiqam\u0259tind\u0259 \u0259ks h\u00fccum \u0259m\u0259liyyatlar\u0131 ke\u00e7irib. Onun taborunun \u015f\u0259xsi hey\u0259ti d\u00fc\u015fm\u0259nin F\u00fczuli rayonu istiqam\u0259tind\u0259 al\u0131nmaz hesab etdiyi y\u00fcks\u0259klikl\u0259rd\u0259 bayra\u011f\u0131m\u0131z\u0131 dal\u011faland\u0131r\u0131b. Cavid Mahmudov art\u0131q 5-ci y\u00fcks\u0259kliy\u0259 bayra\u011f\u0131m\u0131z\u0131&hellip;","_links":{"self":[{"href":"https:\/\/arantv.az\/index.php?rest_route=\/wp\/v2\/posts\/267677"}],"collection":[{"href":"https:\/\/arantv.az\/index.php?rest_route=\/wp\/v2\/posts"}],"about":[{"href":"https:\/\/arantv.az\/index.php?rest_route=\/wp\/v2\/types\/post"}],"author":[{"embeddable":true,"href":"https:\/\/arantv.az\/index.php?rest_route=\/wp\/v2\/users\/2"}],"replies":[{"embeddable":true,"href":"https:\/\/arantv.az\/index.php?rest_route=%2Fwp%2Fv2%2Fcomments&post=267677"}],"version-history":[{"count":0,"href":"https:\/\/arantv.az\/index.php?rest_route=\/wp\/v2\/posts\/267677\/revisions"}],"wp:featuredmedia":[{"embeddable":true,"href":"https:\/\/arantv.az\/index.php?rest_route=\/wp\/v2\/media\/267678"}],"wp:attachment":[{"href":"https:\/\/arantv.az\/index.php?rest_route=%2Fwp%2Fv2%2Fmedia&parent=267677"}],"wp:term":[{"taxonomy":"category","embeddable":true,"href":"https:\/\/arantv.az\/index.php?rest_route=%2Fwp%2Fv2%2Fcategories&post=267677"},{"taxonomy":"post_tag","embeddable":true,"href":"https:\/\/arantv.az\/index.php?rest_route=%2Fwp%2Fv2%2Ftags&post=267677"}],"curies":[{"name":"wp","href":"https:\/\/api.w.org\/{rel}","templated":true}]}}