{"id":267685,"date":"2021-01-07T19:26:00","date_gmt":"2021-01-07T16:26:00","guid":{"rendered":"http:\/\/arantv.az\/?p=267685"},"modified":"2021-01-07T19:26:00","modified_gmt":"2021-01-07T16:26:00","slug":"avtomobil-bazarinda-durgunluq-ekspertd%c9%99n-pessimist-proqnoz","status":"publish","type":"post","link":"https:\/\/arantv.az\/?p=267685","title":{"rendered":"Avtomobil bazar\u0131nda dur\u011funluq &#8211; Ekspertd\u0259n pessimist proqnoz"},"content":{"rendered":"<p>Az\u0259rbaycanda avtomobil bazar\u0131nda ciddi bir d\u0259yi\u015fiklik yoxdur. H\u0259r ilin sonunda v\u0259 \u0259vv\u0259lind\u0259 ad\u0259t\u0259n avtomobil bazar\u0131nda bir dur\u011funluq m\u00fc\u015fahid\u0259 olunur. Bu il d\u0259 ona ox\u015far v\u0259ziyy\u0259tdir.<\/p>\n<p><strong>ARANTV.AZ<\/strong> bildirir ki, bunu\u00a0<a href=\"https:\/\/az.trend.az\/\" target=\"_blank\" rel=\"noopener\">Trend<\/a>-\u0259\u00a0\u0259mlak m\u0259s\u0259l\u0259l\u0259ri \u00fczr\u0259 ekspert Ramil Osmanl\u0131 deyib.<\/p>\n<p>R.Osmanl\u0131 bildirib ki, pandemiya v\u0259 dig\u0259r s\u0259b\u0259bl\u0259rd\u0259n yaranm\u0131\u015f tendensiyan\u0131 da bura \u0259lav\u0259 ets\u0259k, avtomobil bazar\u0131nda dur\u011funluq m\u00fc\u015fhid\u0259 olunur. Ekspert bildirib ki, bu v\u0259ziyy\u0259tin n\u0259 q\u0259d\u0259r davam ed\u0259c\u0259yini d\u0259 proqnozla\u015fd\u0131rmaq h\u0259l\u0259ki m\u00fcmk\u00fcn deyil:<\/p>\n<p>&#8220;Y\u0259qin ki, qar\u015f\u0131dak\u0131 aylarda v\u0259ziyy\u0259tin t\u0259hlil olunmas\u0131 \u00fc\u00e7\u00fcn imkan v\u0259 \u015f\u0259rait yaranacaq. Ancaq yax\u0131n bir-iki ayda v\u0259ziyy\u0259tin m\u00fcsb\u0259t\u0259 do\u011fru d\u0259yi\u015f\u0259c\u0259yini s\u00f6yl\u0259m\u0259k \u00e7\u0259tindir&#8221;.<\/p>\n","protected":false},"excerpt":{"rendered":"<p>Az\u0259rbaycanda avtomobil bazar\u0131nda ciddi bir d\u0259yi\u015fiklik yoxdur. H\u0259r ilin sonunda v\u0259 \u0259vv\u0259lind\u0259 ad\u0259t\u0259n avtomobil bazar\u0131nda bir dur\u011funluq m\u00fc\u015fahid\u0259 olunur. Bu il d\u0259 ona ox\u015far v\u0259ziyy\u0259tdir. ARANTV.AZ bildirir ki, bunu\u00a0Trend-\u0259\u00a0\u0259mlak m\u0259s\u0259l\u0259l\u0259ri \u00fczr\u0259 ekspert Ramil Osmanl\u0131 deyib. R.Osmanl\u0131 bildirib ki, pandemiya v\u0259 dig\u0259r s\u0259b\u0259bl\u0259rd\u0259n yaranm\u0131\u015f tendensiyan\u0131 da bura \u0259lav\u0259 ets\u0259k, avtomobil bazar\u0131nda dur\u011funluq m\u00fc\u015fhid\u0259 olunur. Ekspert bildirib ki, bu v\u0259ziyy\u0259tin n\u0259 q\u0259d\u0259r davam ed\u0259c\u0259yini d\u0259 proqnozla\u015fd\u0131rmaq h\u0259l\u0259ki m\u00fcmk\u00fcn deyil: &#8220;Y\u0259qin ki, qar\u015f\u0131dak\u0131 aylarda v\u0259ziyy\u0259tin t\u0259hlil olunmas\u0131 \u00fc\u00e7\u00fcn imkan v\u0259 \u015f\u0259rait yaranacaq. Ancaq yax\u0131n bir-iki ayda v\u0259ziyy\u0259tin m\u00fcsb\u0259t\u0259 do\u011fru d\u0259yi\u015f\u0259c\u0259yini s\u00f6yl\u0259m\u0259k \u00e7\u0259tindir&#8221;.<\/p>\n","protected":false},"author":2,"featured_media":267686,"comment_status":"closed","ping_status":"closed","sticky":false,"template":"","format":"standard","meta":{"om_disable_all_campaigns":false,"_monsterinsights_skip_tracking":false,"_monsterinsights_sitenote_active":false,"_monsterinsights_sitenote_note":"","_monsterinsights_sitenote_category":0},"categories":[19],"tags":[],"aioseo_notices":[],"gutentor_comment":0,"rttpg_featured_image_url":{"full":["https:\/\/arantv.az\/wp-content\/uploads\/2021\/01\/mashin_bazari_280420.jpg",1280,720,false],"landscape":["https:\/\/arantv.az\/wp-content\/uploads\/2021\/01\/mashin_bazari_280420.jpg",1280,720,false],"portraits":["https:\/\/arantv.az\/wp-content\/uploads\/2021\/01\/mashin_bazari_280420.jpg",1280,720,false],"thumbnail":["https:\/\/arantv.az\/wp-content\/uploads\/2021\/01\/mashin_bazari_280420-150x150.jpg",150,150,true],"medium":["https:\/\/arantv.az\/wp-content\/uploads\/2021\/01\/mashin_bazari_280420-300x169.jpg",300,169,true],"large":["https:\/\/arantv.az\/wp-content\/uploads\/2021\/01\/mashin_bazari_280420-1024x576.jpg",640,360,true],"1536x1536":["https:\/\/arantv.az\/wp-content\/uploads\/2021\/01\/mashin_bazari_280420.jpg",1280,720,false],"2048x2048":["https:\/\/arantv.az\/wp-content\/uploads\/2021\/01\/mashin_bazari_280420.jpg",1280,720,false],"post-thumbnail":["https:\/\/arantv.az\/wp-content\/uploads\/2021\/01\/mashin_bazari_280420-240x172.jpg",240,172,true],"advps-thumb-one":["https:\/\/arantv.az\/wp-content\/uploads\/2021\/01\/mashin_bazari_280420-1200x620.jpg",1200,620,true]},"rttpg_author":{"display_name":"V\u00fcsal Rafiqo\u011flu","author_link":"https:\/\/arantv.az\/?author=2"},"rttpg_comment":0,"rttpg_category":"<a href=\"https:\/\/arantv.az\/?cat=19\" rel=\"category\">G\u00fcnd\u0259m<\/a>","rttpg_excerpt":"Az\u0259rbaycanda avtomobil bazar\u0131nda ciddi bir d\u0259yi\u015fiklik yoxdur. H\u0259r ilin sonunda v\u0259 \u0259vv\u0259lind\u0259 ad\u0259t\u0259n avtomobil bazar\u0131nda bir dur\u011funluq m\u00fc\u015fahid\u0259 olunur. Bu il d\u0259 ona ox\u015far v\u0259ziyy\u0259tdir. ARANTV.AZ bildirir ki, bunu\u00a0Trend-\u0259\u00a0\u0259mlak m\u0259s\u0259l\u0259l\u0259ri \u00fczr\u0259 ekspert Ramil Osmanl\u0131 deyib. R.Osmanl\u0131 bildirib ki, pandemiya v\u0259 dig\u0259r s\u0259b\u0259bl\u0259rd\u0259n yaranm\u0131\u015f tendensiyan\u0131 da bura \u0259lav\u0259 ets\u0259k, avtomobil bazar\u0131nda dur\u011funluq m\u00fc\u015fhid\u0259 olunur. Ekspert bildirib&hellip;","_links":{"self":[{"href":"https:\/\/arantv.az\/index.php?rest_route=\/wp\/v2\/posts\/267685"}],"collection":[{"href":"https:\/\/arantv.az\/index.php?rest_route=\/wp\/v2\/posts"}],"about":[{"href":"https:\/\/arantv.az\/index.php?rest_route=\/wp\/v2\/types\/post"}],"author":[{"embeddable":true,"href":"https:\/\/arantv.az\/index.php?rest_route=\/wp\/v2\/users\/2"}],"replies":[{"embeddable":true,"href":"https:\/\/arantv.az\/index.php?rest_route=%2Fwp%2Fv2%2Fcomments&post=267685"}],"version-history":[{"count":0,"href":"https:\/\/arantv.az\/index.php?rest_route=\/wp\/v2\/posts\/267685\/revisions"}],"wp:featuredmedia":[{"embeddable":true,"href":"https:\/\/arantv.az\/index.php?rest_route=\/wp\/v2\/media\/267686"}],"wp:attachment":[{"href":"https:\/\/arantv.az\/index.php?rest_route=%2Fwp%2Fv2%2Fmedia&parent=267685"}],"wp:term":[{"taxonomy":"category","embeddable":true,"href":"https:\/\/arantv.az\/index.php?rest_route=%2Fwp%2Fv2%2Fcategories&post=267685"},{"taxonomy":"post_tag","embeddable":true,"href":"https:\/\/arantv.az\/index.php?rest_route=%2Fwp%2Fv2%2Ftags&post=267685"}],"curies":[{"name":"wp","href":"https:\/\/api.w.org\/{rel}","templated":true}]}}