{"id":267693,"date":"2021-01-07T19:28:06","date_gmt":"2021-01-07T16:28:06","guid":{"rendered":"http:\/\/arantv.az\/?p=267693"},"modified":"2021-01-07T19:28:06","modified_gmt":"2021-01-07T16:28:06","slug":"t%c9%99hsil-naziri-yeni-yaradilmis-agentliy%c9%99-yeni-s%c9%99dr-t%c9%99yin-etdi","status":"publish","type":"post","link":"https:\/\/arantv.az\/?p=267693","title":{"rendered":"T\u0259hsil Naziri yeni yarad\u0131lm\u0131\u015f Agentliy\u0259 yeni s\u0259dr t\u0259yin etdi"},"content":{"rendered":"<p>T\u0259hsil Nazirliyinin tabeliyind\u0259 f\u0259aliyy\u0259t g\u00f6st\u0259r\u0259n T\u0259hsild\u0259 Keyfiyy\u0259t T\u0259minat\u0131 Agentliyin\u0259 yeni s\u0259dr t\u0259yin edilib.<\/p>\n<p><strong>ARANTV.AZ\u00a0<\/strong> x\u0259b\u0259r verir ki, bununla ba\u011fl\u0131 T\u0259hsil naziri Emin \u018fmrullayev m\u00fcvafiq \u0259mr imzalay\u0131b.<\/p>\n<div id=\"AdviadNativeVideo0\" class=\"AdviadNativeVideo\"><\/div>\n<p>\u018fmr\u0259 \u0259sas\u0259n,\u00a0Eldar Orucov\u00a0T\u0259hsild\u0259 Keyfiyy\u0259t T\u0259minat\u0131 Agentliyinin \u0130dar\u0259 Hey\u0259tinin s\u0259dri t\u0259yin olunub.<\/p>\n<p>O, bu t\u0259yinata q\u0259d\u0259r Agentliyin \u0130dar\u0259 Hey\u0259ti s\u0259drinin m\u00fcavini v\u0259zif\u0259sini tutub.<\/p>\n<p>Qeyd ed\u0259k ki, E.Orucov 2004-c\u00fc ild\u0259 Az\u0259rbaycan Respublikas\u0131n\u0131n Prezidenti yan\u0131nda D\u00f6vl\u0259t \u0130dar\u0259\u00e7ilik Akademiyas\u0131n\u0131\u00a0bitirib. O, 2009-2016-c\u0131 ill\u0259rd\u0259 \u00f6lk\u0259nin apar\u0131c\u0131 banklar\u0131nda r\u0259hb\u0259r v\u0259zif\u0259l\u0259rd\u0259 \u00e7al\u0131\u015f\u0131b.<\/p>\n","protected":false},"excerpt":{"rendered":"<p>T\u0259hsil Nazirliyinin tabeliyind\u0259 f\u0259aliyy\u0259t g\u00f6st\u0259r\u0259n T\u0259hsild\u0259 Keyfiyy\u0259t T\u0259minat\u0131 Agentliyin\u0259 yeni s\u0259dr t\u0259yin edilib. ARANTV.AZ\u00a0 x\u0259b\u0259r verir ki, bununla ba\u011fl\u0131 T\u0259hsil naziri Emin \u018fmrullayev m\u00fcvafiq \u0259mr imzalay\u0131b. \u018fmr\u0259 \u0259sas\u0259n,\u00a0Eldar Orucov\u00a0T\u0259hsild\u0259 Keyfiyy\u0259t T\u0259minat\u0131 Agentliyinin \u0130dar\u0259 Hey\u0259tinin s\u0259dri t\u0259yin olunub. O, bu t\u0259yinata q\u0259d\u0259r Agentliyin \u0130dar\u0259 Hey\u0259ti s\u0259drinin m\u00fcavini v\u0259zif\u0259sini tutub. Qeyd ed\u0259k ki, E.Orucov 2004-c\u00fc ild\u0259 Az\u0259rbaycan Respublikas\u0131n\u0131n Prezidenti yan\u0131nda D\u00f6vl\u0259t \u0130dar\u0259\u00e7ilik Akademiyas\u0131n\u0131\u00a0bitirib. O, 2009-2016-c\u0131 ill\u0259rd\u0259 \u00f6lk\u0259nin apar\u0131c\u0131 banklar\u0131nda r\u0259hb\u0259r v\u0259zif\u0259l\u0259rd\u0259 \u00e7al\u0131\u015f\u0131b.<\/p>\n","protected":false},"author":2,"featured_media":267694,"comment_status":"closed","ping_status":"closed","sticky":false,"template":"","format":"standard","meta":{"om_disable_all_campaigns":false,"_monsterinsights_skip_tracking":false,"_monsterinsights_sitenote_active":false,"_monsterinsights_sitenote_note":"","_monsterinsights_sitenote_category":0},"categories":[4],"tags":[],"aioseo_notices":[],"gutentor_comment":0,"rttpg_featured_image_url":{"full":["https:\/\/arantv.az\/wp-content\/uploads\/2021\/01\/emin-sekil.jpg",620,414,false],"landscape":["https:\/\/arantv.az\/wp-content\/uploads\/2021\/01\/emin-sekil.jpg",620,414,false],"portraits":["https:\/\/arantv.az\/wp-content\/uploads\/2021\/01\/emin-sekil.jpg",620,414,false],"thumbnail":["https:\/\/arantv.az\/wp-content\/uploads\/2021\/01\/emin-sekil-150x150.jpg",150,150,true],"medium":["https:\/\/arantv.az\/wp-content\/uploads\/2021\/01\/emin-sekil-300x200.jpg",300,200,true],"large":["https:\/\/arantv.az\/wp-content\/uploads\/2021\/01\/emin-sekil.jpg",620,414,false],"1536x1536":["https:\/\/arantv.az\/wp-content\/uploads\/2021\/01\/emin-sekil.jpg",620,414,false],"2048x2048":["https:\/\/arantv.az\/wp-content\/uploads\/2021\/01\/emin-sekil.jpg",620,414,false],"post-thumbnail":["https:\/\/arantv.az\/wp-content\/uploads\/2021\/01\/emin-sekil-240x172.jpg",240,172,true],"advps-thumb-one":["https:\/\/arantv.az\/wp-content\/uploads\/2021\/01\/emin-sekil.jpg",620,414,false]},"rttpg_author":{"display_name":"V\u00fcsal Rafiqo\u011flu","author_link":"https:\/\/arantv.az\/?author=2"},"rttpg_comment":0,"rttpg_category":"<a href=\"https:\/\/arantv.az\/?cat=4\" rel=\"category\">Siyas\u0259t<\/a>","rttpg_excerpt":"T\u0259hsil Nazirliyinin tabeliyind\u0259 f\u0259aliyy\u0259t g\u00f6st\u0259r\u0259n T\u0259hsild\u0259 Keyfiyy\u0259t T\u0259minat\u0131 Agentliyin\u0259 yeni s\u0259dr t\u0259yin edilib. ARANTV.AZ\u00a0 x\u0259b\u0259r verir ki, bununla ba\u011fl\u0131 T\u0259hsil naziri Emin \u018fmrullayev m\u00fcvafiq \u0259mr imzalay\u0131b. \u018fmr\u0259 \u0259sas\u0259n,\u00a0Eldar Orucov\u00a0T\u0259hsild\u0259 Keyfiyy\u0259t T\u0259minat\u0131 Agentliyinin \u0130dar\u0259 Hey\u0259tinin s\u0259dri t\u0259yin olunub. O, bu t\u0259yinata q\u0259d\u0259r Agentliyin \u0130dar\u0259 Hey\u0259ti s\u0259drinin m\u00fcavini v\u0259zif\u0259sini tutub. Qeyd ed\u0259k ki, E.Orucov 2004-c\u00fc ild\u0259 Az\u0259rbaycan&hellip;","_links":{"self":[{"href":"https:\/\/arantv.az\/index.php?rest_route=\/wp\/v2\/posts\/267693"}],"collection":[{"href":"https:\/\/arantv.az\/index.php?rest_route=\/wp\/v2\/posts"}],"about":[{"href":"https:\/\/arantv.az\/index.php?rest_route=\/wp\/v2\/types\/post"}],"author":[{"embeddable":true,"href":"https:\/\/arantv.az\/index.php?rest_route=\/wp\/v2\/users\/2"}],"replies":[{"embeddable":true,"href":"https:\/\/arantv.az\/index.php?rest_route=%2Fwp%2Fv2%2Fcomments&post=267693"}],"version-history":[{"count":0,"href":"https:\/\/arantv.az\/index.php?rest_route=\/wp\/v2\/posts\/267693\/revisions"}],"wp:featuredmedia":[{"embeddable":true,"href":"https:\/\/arantv.az\/index.php?rest_route=\/wp\/v2\/media\/267694"}],"wp:attachment":[{"href":"https:\/\/arantv.az\/index.php?rest_route=%2Fwp%2Fv2%2Fmedia&parent=267693"}],"wp:term":[{"taxonomy":"category","embeddable":true,"href":"https:\/\/arantv.az\/index.php?rest_route=%2Fwp%2Fv2%2Fcategories&post=267693"},{"taxonomy":"post_tag","embeddable":true,"href":"https:\/\/arantv.az\/index.php?rest_route=%2Fwp%2Fv2%2Ftags&post=267693"}],"curies":[{"name":"wp","href":"https:\/\/api.w.org\/{rel}","templated":true}]}}