{"id":267697,"date":"2021-01-07T19:29:02","date_gmt":"2021-01-07T16:29:02","guid":{"rendered":"http:\/\/arantv.az\/?p=267697"},"modified":"2021-01-07T19:29:02","modified_gmt":"2021-01-07T16:29:02","slug":"intihar-ed%c9%99n-qazinin-ail%c9%99si-baku-tv-y%c9%99-danisdi-video","status":"publish","type":"post","link":"https:\/\/arantv.az\/?p=267697","title":{"rendered":"\u0130ntihar ed\u0259n qazinin ail\u0259si Baku TV-y\u0259 dan\u0131\u015fd\u0131 &#8211; V\u0130DEO"},"content":{"rendered":"<article class=\"news\">\n<div class=\"news-inner\">\n<p>M\u00fcalic\u0259 ald\u0131\u011f\u0131 h\u0259rbi hospitalda \u00f6z\u00fcn\u00fc asaraq intihar ed\u0259n V\u0259t\u0259n m\u00fcharib\u0259si qazisi V\u00fcsal Musayevin ail\u0259si\u00a0Baku TV-y\u0259 m\u00fcsahib\u0259 verib.<\/p>\n<div id=\"AdviadNativeVideo0\" class=\"AdviadNativeVideo\"><\/div>\n<p>M\u0259rhumun atas\u0131 Eldar Musayev o\u011flunun d\u00f6y\u00fc\u015fd\u0259 ald\u0131\u011f\u0131 travmadan sonra ald\u0131\u011f\u0131 m\u00fcalic\u0259d\u0259n dan\u0131\u015f\u0131b. Qazinin \u0259misi d\u0259 onun hospitala ikinci d\u0259f\u0259 yollanmas\u0131n\u0131 qeyd edib.<\/p>\n<p>S\u00f6z\u00fcged\u0259n reportaj\u0131 t\u0259qdim edirik:<\/p>\n<div><iframe loading=\"lazy\" src=\"https:\/\/www.youtube.com\/embed\/owu5p3zRW3A\" width=\"560\" height=\"315\" frameborder=\"0\" allowfullscreen=\"allowfullscreen\" data-mce-fragment=\"1\"><\/iframe><\/div>\n<\/div>\n<\/article>\n<h2 class=\"news-share-title\"><\/h2>\n","protected":false},"excerpt":{"rendered":"<p>M\u00fcalic\u0259 ald\u0131\u011f\u0131 h\u0259rbi hospitalda \u00f6z\u00fcn\u00fc asaraq intihar ed\u0259n V\u0259t\u0259n m\u00fcharib\u0259si qazisi V\u00fcsal Musayevin ail\u0259si\u00a0Baku TV-y\u0259 m\u00fcsahib\u0259 verib. M\u0259rhumun atas\u0131 Eldar Musayev o\u011flunun d\u00f6y\u00fc\u015fd\u0259 ald\u0131\u011f\u0131 travmadan sonra ald\u0131\u011f\u0131 m\u00fcalic\u0259d\u0259n dan\u0131\u015f\u0131b. Qazinin \u0259misi d\u0259 onun hospitala ikinci d\u0259f\u0259 yollanmas\u0131n\u0131 qeyd edib. S\u00f6z\u00fcged\u0259n reportaj\u0131 t\u0259qdim edirik:<\/p>\n","protected":false},"author":2,"featured_media":267698,"comment_status":"closed","ping_status":"closed","sticky":false,"template":"","format":"standard","meta":{"om_disable_all_campaigns":false,"_monsterinsights_skip_tracking":false,"_monsterinsights_sitenote_active":false,"_monsterinsights_sitenote_note":"","_monsterinsights_sitenote_category":0},"categories":[26],"tags":[],"aioseo_notices":[],"gutentor_comment":0,"rttpg_featured_image_url":{"full":["https:\/\/arantv.az\/wp-content\/uploads\/2021\/01\/evi.jpg",620,342,false],"landscape":["https:\/\/arantv.az\/wp-content\/uploads\/2021\/01\/evi.jpg",620,342,false],"portraits":["https:\/\/arantv.az\/wp-content\/uploads\/2021\/01\/evi.jpg",620,342,false],"thumbnail":["https:\/\/arantv.az\/wp-content\/uploads\/2021\/01\/evi-150x150.jpg",150,150,true],"medium":["https:\/\/arantv.az\/wp-content\/uploads\/2021\/01\/evi-300x165.jpg",300,165,true],"large":["https:\/\/arantv.az\/wp-content\/uploads\/2021\/01\/evi.jpg",620,342,false],"1536x1536":["https:\/\/arantv.az\/wp-content\/uploads\/2021\/01\/evi.jpg",620,342,false],"2048x2048":["https:\/\/arantv.az\/wp-content\/uploads\/2021\/01\/evi.jpg",620,342,false],"post-thumbnail":["https:\/\/arantv.az\/wp-content\/uploads\/2021\/01\/evi-240x172.jpg",240,172,true],"advps-thumb-one":["https:\/\/arantv.az\/wp-content\/uploads\/2021\/01\/evi.jpg",620,342,false]},"rttpg_author":{"display_name":"V\u00fcsal Rafiqo\u011flu","author_link":"https:\/\/arantv.az\/?author=2"},"rttpg_comment":0,"rttpg_category":"<a href=\"https:\/\/arantv.az\/?cat=26\" rel=\"category\">Sosial<\/a>","rttpg_excerpt":"M\u00fcalic\u0259 ald\u0131\u011f\u0131 h\u0259rbi hospitalda \u00f6z\u00fcn\u00fc asaraq intihar ed\u0259n V\u0259t\u0259n m\u00fcharib\u0259si qazisi V\u00fcsal Musayevin ail\u0259si\u00a0Baku TV-y\u0259 m\u00fcsahib\u0259 verib. M\u0259rhumun atas\u0131 Eldar Musayev o\u011flunun d\u00f6y\u00fc\u015fd\u0259 ald\u0131\u011f\u0131 travmadan sonra ald\u0131\u011f\u0131 m\u00fcalic\u0259d\u0259n dan\u0131\u015f\u0131b. Qazinin \u0259misi d\u0259 onun hospitala ikinci d\u0259f\u0259 yollanmas\u0131n\u0131 qeyd edib. S\u00f6z\u00fcged\u0259n reportaj\u0131 t\u0259qdim edirik:","_links":{"self":[{"href":"https:\/\/arantv.az\/index.php?rest_route=\/wp\/v2\/posts\/267697"}],"collection":[{"href":"https:\/\/arantv.az\/index.php?rest_route=\/wp\/v2\/posts"}],"about":[{"href":"https:\/\/arantv.az\/index.php?rest_route=\/wp\/v2\/types\/post"}],"author":[{"embeddable":true,"href":"https:\/\/arantv.az\/index.php?rest_route=\/wp\/v2\/users\/2"}],"replies":[{"embeddable":true,"href":"https:\/\/arantv.az\/index.php?rest_route=%2Fwp%2Fv2%2Fcomments&post=267697"}],"version-history":[{"count":0,"href":"https:\/\/arantv.az\/index.php?rest_route=\/wp\/v2\/posts\/267697\/revisions"}],"wp:featuredmedia":[{"embeddable":true,"href":"https:\/\/arantv.az\/index.php?rest_route=\/wp\/v2\/media\/267698"}],"wp:attachment":[{"href":"https:\/\/arantv.az\/index.php?rest_route=%2Fwp%2Fv2%2Fmedia&parent=267697"}],"wp:term":[{"taxonomy":"category","embeddable":true,"href":"https:\/\/arantv.az\/index.php?rest_route=%2Fwp%2Fv2%2Fcategories&post=267697"},{"taxonomy":"post_tag","embeddable":true,"href":"https:\/\/arantv.az\/index.php?rest_route=%2Fwp%2Fv2%2Ftags&post=267697"}],"curies":[{"name":"wp","href":"https:\/\/api.w.org\/{rel}","templated":true}]}}