{"id":267705,"date":"2021-01-08T08:16:12","date_gmt":"2021-01-08T05:16:12","guid":{"rendered":"http:\/\/arantv.az\/?p=267705"},"modified":"2021-01-08T08:16:12","modified_gmt":"2021-01-08T05:16:12","slug":"bil%c9%99suvarda-minik-kurd%c9%99mird%c9%99-yuk-masini-yandi","status":"publish","type":"post","link":"https:\/\/arantv.az\/?p=267705","title":{"rendered":"Bil\u0259suvarda minik, K\u00fcrd\u0259mird\u0259 y\u00fck ma\u015f\u0131n\u0131 yand\u0131"},"content":{"rendered":"<p>Bil\u0259suvar rayonunda \u201cVAZ\u201d\u00a0markal\u0131 minik avtomobilinin m\u00fch\u0259rrik hiss\u0259si yan\u0131b.<\/p>\n<p>bununla ba\u011fl\u0131 F\u00f6vq\u0259lad\u0259 Hallar Nazirliyi\u00a0m\u0259lumat yay\u0131b.<\/p>\n<p>Bildirilib ki, avtomobilin qalan hiss\u0259si yan\u011f\u0131ndan m\u00fchafiz\u0259 olunub.<\/p>\n<div id=\"AdviadNativeVideo0\" class=\"AdviadNativeVideo\"><\/div>\n<p>Bundan \u0259lav\u0259, K\u00fcrd\u0259mir rayonunun Yeni \u015e\u0131x\u0131ml\u0131 k\u0259ndind\u0259 \u201cDAF\u201d\u00a0markal\u0131 y\u00fck ma\u015f\u0131n\u0131n\u0131n qo\u015fqusunun \u00fc\u00e7 t\u0259k\u0259ri yan\u0131b.<\/p>\n<p>Avtomobil v\u0259 qo\u015fqunun qalan hiss\u0259si yan\u011f\u0131ndan m\u00fchafiz\u0259 olunub.<\/p>\n<p>H\u0259r iki yan\u011f\u0131n s\u00f6nd\u00fcr\u00fcl\u00fcb.<\/p>\n","protected":false},"excerpt":{"rendered":"<p>Bil\u0259suvar rayonunda \u201cVAZ\u201d\u00a0markal\u0131 minik avtomobilinin m\u00fch\u0259rrik hiss\u0259si yan\u0131b. bununla ba\u011fl\u0131 F\u00f6vq\u0259lad\u0259 Hallar Nazirliyi\u00a0m\u0259lumat yay\u0131b. Bildirilib ki, avtomobilin qalan hiss\u0259si yan\u011f\u0131ndan m\u00fchafiz\u0259 olunub. Bundan \u0259lav\u0259, K\u00fcrd\u0259mir rayonunun Yeni \u015e\u0131x\u0131ml\u0131 k\u0259ndind\u0259 \u201cDAF\u201d\u00a0markal\u0131 y\u00fck ma\u015f\u0131n\u0131n\u0131n qo\u015fqusunun \u00fc\u00e7 t\u0259k\u0259ri yan\u0131b. Avtomobil v\u0259 qo\u015fqunun qalan hiss\u0259si yan\u011f\u0131ndan m\u00fchafiz\u0259 olunub. H\u0259r iki yan\u011f\u0131n s\u00f6nd\u00fcr\u00fcl\u00fcb.<\/p>\n","protected":false},"author":2,"featured_media":267706,"comment_status":"closed","ping_status":"closed","sticky":false,"template":"","format":"standard","meta":{"om_disable_all_campaigns":false,"_monsterinsights_skip_tracking":false,"_monsterinsights_sitenote_active":false,"_monsterinsights_sitenote_note":"","_monsterinsights_sitenote_category":0},"categories":[5],"tags":[],"aioseo_notices":[],"gutentor_comment":0,"rttpg_featured_image_url":{"full":["https:\/\/arantv.az\/wp-content\/uploads\/2021\/01\/yan-1.jpg",620,388,false],"landscape":["https:\/\/arantv.az\/wp-content\/uploads\/2021\/01\/yan-1.jpg",620,388,false],"portraits":["https:\/\/arantv.az\/wp-content\/uploads\/2021\/01\/yan-1.jpg",620,388,false],"thumbnail":["https:\/\/arantv.az\/wp-content\/uploads\/2021\/01\/yan-1-150x150.jpg",150,150,true],"medium":["https:\/\/arantv.az\/wp-content\/uploads\/2021\/01\/yan-1-300x188.jpg",300,188,true],"large":["https:\/\/arantv.az\/wp-content\/uploads\/2021\/01\/yan-1.jpg",620,388,false],"1536x1536":["https:\/\/arantv.az\/wp-content\/uploads\/2021\/01\/yan-1.jpg",620,388,false],"2048x2048":["https:\/\/arantv.az\/wp-content\/uploads\/2021\/01\/yan-1.jpg",620,388,false],"post-thumbnail":["https:\/\/arantv.az\/wp-content\/uploads\/2021\/01\/yan-1-240x172.jpg",240,172,true],"advps-thumb-one":["https:\/\/arantv.az\/wp-content\/uploads\/2021\/01\/yan-1.jpg",620,388,false]},"rttpg_author":{"display_name":"V\u00fcsal Rafiqo\u011flu","author_link":"https:\/\/arantv.az\/?author=2"},"rttpg_comment":0,"rttpg_category":"<a href=\"https:\/\/arantv.az\/?cat=5\" rel=\"category\">Hadis\u0259<\/a>","rttpg_excerpt":"Bil\u0259suvar rayonunda \u201cVAZ\u201d\u00a0markal\u0131 minik avtomobilinin m\u00fch\u0259rrik hiss\u0259si yan\u0131b. bununla ba\u011fl\u0131 F\u00f6vq\u0259lad\u0259 Hallar Nazirliyi\u00a0m\u0259lumat yay\u0131b. Bildirilib ki, avtomobilin qalan hiss\u0259si yan\u011f\u0131ndan m\u00fchafiz\u0259 olunub. Bundan \u0259lav\u0259, K\u00fcrd\u0259mir rayonunun Yeni \u015e\u0131x\u0131ml\u0131 k\u0259ndind\u0259 \u201cDAF\u201d\u00a0markal\u0131 y\u00fck ma\u015f\u0131n\u0131n\u0131n qo\u015fqusunun \u00fc\u00e7 t\u0259k\u0259ri yan\u0131b. Avtomobil v\u0259 qo\u015fqunun qalan hiss\u0259si yan\u011f\u0131ndan m\u00fchafiz\u0259 olunub. H\u0259r iki yan\u011f\u0131n s\u00f6nd\u00fcr\u00fcl\u00fcb.","_links":{"self":[{"href":"https:\/\/arantv.az\/index.php?rest_route=\/wp\/v2\/posts\/267705"}],"collection":[{"href":"https:\/\/arantv.az\/index.php?rest_route=\/wp\/v2\/posts"}],"about":[{"href":"https:\/\/arantv.az\/index.php?rest_route=\/wp\/v2\/types\/post"}],"author":[{"embeddable":true,"href":"https:\/\/arantv.az\/index.php?rest_route=\/wp\/v2\/users\/2"}],"replies":[{"embeddable":true,"href":"https:\/\/arantv.az\/index.php?rest_route=%2Fwp%2Fv2%2Fcomments&post=267705"}],"version-history":[{"count":0,"href":"https:\/\/arantv.az\/index.php?rest_route=\/wp\/v2\/posts\/267705\/revisions"}],"wp:featuredmedia":[{"embeddable":true,"href":"https:\/\/arantv.az\/index.php?rest_route=\/wp\/v2\/media\/267706"}],"wp:attachment":[{"href":"https:\/\/arantv.az\/index.php?rest_route=%2Fwp%2Fv2%2Fmedia&parent=267705"}],"wp:term":[{"taxonomy":"category","embeddable":true,"href":"https:\/\/arantv.az\/index.php?rest_route=%2Fwp%2Fv2%2Fcategories&post=267705"},{"taxonomy":"post_tag","embeddable":true,"href":"https:\/\/arantv.az\/index.php?rest_route=%2Fwp%2Fv2%2Ftags&post=267705"}],"curies":[{"name":"wp","href":"https:\/\/api.w.org\/{rel}","templated":true}]}}