{"id":267717,"date":"2021-01-08T08:18:40","date_gmt":"2021-01-08T05:18:40","guid":{"rendered":"http:\/\/arantv.az\/?p=267717"},"modified":"2021-01-08T08:18:40","modified_gmt":"2021-01-08T05:18:40","slug":"az%c9%99rbaycanin-daimi-numay%c9%99nd%c9%99si-etimadnam%c9%99sini-unesco-nun-bas-direktoruna-t%c9%99qdim-edib-foto","status":"publish","type":"post","link":"https:\/\/arantv.az\/?p=267717","title":{"rendered":"Az\u0259rbaycan\u0131n daimi n\u00fcmay\u0259nd\u0259si etimadnam\u0259sini UNESCO-nun Ba\u015f direktoruna t\u0259qdim edib &#8211; FOTO"},"content":{"rendered":"<p>Az\u0259rbaycan\u0131n UNESCO yan\u0131nda daimi n\u00fcmay\u0259nd\u0259si s\u0259fir Elman Abdullayev etimadnam\u0259sini qurumun Ba\u015f direktoru Odre Azuley\u0259 t\u0259qdim edib.<\/p>\n<p><strong>ARANTV.AZ\u00a0\u00a0<\/strong>x\u0259b\u0259r verir ki, Az\u0259rbaycan Respublikas\u0131n\u0131n UNESCO yan\u0131nda daimi n\u00fcmay\u0259nd\u0259si s\u0259fir Elman Abdullayev t\u0259\u015fkilat\u0131n Parisd\u0259ki ba\u015f q\u0259rargah\u0131nda UNESCO-nun Ba\u015f direktoru Odre Azule il\u0259 g\u00f6r\u00fc\u015f\u00fcb.<\/p>\n<p>UNESCO-nun Ba\u015f direktoru Az\u0259rbaycan\u0131n t\u0259\u015fkilat yan\u0131ndak\u0131 daimi n\u00fcmay\u0259nd\u0259sinin etimadnam\u0259sini q\u0259bul edib.<\/p>\n<div id=\"AdviadNativeVideo0\" class=\"AdviadNativeVideo\"><\/div>\n<p>Sonra Az\u0259rbaycan-UNESCO aras\u0131nda ikit\u0259r\u0259fli m\u00fcnasib\u0259tl\u0259r m\u00fczakir\u0259 olunub. O.Azule Az\u0259rbaycan il\u0259 UNESCO aras\u0131nda uzunm\u00fcdd\u0259tli v\u0259 m\u0259hsuldar \u0259laq\u0259l\u0259rin m\u00f6vcud oldu\u011funu qeyd ed\u0259r\u0259k, \u00f6lk\u0259mizin m\u00fcxt\u0259lif sah\u0259l\u0259rd\u0259 t\u0259\u015fkilata verdiyi t\u00f6hf\u0259l\u0259ri y\u00fcks\u0259k qiym\u0259tl\u0259ndirib.<\/p>\n<p>Ba\u015f direktor bu \u0259m\u0259kda\u015fl\u0131\u011f\u0131n davaml\u0131 olmas\u0131n\u0131 arzu ed\u0259r\u0259k, s\u0259fir E.Abdullayev\u0259 yeni missiyas\u0131nda u\u011furlar dil\u0259yib.<\/p>\n<p>Az\u0259rbaycan-UNESCO \u0259m\u0259kda\u015fl\u0131\u011f\u0131na toxunan daimi n\u00fcmay\u0259nd\u0259 E.Abdullayev t\u0259\u015fkilat\u0131n b\u00fct\u00fcn \u00fczv d\u00f6vl\u0259tl\u0259rl\u0259 b\u0259rab\u0259r s\u0259viyy\u0259li m\u00fcnasib\u0259tl\u0259r qurmas\u0131n\u0131n vacibliyini vur\u011fulay\u0131b.<\/p>\n<div class=\"gallery\">\n<div class=\"gallery-i\"><img src=\"https:\/\/cdn.oxu.az\/uploads\/W1siZiIsIjIwMjEvMDEvMDgvMDIvMTEvMzEvZWRiYjM2ZmYtZjdmYy00MTAyLTg0ZGItOTkyMmE0ZTNiN2FhLzE2MTAwMzUyODc2MDIyODIzODM2XzEwMDB4NjY5LmpwZyJdLFsicCIsImVuY29kZSIsImpwZyIsIi1xdWFsaXR5IDgwIl0sWyJwIiwidGh1bWIiLCI1OTB4NTkwXHUwMDNlIl1d?sha=7275528b9d310327\" \/><\/div>\n<\/div>\n<div>AZ\u018fRTAC<\/div>\n","protected":false},"excerpt":{"rendered":"<p>Az\u0259rbaycan\u0131n UNESCO yan\u0131nda daimi n\u00fcmay\u0259nd\u0259si s\u0259fir Elman Abdullayev etimadnam\u0259sini qurumun Ba\u015f direktoru Odre Azuley\u0259 t\u0259qdim edib. ARANTV.AZ\u00a0\u00a0x\u0259b\u0259r verir ki, Az\u0259rbaycan Respublikas\u0131n\u0131n UNESCO yan\u0131nda daimi n\u00fcmay\u0259nd\u0259si s\u0259fir Elman Abdullayev t\u0259\u015fkilat\u0131n Parisd\u0259ki ba\u015f q\u0259rargah\u0131nda UNESCO-nun Ba\u015f direktoru Odre Azule il\u0259 g\u00f6r\u00fc\u015f\u00fcb. UNESCO-nun Ba\u015f direktoru Az\u0259rbaycan\u0131n t\u0259\u015fkilat yan\u0131ndak\u0131 daimi n\u00fcmay\u0259nd\u0259sinin etimadnam\u0259sini q\u0259bul edib. Sonra Az\u0259rbaycan-UNESCO aras\u0131nda ikit\u0259r\u0259fli m\u00fcnasib\u0259tl\u0259r m\u00fczakir\u0259 olunub. O.Azule Az\u0259rbaycan il\u0259 UNESCO aras\u0131nda uzunm\u00fcdd\u0259tli v\u0259 m\u0259hsuldar \u0259laq\u0259l\u0259rin m\u00f6vcud oldu\u011funu qeyd ed\u0259r\u0259k, \u00f6lk\u0259mizin m\u00fcxt\u0259lif sah\u0259l\u0259rd\u0259 t\u0259\u015fkilata verdiyi t\u00f6hf\u0259l\u0259ri y\u00fcks\u0259k qiym\u0259tl\u0259ndirib. Ba\u015f direktor bu \u0259m\u0259kda\u015fl\u0131\u011f\u0131n davaml\u0131 olmas\u0131n\u0131 arzu ed\u0259r\u0259k, s\u0259fir E.Abdullayev\u0259 yeni missiyas\u0131nda&hellip;<\/p>\n","protected":false},"author":2,"featured_media":267718,"comment_status":"closed","ping_status":"closed","sticky":false,"template":"","format":"standard","meta":{"om_disable_all_campaigns":false,"_monsterinsights_skip_tracking":false,"_monsterinsights_sitenote_active":false,"_monsterinsights_sitenote_note":"","_monsterinsights_sitenote_category":0},"categories":[26],"tags":[],"aioseo_notices":[],"gutentor_comment":0,"rttpg_featured_image_url":{"full":["https:\/\/arantv.az\/wp-content\/uploads\/2021\/01\/16100352875077229097_1000x669.jpg",620,413,false],"landscape":["https:\/\/arantv.az\/wp-content\/uploads\/2021\/01\/16100352875077229097_1000x669.jpg",620,413,false],"portraits":["https:\/\/arantv.az\/wp-content\/uploads\/2021\/01\/16100352875077229097_1000x669.jpg",620,413,false],"thumbnail":["https:\/\/arantv.az\/wp-content\/uploads\/2021\/01\/16100352875077229097_1000x669-150x150.jpg",150,150,true],"medium":["https:\/\/arantv.az\/wp-content\/uploads\/2021\/01\/16100352875077229097_1000x669-300x200.jpg",300,200,true],"large":["https:\/\/arantv.az\/wp-content\/uploads\/2021\/01\/16100352875077229097_1000x669.jpg",620,413,false],"1536x1536":["https:\/\/arantv.az\/wp-content\/uploads\/2021\/01\/16100352875077229097_1000x669.jpg",620,413,false],"2048x2048":["https:\/\/arantv.az\/wp-content\/uploads\/2021\/01\/16100352875077229097_1000x669.jpg",620,413,false],"post-thumbnail":["https:\/\/arantv.az\/wp-content\/uploads\/2021\/01\/16100352875077229097_1000x669-240x172.jpg",240,172,true],"advps-thumb-one":["https:\/\/arantv.az\/wp-content\/uploads\/2021\/01\/16100352875077229097_1000x669.jpg",620,413,false]},"rttpg_author":{"display_name":"V\u00fcsal Rafiqo\u011flu","author_link":"https:\/\/arantv.az\/?author=2"},"rttpg_comment":0,"rttpg_category":"<a href=\"https:\/\/arantv.az\/?cat=26\" rel=\"category\">Sosial<\/a>","rttpg_excerpt":"Az\u0259rbaycan\u0131n UNESCO yan\u0131nda daimi n\u00fcmay\u0259nd\u0259si s\u0259fir Elman Abdullayev etimadnam\u0259sini qurumun Ba\u015f direktoru Odre Azuley\u0259 t\u0259qdim edib. ARANTV.AZ\u00a0\u00a0x\u0259b\u0259r verir ki, Az\u0259rbaycan Respublikas\u0131n\u0131n UNESCO yan\u0131nda daimi n\u00fcmay\u0259nd\u0259si s\u0259fir Elman Abdullayev t\u0259\u015fkilat\u0131n Parisd\u0259ki ba\u015f q\u0259rargah\u0131nda UNESCO-nun Ba\u015f direktoru Odre Azule il\u0259 g\u00f6r\u00fc\u015f\u00fcb. UNESCO-nun Ba\u015f direktoru Az\u0259rbaycan\u0131n t\u0259\u015fkilat yan\u0131ndak\u0131 daimi n\u00fcmay\u0259nd\u0259sinin etimadnam\u0259sini q\u0259bul edib. Sonra Az\u0259rbaycan-UNESCO aras\u0131nda ikit\u0259r\u0259fli m\u00fcnasib\u0259tl\u0259r&hellip;","_links":{"self":[{"href":"https:\/\/arantv.az\/index.php?rest_route=\/wp\/v2\/posts\/267717"}],"collection":[{"href":"https:\/\/arantv.az\/index.php?rest_route=\/wp\/v2\/posts"}],"about":[{"href":"https:\/\/arantv.az\/index.php?rest_route=\/wp\/v2\/types\/post"}],"author":[{"embeddable":true,"href":"https:\/\/arantv.az\/index.php?rest_route=\/wp\/v2\/users\/2"}],"replies":[{"embeddable":true,"href":"https:\/\/arantv.az\/index.php?rest_route=%2Fwp%2Fv2%2Fcomments&post=267717"}],"version-history":[{"count":0,"href":"https:\/\/arantv.az\/index.php?rest_route=\/wp\/v2\/posts\/267717\/revisions"}],"wp:featuredmedia":[{"embeddable":true,"href":"https:\/\/arantv.az\/index.php?rest_route=\/wp\/v2\/media\/267718"}],"wp:attachment":[{"href":"https:\/\/arantv.az\/index.php?rest_route=%2Fwp%2Fv2%2Fmedia&parent=267717"}],"wp:term":[{"taxonomy":"category","embeddable":true,"href":"https:\/\/arantv.az\/index.php?rest_route=%2Fwp%2Fv2%2Fcategories&post=267717"},{"taxonomy":"post_tag","embeddable":true,"href":"https:\/\/arantv.az\/index.php?rest_route=%2Fwp%2Fv2%2Ftags&post=267717"}],"curies":[{"name":"wp","href":"https:\/\/api.w.org\/{rel}","templated":true}]}}