{"id":267721,"date":"2021-01-08T08:19:21","date_gmt":"2021-01-08T05:19:21","guid":{"rendered":"http:\/\/arantv.az\/?p=267721"},"modified":"2021-01-08T08:19:21","modified_gmt":"2021-01-08T05:19:21","slug":"turkiy%c9%99nin-xin-bascisi-bundan-sonra-da-addimlarimizi-az%c9%99rbaycanla-birg%c9%99-d%c9%99y%c9%99rl%c9%99ndir%c9%99c%c9%99yik-video","status":"publish","type":"post","link":"https:\/\/arantv.az\/?p=267721","title":{"rendered":"T\u00fcrkiy\u0259nin X\u0130N ba\u015f\u00e7\u0131s\u0131: \u201cBundan sonra da add\u0131mlar\u0131m\u0131z\u0131 Az\u0259rbaycanla birg\u0259 d\u0259y\u0259rl\u0259ndir\u0259c\u0259yik\u201d &#8211; V\u0130DEO"},"content":{"rendered":"<article class=\"news\">\n<div class=\"news-inner\">\n<p>Portuqaliyada s\u0259f\u0259rd\u0259 olan T\u00fcrkiy\u0259nin xarici i\u015fl\u0259r naziri M\u00f6vlud \u00c7avu\u015fo\u011flu m\u0259tbuat konfrans\u0131nda jurnalistl\u0259rin suallar\u0131n\u0131 cavabland\u0131r\u0131b.<\/p>\n<p>\u201cHaberGlobal\u201d\u0131n m\u0259lumat\u0131na g\u00f6r\u0259, M.\u00c7avu\u015fo\u011fluna Qaraba\u011fda Rusiya-T\u00fcrkiy\u0259 r\u0259qab\u0259ti v\u0259 at\u0259\u015fk\u0259s\u0259 n\u0259zar\u0259t \u00fczr\u0259 birg\u0259 f\u0259aliyy\u0259t istiqam\u0259ti sah\u0259sind\u0259 anla\u015fman\u0131n olub-olmad\u0131\u011f\u0131 bar\u0259d\u0259 sual \u00fcnvanlan\u0131b.<\/p>\n<p>M.\u00c7avu\u015fo\u011flu bildirib ki, T\u00fcrkiy\u0259 Az\u0259rbaycan\u0131 yaln\u0131z bir mill\u0259t iki d\u00f6vl\u0259t oldu\u011fu \u00fc\u00e7\u00fcn deyil, ilk n\u00f6vb\u0259d\u0259 Az\u0259rbyacan\u0131n beyn\u0259lxalq qanunlar \u00e7\u0259r\u00e7iv\u0259sind\u0259 haql\u0131 oldu\u011fu \u00fc\u00e7\u00fcn d\u0259st\u0259kl\u0259yib.<\/p>\n<div id=\"AdviadNativeVideo0\" class=\"AdviadNativeVideo\"><\/div>\n<p>T\u00fcrkiy\u0259 X\u0130N ba\u015f\u00e7\u0131s\u0131 bildirib ki, Az\u0259rbaycan u\u011furlu h\u0259rbi \u0259m\u0259liyyatlar ke\u00e7irdi v\u0259 haz\u0131rda b\u00f6lg\u0259d\u0259 ata\u015fk\u0259s m\u00f6vcuddur:<\/p>\n<p>\u201cAz\u0259rbaycan\u0131n m\u00fc\u0259yy\u0259nl\u0259\u015fdirdiyi yerd\u0259 v\u0259 biz\u0259 g\u00f6st\u0259rdiyi n\u00f6qt\u0259l\u0259rd\u0259 Da\u011fl\u0131q Qaraba\u011fda at\u0259\u015fk\u0259s\u0259 n\u0259zar\u0259t \u00fczr\u0259 Rusiya-T\u00fcrkiy\u0259 Birg\u0259 M\u0259rk\u0259zini qurmaq m\u0259rh\u0259l\u0259sind\u0259yik. Bu m\u0259rk\u0259zl\u0259rin ba\u015fl\u0131ca m\u0259qs\u0259di at\u0259\u015fk\u0259s\u0259 n\u0259zar\u0259t olacaq, amma at\u0259\u015fk\u0259s pozulaca\u011f\u0131 halda bunun qar\u015f\u0131s\u0131n\u0131 almaq t\u0259dbirl\u0259ri d\u0259 g\u00f6r\u00fcl\u0259c\u0259k\u201d, &#8211; dey\u0259 M.\u00c7avu\u015fo\u011flu qeyd edib.<\/p>\n<p>T\u00fcrkiy\u0259li nazir \u0259lav\u0259 edib ki, Az\u0259rbaycanla Erm\u0259nistan aras\u0131nda ya\u015fanan 44 g\u00fcnl\u00fck m\u00fcharib\u0259 m\u00fcdd\u0259tind\u0259 \u00fc\u00e7 d\u0259f\u0259 at\u0259\u015fk\u0259s elan edilm\u0259sin\u0259 r\u0259\u011fm\u0259n, Erm\u0259nistan h\u0259r d\u0259f\u0259 bu at\u0259\u015fk\u0259si pozub.<\/p>\n<p>\u201cAt\u0259\u015fk\u0259sl\u0259 ba\u011fl\u0131 q\u0259bul edil\u0259n son q\u0259rara Erm\u0259nistan\u0131n \u0259m\u0259l ed\u0259c\u0259yin\u0259 \u00fcmid edirik. Ancaq bundan sonra\u00a0Erm\u0259nistanla \u0259laq\u0259l\u0259rimizi normalla\u015fd\u0131rmaqdan dan\u0131\u015fmaq olar. Biz bundan sonra at\u0131lacaq add\u0131mlar\u0131 da Az\u0259rbaycanla birg\u0259 d\u0259y\u0259rl\u0259ndir\u0259c\u0259yik\u201d, &#8211; dey\u0259 M.\u00c7avu\u015fo\u011flu bildirib.<\/p>\n<div><iframe loading=\"lazy\" src=\"https:\/\/www.youtube.com\/embed\/xqVN9_tcmEo\" width=\"560\" height=\"315\" frameborder=\"0\" allowfullscreen=\"allowfullscreen\" data-mce-fragment=\"1\"><\/iframe><\/div>\n<\/div>\n<\/article>\n<h2 class=\"news-share-title\"><\/h2>\n","protected":false},"excerpt":{"rendered":"<p>Portuqaliyada s\u0259f\u0259rd\u0259 olan T\u00fcrkiy\u0259nin xarici i\u015fl\u0259r naziri M\u00f6vlud \u00c7avu\u015fo\u011flu m\u0259tbuat konfrans\u0131nda jurnalistl\u0259rin suallar\u0131n\u0131 cavabland\u0131r\u0131b. \u201cHaberGlobal\u201d\u0131n m\u0259lumat\u0131na g\u00f6r\u0259, M.\u00c7avu\u015fo\u011fluna Qaraba\u011fda Rusiya-T\u00fcrkiy\u0259 r\u0259qab\u0259ti v\u0259 at\u0259\u015fk\u0259s\u0259 n\u0259zar\u0259t \u00fczr\u0259 birg\u0259 f\u0259aliyy\u0259t istiqam\u0259ti sah\u0259sind\u0259 anla\u015fman\u0131n olub-olmad\u0131\u011f\u0131 bar\u0259d\u0259 sual \u00fcnvanlan\u0131b. M.\u00c7avu\u015fo\u011flu bildirib ki, T\u00fcrkiy\u0259 Az\u0259rbaycan\u0131 yaln\u0131z bir mill\u0259t iki d\u00f6vl\u0259t oldu\u011fu \u00fc\u00e7\u00fcn deyil, ilk n\u00f6vb\u0259d\u0259 Az\u0259rbyacan\u0131n beyn\u0259lxalq qanunlar \u00e7\u0259r\u00e7iv\u0259sind\u0259 haql\u0131 oldu\u011fu \u00fc\u00e7\u00fcn d\u0259st\u0259kl\u0259yib. T\u00fcrkiy\u0259 X\u0130N ba\u015f\u00e7\u0131s\u0131 bildirib ki, Az\u0259rbaycan u\u011furlu h\u0259rbi \u0259m\u0259liyyatlar ke\u00e7irdi v\u0259 haz\u0131rda b\u00f6lg\u0259d\u0259 ata\u015fk\u0259s m\u00f6vcuddur: \u201cAz\u0259rbaycan\u0131n m\u00fc\u0259yy\u0259nl\u0259\u015fdirdiyi yerd\u0259 v\u0259 biz\u0259 g\u00f6st\u0259rdiyi n\u00f6qt\u0259l\u0259rd\u0259 Da\u011fl\u0131q Qaraba\u011fda at\u0259\u015fk\u0259s\u0259 n\u0259zar\u0259t \u00fczr\u0259 Rusiya-T\u00fcrkiy\u0259 Birg\u0259 M\u0259rk\u0259zini qurmaq m\u0259rh\u0259l\u0259sind\u0259yik. Bu&hellip;<\/p>\n","protected":false},"author":2,"featured_media":267722,"comment_status":"closed","ping_status":"closed","sticky":false,"template":"","format":"standard","meta":{"om_disable_all_campaigns":false,"_monsterinsights_skip_tracking":false,"_monsterinsights_sitenote_active":false,"_monsterinsights_sitenote_note":"","_monsterinsights_sitenote_category":0},"categories":[4],"tags":[],"aioseo_notices":[],"gutentor_comment":0,"rttpg_featured_image_url":{"full":["https:\/\/arantv.az\/wp-content\/uploads\/2021\/01\/cavusoglu-portekiz-disisleri-bakani-silva-ile-2-13852640_osd.jpg",620,349,false],"landscape":["https:\/\/arantv.az\/wp-content\/uploads\/2021\/01\/cavusoglu-portekiz-disisleri-bakani-silva-ile-2-13852640_osd.jpg",620,349,false],"portraits":["https:\/\/arantv.az\/wp-content\/uploads\/2021\/01\/cavusoglu-portekiz-disisleri-bakani-silva-ile-2-13852640_osd.jpg",620,349,false],"thumbnail":["https:\/\/arantv.az\/wp-content\/uploads\/2021\/01\/cavusoglu-portekiz-disisleri-bakani-silva-ile-2-13852640_osd-150x150.jpg",150,150,true],"medium":["https:\/\/arantv.az\/wp-content\/uploads\/2021\/01\/cavusoglu-portekiz-disisleri-bakani-silva-ile-2-13852640_osd-300x169.jpg",300,169,true],"large":["https:\/\/arantv.az\/wp-content\/uploads\/2021\/01\/cavusoglu-portekiz-disisleri-bakani-silva-ile-2-13852640_osd.jpg",620,349,false],"1536x1536":["https:\/\/arantv.az\/wp-content\/uploads\/2021\/01\/cavusoglu-portekiz-disisleri-bakani-silva-ile-2-13852640_osd.jpg",620,349,false],"2048x2048":["https:\/\/arantv.az\/wp-content\/uploads\/2021\/01\/cavusoglu-portekiz-disisleri-bakani-silva-ile-2-13852640_osd.jpg",620,349,false],"post-thumbnail":["https:\/\/arantv.az\/wp-content\/uploads\/2021\/01\/cavusoglu-portekiz-disisleri-bakani-silva-ile-2-13852640_osd-240x172.jpg",240,172,true],"advps-thumb-one":["https:\/\/arantv.az\/wp-content\/uploads\/2021\/01\/cavusoglu-portekiz-disisleri-bakani-silva-ile-2-13852640_osd.jpg",620,349,false]},"rttpg_author":{"display_name":"V\u00fcsal Rafiqo\u011flu","author_link":"https:\/\/arantv.az\/?author=2"},"rttpg_comment":0,"rttpg_category":"<a href=\"https:\/\/arantv.az\/?cat=4\" rel=\"category\">Siyas\u0259t<\/a>","rttpg_excerpt":"Portuqaliyada s\u0259f\u0259rd\u0259 olan T\u00fcrkiy\u0259nin xarici i\u015fl\u0259r naziri M\u00f6vlud \u00c7avu\u015fo\u011flu m\u0259tbuat konfrans\u0131nda jurnalistl\u0259rin suallar\u0131n\u0131 cavabland\u0131r\u0131b. \u201cHaberGlobal\u201d\u0131n m\u0259lumat\u0131na g\u00f6r\u0259, M.\u00c7avu\u015fo\u011fluna Qaraba\u011fda Rusiya-T\u00fcrkiy\u0259 r\u0259qab\u0259ti v\u0259 at\u0259\u015fk\u0259s\u0259 n\u0259zar\u0259t \u00fczr\u0259 birg\u0259 f\u0259aliyy\u0259t istiqam\u0259ti sah\u0259sind\u0259 anla\u015fman\u0131n olub-olmad\u0131\u011f\u0131 bar\u0259d\u0259 sual \u00fcnvanlan\u0131b. M.\u00c7avu\u015fo\u011flu bildirib ki, T\u00fcrkiy\u0259 Az\u0259rbaycan\u0131 yaln\u0131z bir mill\u0259t iki d\u00f6vl\u0259t oldu\u011fu \u00fc\u00e7\u00fcn deyil, ilk n\u00f6vb\u0259d\u0259 Az\u0259rbyacan\u0131n beyn\u0259lxalq qanunlar \u00e7\u0259r\u00e7iv\u0259sind\u0259 haql\u0131 oldu\u011fu&hellip;","_links":{"self":[{"href":"https:\/\/arantv.az\/index.php?rest_route=\/wp\/v2\/posts\/267721"}],"collection":[{"href":"https:\/\/arantv.az\/index.php?rest_route=\/wp\/v2\/posts"}],"about":[{"href":"https:\/\/arantv.az\/index.php?rest_route=\/wp\/v2\/types\/post"}],"author":[{"embeddable":true,"href":"https:\/\/arantv.az\/index.php?rest_route=\/wp\/v2\/users\/2"}],"replies":[{"embeddable":true,"href":"https:\/\/arantv.az\/index.php?rest_route=%2Fwp%2Fv2%2Fcomments&post=267721"}],"version-history":[{"count":0,"href":"https:\/\/arantv.az\/index.php?rest_route=\/wp\/v2\/posts\/267721\/revisions"}],"wp:featuredmedia":[{"embeddable":true,"href":"https:\/\/arantv.az\/index.php?rest_route=\/wp\/v2\/media\/267722"}],"wp:attachment":[{"href":"https:\/\/arantv.az\/index.php?rest_route=%2Fwp%2Fv2%2Fmedia&parent=267721"}],"wp:term":[{"taxonomy":"category","embeddable":true,"href":"https:\/\/arantv.az\/index.php?rest_route=%2Fwp%2Fv2%2Fcategories&post=267721"},{"taxonomy":"post_tag","embeddable":true,"href":"https:\/\/arantv.az\/index.php?rest_route=%2Fwp%2Fv2%2Ftags&post=267721"}],"curies":[{"name":"wp","href":"https:\/\/api.w.org\/{rel}","templated":true}]}}