{"id":267741,"date":"2021-01-08T08:22:48","date_gmt":"2021-01-08T05:22:48","guid":{"rendered":"http:\/\/arantv.az\/?p=267741"},"modified":"2021-01-08T08:22:48","modified_gmt":"2021-01-08T05:22:48","slug":"nazirl%c9%99-tural-g%c9%99nc%c9%99liyev-arasinda-videoformatda-gorus-kecirilib","status":"publish","type":"post","link":"https:\/\/arantv.az\/?p=267741","title":{"rendered":"Nazirl\u0259 Tural G\u0259nc\u0259liyev aras\u0131nda videoformatda g\u00f6r\u00fc\u015f ke\u00e7irilib"},"content":{"rendered":"<p>Az\u0259rbaycan Respublikas\u0131n\u0131n M\u0259d\u0259niyy\u0259t naziri Anar K\u0259rimov Qaraba\u011f Dir\u00e7\u0259li\u015f Fondunun M\u00fc\u015fahid\u0259 \u015euras\u0131n\u0131n \u00fczv\u00fc, Da\u011fl\u0131q Qaraba\u011f\u0131n Az\u0259rbaycanl\u0131 \u0130cmas\u0131 \u0130ctimai Birliyinin s\u0259dri Tural G\u0259nc\u0259liyev il\u0259 videoformatda g\u00f6r\u00fc\u015f ke\u00e7irib.<\/p>\n<p>M\u0259d\u0259niyy\u0259t Nazirliyind\u0259n veril\u0259n m\u0259lumata g\u00f6r\u0259, g\u00f6r\u00fc\u015f zaman\u0131 g\u0259l\u0259c\u0259k \u0259m\u0259kda\u015fl\u0131q v\u0259 birg\u0259 layih\u0259l\u0259r bar\u0259d\u0259, x\u00fcsusil\u0259 i\u015f\u011faldan azad edilmi\u015f \u0259razil\u0259rd\u0259 \u00f6lk\u0259 r\u0259hb\u0259rliyinin m\u00fc\u0259yy\u0259n etdiyi istiqam\u0259tl\u0259r \u00fczr\u0259 g\u00f6r\u00fcl\u0259c\u0259k i\u015fl\u0259rl\u0259 ba\u011fl\u0131 m\u00fczakir\u0259l\u0259r apar\u0131l\u0131b.<\/p>\n<p>M\u0259d\u0259niyy\u0259t naziri Anar K\u0259rimov i\u015f\u011faldan azad edilmi\u015f \u0259razil\u0259rd\u0259 m\u0259d\u0259ni h\u0259yat\u0131n dir\u00e7\u0259ldilm\u0259si m\u0259qs\u0259dil\u0259 Nazirlik t\u0259r\u0259find\u0259n bir ne\u00e7\u0259 prioritet istiqam\u0259tl\u0259r \u00fczr\u0259 i\u015f apar\u0131lmas\u0131n\u0131n n\u0259z\u0259rd\u0259 tutuldu\u011funu v\u0259 bir ne\u00e7\u0259 layih\u0259y\u0259 art\u0131q ba\u015flan\u0131ld\u0131\u011f\u0131n\u0131 bildirib. Bunlar aras\u0131nda h\u0259min \u0259razil\u0259rin tarixi abid\u0259l\u0259rinin v\u0259 m\u0259d\u0259niyy\u0259t m\u00fc\u0259ssis\u0259l\u0259rinin b\u0259rpas\u0131, Qaraba\u011fdan olan \u0259halinin ad\u0259t-\u0259n\u0259n\u0259l\u0259rinin b\u0259rpas\u0131 (\u201cYurda qay\u0131d\u0131\u015f\u201d layih\u0259si) v\u0259 Az\u0259rbaycan xalq\u0131n\u0131n \u00f6z tarixi torpaqlar\u0131na qay\u0131d\u0131\u015f\u0131n\u0131n beyn\u0259lxalq s\u0259viyy\u0259d\u0259 t\u0259bli\u011fini qeyd edib. H\u0259m\u00e7inin Nazirlik t\u0259r\u0259find\u0259n h\u0259yata ke\u00e7iril\u0259n \u201cQaraba\u011fnam\u0259\u201d layih\u0259sinin ictimaiyy\u0259t t\u0259r\u0259find\u0259n x\u00fcsusi maraqla qar\u015f\u0131land\u0131\u011f\u0131n\u0131 vur\u011fulay\u0131b.<\/p>\n<div id=\"AdviadNativeVideo0\" class=\"AdviadNativeVideo\"><\/div>\n<p>G\u00f6r\u00fc\u015f zaman\u0131 Az\u0259rbaycan Respublikas\u0131n\u0131n M\u0259d\u0259niyy\u0259t Nazirliyi t\u0259r\u0259find\u0259n h\u0259yata ke\u00e7iril\u0259n dig\u0259r layih\u0259l\u0259r bar\u0259d\u0259 d\u0259 m\u0259lumat verilib.<\/p>\n<p>Tural G\u0259nc\u0259liyev, \u00f6z n\u00f6vb\u0259sind\u0259, Nazirlik il\u0259 \u0130ctimai Birlik aras\u0131nda \u0259m\u0259kda\u015fl\u0131q haqq\u0131nda dan\u0131\u015f\u0131b, qar\u015f\u0131l\u0131ql\u0131 \u0259laq\u0259l\u0259rin geni\u015fl\u0259ndirilm\u0259sinin v\u0259 birg\u0259 layih\u0259l\u0259rin icras\u0131n\u0131n \u0259h\u0259miyy\u0259tini qeyd edib.<\/p>\n<p>G\u00f6r\u00fc\u015f\u00fcn sonunda Az\u0259rbaycan \u00fc\u00e7\u00fcn tarixi \u0259h\u0259miyy\u0259t k\u0259sb ed\u0259n bu d\u00f6vrd\u0259 M\u0259d\u0259niyy\u0259t Nazirliyinin Da\u011fl\u0131q Qaraba\u011f\u0131n Az\u0259rbaycanl\u0131 \u0130cmas\u0131 \u0130ctimai Birliyi il\u0259 birlikd\u0259 \u00f6lk\u0259 r\u0259hb\u0259rliyi t\u0259r\u0259find\u0259n m\u00fc\u0259yy\u0259n edil\u0259n tap\u015f\u0131r\u0131qlar\u0131n y\u00fcks\u0259k s\u0259viyy\u0259d\u0259 yerin\u0259 yetiril\u0259c\u0259yin\u0259 inam ifad\u0259 edilib.<\/p>\n","protected":false},"excerpt":{"rendered":"<p>Az\u0259rbaycan Respublikas\u0131n\u0131n M\u0259d\u0259niyy\u0259t naziri Anar K\u0259rimov Qaraba\u011f Dir\u00e7\u0259li\u015f Fondunun M\u00fc\u015fahid\u0259 \u015euras\u0131n\u0131n \u00fczv\u00fc, Da\u011fl\u0131q Qaraba\u011f\u0131n Az\u0259rbaycanl\u0131 \u0130cmas\u0131 \u0130ctimai Birliyinin s\u0259dri Tural G\u0259nc\u0259liyev il\u0259 videoformatda g\u00f6r\u00fc\u015f ke\u00e7irib. M\u0259d\u0259niyy\u0259t Nazirliyind\u0259n veril\u0259n m\u0259lumata g\u00f6r\u0259, g\u00f6r\u00fc\u015f zaman\u0131 g\u0259l\u0259c\u0259k \u0259m\u0259kda\u015fl\u0131q v\u0259 birg\u0259 layih\u0259l\u0259r bar\u0259d\u0259, x\u00fcsusil\u0259 i\u015f\u011faldan azad edilmi\u015f \u0259razil\u0259rd\u0259 \u00f6lk\u0259 r\u0259hb\u0259rliyinin m\u00fc\u0259yy\u0259n etdiyi istiqam\u0259tl\u0259r \u00fczr\u0259 g\u00f6r\u00fcl\u0259c\u0259k i\u015fl\u0259rl\u0259 ba\u011fl\u0131 m\u00fczakir\u0259l\u0259r apar\u0131l\u0131b. M\u0259d\u0259niyy\u0259t naziri Anar K\u0259rimov i\u015f\u011faldan azad edilmi\u015f \u0259razil\u0259rd\u0259 m\u0259d\u0259ni h\u0259yat\u0131n dir\u00e7\u0259ldilm\u0259si m\u0259qs\u0259dil\u0259 Nazirlik t\u0259r\u0259find\u0259n bir ne\u00e7\u0259 prioritet istiqam\u0259tl\u0259r \u00fczr\u0259 i\u015f apar\u0131lmas\u0131n\u0131n n\u0259z\u0259rd\u0259 tutuldu\u011funu v\u0259 bir ne\u00e7\u0259 layih\u0259y\u0259 art\u0131q ba\u015flan\u0131ld\u0131\u011f\u0131n\u0131 bildirib. Bunlar aras\u0131nda h\u0259min \u0259razil\u0259rin tarixi abid\u0259l\u0259rinin&hellip;<\/p>\n","protected":false},"author":2,"featured_media":267742,"comment_status":"closed","ping_status":"closed","sticky":false,"template":"","format":"standard","meta":{"om_disable_all_campaigns":false,"_monsterinsights_skip_tracking":false,"_monsterinsights_sitenote_active":false,"_monsterinsights_sitenote_note":"","_monsterinsights_sitenote_category":0},"categories":[26],"tags":[],"aioseo_notices":[],"gutentor_comment":0,"rttpg_featured_image_url":{"full":["https:\/\/arantv.az\/wp-content\/uploads\/2021\/01\/b14f4431-0e11-3028-b683-a11cf36d5420_850.jpg",620,387,false],"landscape":["https:\/\/arantv.az\/wp-content\/uploads\/2021\/01\/b14f4431-0e11-3028-b683-a11cf36d5420_850.jpg",620,387,false],"portraits":["https:\/\/arantv.az\/wp-content\/uploads\/2021\/01\/b14f4431-0e11-3028-b683-a11cf36d5420_850.jpg",620,387,false],"thumbnail":["https:\/\/arantv.az\/wp-content\/uploads\/2021\/01\/b14f4431-0e11-3028-b683-a11cf36d5420_850-150x150.jpg",150,150,true],"medium":["https:\/\/arantv.az\/wp-content\/uploads\/2021\/01\/b14f4431-0e11-3028-b683-a11cf36d5420_850-300x187.jpg",300,187,true],"large":["https:\/\/arantv.az\/wp-content\/uploads\/2021\/01\/b14f4431-0e11-3028-b683-a11cf36d5420_850.jpg",620,387,false],"1536x1536":["https:\/\/arantv.az\/wp-content\/uploads\/2021\/01\/b14f4431-0e11-3028-b683-a11cf36d5420_850.jpg",620,387,false],"2048x2048":["https:\/\/arantv.az\/wp-content\/uploads\/2021\/01\/b14f4431-0e11-3028-b683-a11cf36d5420_850.jpg",620,387,false],"post-thumbnail":["https:\/\/arantv.az\/wp-content\/uploads\/2021\/01\/b14f4431-0e11-3028-b683-a11cf36d5420_850-240x172.jpg",240,172,true],"advps-thumb-one":["https:\/\/arantv.az\/wp-content\/uploads\/2021\/01\/b14f4431-0e11-3028-b683-a11cf36d5420_850.jpg",620,387,false]},"rttpg_author":{"display_name":"V\u00fcsal Rafiqo\u011flu","author_link":"https:\/\/arantv.az\/?author=2"},"rttpg_comment":0,"rttpg_category":"<a href=\"https:\/\/arantv.az\/?cat=26\" rel=\"category\">Sosial<\/a>","rttpg_excerpt":"Az\u0259rbaycan Respublikas\u0131n\u0131n M\u0259d\u0259niyy\u0259t naziri Anar K\u0259rimov Qaraba\u011f Dir\u00e7\u0259li\u015f Fondunun M\u00fc\u015fahid\u0259 \u015euras\u0131n\u0131n \u00fczv\u00fc, Da\u011fl\u0131q Qaraba\u011f\u0131n Az\u0259rbaycanl\u0131 \u0130cmas\u0131 \u0130ctimai Birliyinin s\u0259dri Tural G\u0259nc\u0259liyev il\u0259 videoformatda g\u00f6r\u00fc\u015f ke\u00e7irib. M\u0259d\u0259niyy\u0259t Nazirliyind\u0259n veril\u0259n m\u0259lumata g\u00f6r\u0259, g\u00f6r\u00fc\u015f zaman\u0131 g\u0259l\u0259c\u0259k \u0259m\u0259kda\u015fl\u0131q v\u0259 birg\u0259 layih\u0259l\u0259r bar\u0259d\u0259, x\u00fcsusil\u0259 i\u015f\u011faldan azad edilmi\u015f \u0259razil\u0259rd\u0259 \u00f6lk\u0259 r\u0259hb\u0259rliyinin m\u00fc\u0259yy\u0259n etdiyi istiqam\u0259tl\u0259r \u00fczr\u0259 g\u00f6r\u00fcl\u0259c\u0259k i\u015fl\u0259rl\u0259 ba\u011fl\u0131 m\u00fczakir\u0259l\u0259r apar\u0131l\u0131b. M\u0259d\u0259niyy\u0259t&hellip;","_links":{"self":[{"href":"https:\/\/arantv.az\/index.php?rest_route=\/wp\/v2\/posts\/267741"}],"collection":[{"href":"https:\/\/arantv.az\/index.php?rest_route=\/wp\/v2\/posts"}],"about":[{"href":"https:\/\/arantv.az\/index.php?rest_route=\/wp\/v2\/types\/post"}],"author":[{"embeddable":true,"href":"https:\/\/arantv.az\/index.php?rest_route=\/wp\/v2\/users\/2"}],"replies":[{"embeddable":true,"href":"https:\/\/arantv.az\/index.php?rest_route=%2Fwp%2Fv2%2Fcomments&post=267741"}],"version-history":[{"count":0,"href":"https:\/\/arantv.az\/index.php?rest_route=\/wp\/v2\/posts\/267741\/revisions"}],"wp:featuredmedia":[{"embeddable":true,"href":"https:\/\/arantv.az\/index.php?rest_route=\/wp\/v2\/media\/267742"}],"wp:attachment":[{"href":"https:\/\/arantv.az\/index.php?rest_route=%2Fwp%2Fv2%2Fmedia&parent=267741"}],"wp:term":[{"taxonomy":"category","embeddable":true,"href":"https:\/\/arantv.az\/index.php?rest_route=%2Fwp%2Fv2%2Fcategories&post=267741"},{"taxonomy":"post_tag","embeddable":true,"href":"https:\/\/arantv.az\/index.php?rest_route=%2Fwp%2Fv2%2Ftags&post=267741"}],"curies":[{"name":"wp","href":"https:\/\/api.w.org\/{rel}","templated":true}]}}