{"id":267761,"date":"2021-01-08T08:27:33","date_gmt":"2021-01-08T05:27:33","guid":{"rendered":"http:\/\/arantv.az\/?p=267761"},"modified":"2021-01-08T08:27:33","modified_gmt":"2021-01-08T05:27:33","slug":"fatma-yildirim-az%c9%99rbaycan-bu-ild%c9%99n-etibar%c9%99n-yeni-inkisaf-m%c9%99rh%c9%99l%c9%99sin%c9%99-q%c9%99d%c9%99m-qoyur","status":"publish","type":"post","link":"https:\/\/arantv.az\/?p=267761","title":{"rendered":"Fatma Y\u0131ld\u0131r\u0131m: Az\u0259rbaycan bu ild\u0259n etibar\u0259n yeni inki\u015faf m\u0259rh\u0259l\u0259sin\u0259 q\u0259d\u0259m qoyur"},"content":{"rendered":"<p>M\u00fcz\u0259ff\u0259r Ali Ba\u015f Komandan\u0131m\u0131z \u0130lham \u018fliyevin r\u0259hb\u0259rliyi il\u0259 r\u0259\u015fad\u0259tli Ordumuz 44 g\u00fcnl\u00fck V\u0259t\u0259n m\u00fcharib\u0259si n\u0259tic\u0259sind\u0259 bizi 30 il\u0259 yax\u0131n h\u0259sr\u0259tl\u0259 g\u00f6zl\u0259diyimiz Qaraba\u011f torpaqlar\u0131na qovu\u015fdurdu. Haz\u0131rda i\u015f\u011faldan azad edilmi\u015f torpaqlar\u0131n yenid\u0259n qurulmas\u0131 qar\u015f\u0131m\u0131zda duran \u0259n m\u00fch\u00fcm m\u0259s\u0259l\u0259l\u0259rd\u0259n biridir. Sevindirici hald\u0131r ki, d\u00f6vl\u0259timiz t\u0259r\u0259find\u0259n Qaraba\u011fda yenid\u0259nqurma i\u015fl\u0259rin\u0259 ba\u015flan\u0131l\u0131b. Suqovu\u015fana yol \u00e7\u0259kilib, F\u00fczuli-\u015eu\u015fa yolu m\u00fcasir standartlara uy\u011fun in\u015fa edilir. Dig\u0259r kommunal x\u0259tl\u0259rin b\u0259rpas\u0131 istiqam\u0259tind\u0259 z\u0259ruri i\u015fl\u0259r h\u0259yata ke\u00e7irilir.<\/p>\n<p><strong>ARANTV.AZ<\/strong> x\u0259b\u0259r verir ki, bunu Milli M\u0259clisin deputat\u0131, Qaraba\u011f Dir\u00e7\u0259li\u015f Fondunun M\u00fc\u015fahid\u0259 \u015euras\u0131n\u0131n \u00fczv\u00fc Fatma Y\u0131ld\u0131r\u0131m deyib.<\/p>\n<p><img src=\"http:\/\/ikisahil.az\/upload\/\/2020\/07\/14\/\/-68a64c1e159472114393507161410514639.jpg\" alt=\"\" \/>O bildirib ki, Prezident \u0130lham \u018fliyevin tap\u015f\u0131r\u0131\u011f\u0131 il\u0259 bu i\u015fl\u0259rin h\u0259yata ke\u00e7irilm\u0259si \u00fc\u00e7\u00fcn \u018flaq\u0259l\u0259ndirm\u0259 Q\u0259rargah\u0131 yarad\u0131l\u0131b v\u0259 b\u00fct\u00fcn aidiyy\u0259ti d\u00f6vl\u0259t strukturlar\u0131 Qaraba\u011fda apar\u0131lacaq i\u015fl\u0259r\u0259 c\u0259lb olunub. Amma bununla yana\u015f\u0131, \u00f6lk\u0259 v\u0259t\u0259nda\u015flar\u0131, el\u0259c\u0259 d\u0259 xaricd\u0259 ya\u015fayan soyda\u015flar\u0131m\u0131z, i\u015f adamlar\u0131 Qaraba\u011f\u0131n quruculu\u011fu prosesin\u0259 i\u015ftirak etm\u0259k ist\u0259dikl\u0259rini h\u0259r f\u00fcrs\u0259td\u0259 ifad\u0259 edirl\u0259r: \u201cBu g\u00fcn h\u0259r k\u0259sin \u0259n b\u00f6y\u00fck arzusu Qaraba\u011f\u0131n dir\u00e7\u0259lm\u0259si prosesin\u0259 t\u00f6hf\u0259 verm\u0259kdir. Bu bax\u0131mdan, Prezident \u0130lham \u018fliyevin t\u0259\u015f\u0259bb\u00fcs\u00fc il\u0259 Qaraba\u011f Dir\u00e7\u0259li\u015f Fondunun yarad\u0131lmas\u0131 xalq\u0131m\u0131z v\u0259 d\u00f6vl\u0259timiz \u00fc\u00e7\u00fcn m\u00fch\u00fcm tarixi hadis\u0259dir\u201d.<\/p>\n<p>\u201cH\u0259r birimiz t\u0259cav\u00fczkar Erm\u0259nistan\u0131n 30 il\u0259 yax\u0131n m\u00fcdd\u0259t \u0259rzind\u0259 i\u015f\u011fal alt\u0131nda saxlad\u0131\u011f\u0131 torpaqlar\u0131m\u0131zda \u0259sl vandalizm akt\u0131 t\u00f6r\u0259tdiyinin, b\u00fct\u00fcn \u015f\u0259h\u0259r v\u0259 k\u0259ndl\u0259rimizin tamamil\u0259 da\u011f\u0131d\u0131ld\u0131\u011f\u0131n\u0131n \u015fahidi olduq\u201d, &#8211; dey\u0259n xan\u0131m Y\u0131ld\u0131r\u0131m\u0131n s\u00f6zl\u0259rn\u0259 g\u00f6r\u0259, d\u00fc\u015fm\u0259n tarixi abid\u0259l\u0259rimizi, m\u0259scidl\u0259rimizi m\u0259hv edib, b\u00f6lg\u0259nin ekologiyas\u0131na \u00e7ox ciddi ziyan vurub: \u201cBu s\u0259b\u0259bd\u0259n bizi qar\u015f\u0131da \u00e7ox vacib b\u0259rpa-yenid\u0259nqurma i\u015fl\u0259ri g\u00f6zl\u0259yir. Haz\u0131rda i\u015f\u011faldan azad edilmi\u015f bir \u00e7ox \u015f\u0259h\u0259rl\u0259rimiz yerl\u0259-yeksan olundu\u011fu \u00fc\u00e7\u00fcn, s\u00f6z\u00fcn \u0259sl m\u0259nas\u0131nda, m\u00fcasir d\u00f6vr\u00fcn t\u0259l\u0259bl\u0259rin\u0259 uy\u011fun yenid\u0259n qurulmal\u0131d\u0131r. Bu istiqam\u0259td\u0259 art\u0131q \u015f\u0259h\u0259rl\u0259rin yeni ba\u015f planlar\u0131 haz\u0131rlan\u0131r\u201d.<\/p>\n<p>Deputat\u0131n fikrinc\u0259, Qaraba\u011f Dir\u00e7\u0259li\u015f Fondu i\u015f\u011faldan azad edilmi\u015f \u0259razil\u0259rinin b\u0259rpas\u0131 v\u0259 yenid\u0259n qurulmas\u0131, habel\u0259 g\u00fccl\u00fc iqtisadiyyat v\u0259 y\u00fcks\u0259k rifaha malik b\u00f6lg\u0259y\u0259 \u00e7evrilm\u0259si istiqam\u0259tind\u0259 h\u0259yata ke\u00e7iril\u0259n layih\u0259l\u0259r\u0259 maliyy\u0259 d\u0259st\u0259yi g\u00f6st\u0259r\u0259c\u0259k, eyni zamanda, d\u00f6vl\u0259t-\u00f6z\u0259l sektor t\u0259r\u0259fda\u015fl\u0131\u011f\u0131n\u0131n inki\u015faf\u0131n\u0131 t\u0259min ed\u0259c\u0259k, yerli v\u0259 xarici s\u0259rmay\u0259l\u0259rin c\u0259lb olunmas\u0131 \u00fc\u00e7\u00fcn z\u0259ruri t\u0259\u015fviqat i\u015fl\u0259ri apar\u0131lacaq\u201d.<\/p>\n<p>\u201c\u0130nan\u0131ram ki, bu fondun f\u0259aliyy\u0259ti, h\u0259m\u00e7inin h\u0259mr\u0259yliyimizin r\u0259mzin\u0259 \u00e7evril\u0259c\u0259k. Nec\u0259 ki, m\u00fcharib\u0259 d\u00f6vr\u00fcnd\u0259 xalq\u0131m\u0131z bir yumruq kimi birl\u0259\u015f\u0259r\u0259k b\u00f6y\u00fck Z\u0259f\u0259r qazand\u0131, el\u0259c\u0259 d\u0259 Qaraba\u011f\u0131n dir\u00e7\u0259lm\u0259si istiqam\u0259tind\u0259 i\u015fl\u0259rin s\u00fcr\u0259tl\u0259ndirilm\u0259sin\u0259 t\u0259kan ver\u0259c\u0259kdir. \u018fmin\u0259m ki, bu g\u00fcn h\u0259r k\u0259s \u00f6z\u00fcn\u00fc qaraba\u011fl\u0131 hesab edir v\u0259 bu m\u00fcq\u0259dd\u0259s i\u015f\u0259 t\u00f6hf\u0259 verm\u0259k ist\u0259yir. Bunu \u00f6zl\u0259rin\u0259 f\u0259xr hesab edirl\u0259r\u201d, &#8211; dey\u0259n Fatma Y\u0131ld\u0131r\u0131m bildirib ki, xaricd\u0259 ya\u015fayan soyda\u015flar\u0131m\u0131z da Qaraba\u011f\u0131n quruculu\u011funa t\u00f6hf\u0259 verm\u0259k ist\u0259kl\u0259rini ifad\u0259 edirl\u0259r: \u201cBiz bilirik ki, xaricd\u0259 ya\u015fayan \u00e7ox sayda az\u0259rbaycanl\u0131 i\u015f adam\u0131 var. Bu bax\u0131mdan, onlar\u0131n da prosesd\u0259 i\u015ftirak\u0131 \u00e7ox yax\u015f\u0131 olar. Eyni zamanda, d\u00fc\u015f\u00fcn\u00fcr\u0259m ki, xaricd\u0259ki soyda\u015flar\u0131m\u0131z Qaraba\u011fda yenid\u0259nqurma i\u015fl\u0259rin\u0259 s\u0259rmay\u0259l\u0259rin c\u0259lb olunmas\u0131 istiqam\u0259tind\u0259 t\u0259\u015fviqat i\u015fl\u0259rind\u0259 f\u0259al i\u015ftirak etm\u0259lidirl\u0259r. \u00c7\u00fcnki z\u0259ngin Qaraba\u011f torpaqlar\u0131nda \u00e7ox\u015fax\u0259li yat\u0131r\u0131mlar \u00fc\u00e7\u00fcn \u0259lveri\u015fli \u015f\u0259rait yarad\u0131lacaq. D\u00fc\u015f\u00fcn\u00fcr\u0259m ki, Az\u0259rbaycan bu ild\u0259n etibar\u0259n yeni inki\u015faf m\u0259rh\u0259l\u0259sin\u0259 q\u0259d\u0259m qoyur. Bu b\u00f6lg\u0259d\u0259 apar\u0131lan quruculuq, b\u0259rpa i\u015fl\u0259ri b\u00fct\u00f6vl\u00fckd\u0259 xalq\u0131m\u0131z\u0131n rifah\u0131n\u0131n yax\u015f\u0131la\u015fmas\u0131na v\u0259 \u00f6lk\u0259mizin daha da inki\u015faf\u0131na g\u0259tirib \u00e7\u0131xacaq\u201d.<\/p>\n","protected":false},"excerpt":{"rendered":"<p>M\u00fcz\u0259ff\u0259r Ali Ba\u015f Komandan\u0131m\u0131z \u0130lham \u018fliyevin r\u0259hb\u0259rliyi il\u0259 r\u0259\u015fad\u0259tli Ordumuz 44 g\u00fcnl\u00fck V\u0259t\u0259n m\u00fcharib\u0259si n\u0259tic\u0259sind\u0259 bizi 30 il\u0259 yax\u0131n h\u0259sr\u0259tl\u0259 g\u00f6zl\u0259diyimiz Qaraba\u011f torpaqlar\u0131na qovu\u015fdurdu. Haz\u0131rda i\u015f\u011faldan azad edilmi\u015f torpaqlar\u0131n yenid\u0259n qurulmas\u0131 qar\u015f\u0131m\u0131zda duran \u0259n m\u00fch\u00fcm m\u0259s\u0259l\u0259l\u0259rd\u0259n biridir. Sevindirici hald\u0131r ki, d\u00f6vl\u0259timiz t\u0259r\u0259find\u0259n Qaraba\u011fda yenid\u0259nqurma i\u015fl\u0259rin\u0259 ba\u015flan\u0131l\u0131b. Suqovu\u015fana yol \u00e7\u0259kilib, F\u00fczuli-\u015eu\u015fa yolu m\u00fcasir standartlara uy\u011fun in\u015fa edilir. Dig\u0259r kommunal x\u0259tl\u0259rin b\u0259rpas\u0131 istiqam\u0259tind\u0259 z\u0259ruri i\u015fl\u0259r h\u0259yata ke\u00e7irilir. ARANTV.AZ x\u0259b\u0259r verir ki, bunu Milli M\u0259clisin deputat\u0131, Qaraba\u011f Dir\u00e7\u0259li\u015f Fondunun M\u00fc\u015fahid\u0259 \u015euras\u0131n\u0131n \u00fczv\u00fc Fatma Y\u0131ld\u0131r\u0131m deyib. O bildirib ki, Prezident \u0130lham \u018fliyevin tap\u015f\u0131r\u0131\u011f\u0131 il\u0259&hellip;<\/p>\n","protected":false},"author":2,"featured_media":267762,"comment_status":"closed","ping_status":"closed","sticky":false,"template":"","format":"standard","meta":{"om_disable_all_campaigns":false,"_monsterinsights_skip_tracking":false,"_monsterinsights_sitenote_active":false,"_monsterinsights_sitenote_note":"","_monsterinsights_sitenote_category":0},"categories":[4],"tags":[],"aioseo_notices":[],"gutentor_comment":0,"rttpg_featured_image_url":{"full":["https:\/\/arantv.az\/wp-content\/uploads\/2021\/01\/1868f17c160602692280291171110028109.jpg",975,540,false],"landscape":["https:\/\/arantv.az\/wp-content\/uploads\/2021\/01\/1868f17c160602692280291171110028109.jpg",975,540,false],"portraits":["https:\/\/arantv.az\/wp-content\/uploads\/2021\/01\/1868f17c160602692280291171110028109.jpg",975,540,false],"thumbnail":["https:\/\/arantv.az\/wp-content\/uploads\/2021\/01\/1868f17c160602692280291171110028109-150x150.jpg",150,150,true],"medium":["https:\/\/arantv.az\/wp-content\/uploads\/2021\/01\/1868f17c160602692280291171110028109-300x166.jpg",300,166,true],"large":["https:\/\/arantv.az\/wp-content\/uploads\/2021\/01\/1868f17c160602692280291171110028109.jpg",640,354,false],"1536x1536":["https:\/\/arantv.az\/wp-content\/uploads\/2021\/01\/1868f17c160602692280291171110028109.jpg",975,540,false],"2048x2048":["https:\/\/arantv.az\/wp-content\/uploads\/2021\/01\/1868f17c160602692280291171110028109.jpg",975,540,false],"post-thumbnail":["https:\/\/arantv.az\/wp-content\/uploads\/2021\/01\/1868f17c160602692280291171110028109-240x172.jpg",240,172,true],"advps-thumb-one":["https:\/\/arantv.az\/wp-content\/uploads\/2021\/01\/1868f17c160602692280291171110028109.jpg",975,540,false]},"rttpg_author":{"display_name":"V\u00fcsal Rafiqo\u011flu","author_link":"https:\/\/arantv.az\/?author=2"},"rttpg_comment":0,"rttpg_category":"<a href=\"https:\/\/arantv.az\/?cat=4\" rel=\"category\">Siyas\u0259t<\/a>","rttpg_excerpt":"M\u00fcz\u0259ff\u0259r Ali Ba\u015f Komandan\u0131m\u0131z \u0130lham \u018fliyevin r\u0259hb\u0259rliyi il\u0259 r\u0259\u015fad\u0259tli Ordumuz 44 g\u00fcnl\u00fck V\u0259t\u0259n m\u00fcharib\u0259si n\u0259tic\u0259sind\u0259 bizi 30 il\u0259 yax\u0131n h\u0259sr\u0259tl\u0259 g\u00f6zl\u0259diyimiz Qaraba\u011f torpaqlar\u0131na qovu\u015fdurdu. Haz\u0131rda i\u015f\u011faldan azad edilmi\u015f torpaqlar\u0131n yenid\u0259n qurulmas\u0131 qar\u015f\u0131m\u0131zda duran \u0259n m\u00fch\u00fcm m\u0259s\u0259l\u0259l\u0259rd\u0259n biridir. Sevindirici hald\u0131r ki, d\u00f6vl\u0259timiz t\u0259r\u0259find\u0259n Qaraba\u011fda yenid\u0259nqurma i\u015fl\u0259rin\u0259 ba\u015flan\u0131l\u0131b. Suqovu\u015fana yol \u00e7\u0259kilib, F\u00fczuli-\u015eu\u015fa yolu m\u00fcasir standartlara uy\u011fun in\u015fa&hellip;","_links":{"self":[{"href":"https:\/\/arantv.az\/index.php?rest_route=\/wp\/v2\/posts\/267761"}],"collection":[{"href":"https:\/\/arantv.az\/index.php?rest_route=\/wp\/v2\/posts"}],"about":[{"href":"https:\/\/arantv.az\/index.php?rest_route=\/wp\/v2\/types\/post"}],"author":[{"embeddable":true,"href":"https:\/\/arantv.az\/index.php?rest_route=\/wp\/v2\/users\/2"}],"replies":[{"embeddable":true,"href":"https:\/\/arantv.az\/index.php?rest_route=%2Fwp%2Fv2%2Fcomments&post=267761"}],"version-history":[{"count":0,"href":"https:\/\/arantv.az\/index.php?rest_route=\/wp\/v2\/posts\/267761\/revisions"}],"wp:featuredmedia":[{"embeddable":true,"href":"https:\/\/arantv.az\/index.php?rest_route=\/wp\/v2\/media\/267762"}],"wp:attachment":[{"href":"https:\/\/arantv.az\/index.php?rest_route=%2Fwp%2Fv2%2Fmedia&parent=267761"}],"wp:term":[{"taxonomy":"category","embeddable":true,"href":"https:\/\/arantv.az\/index.php?rest_route=%2Fwp%2Fv2%2Fcategories&post=267761"},{"taxonomy":"post_tag","embeddable":true,"href":"https:\/\/arantv.az\/index.php?rest_route=%2Fwp%2Fv2%2Ftags&post=267761"}],"curies":[{"name":"wp","href":"https:\/\/api.w.org\/{rel}","templated":true}]}}