{"id":26825,"date":"2018-12-10T08:44:05","date_gmt":"2018-12-10T05:44:05","guid":{"rendered":"http:\/\/arantv.az\/?p=26825"},"modified":"2018-12-10T08:44:05","modified_gmt":"2018-12-10T05:44:05","slug":"deputat-m%c9%99is%c9%99t-zorakiligi-il%c9%99-mubariz%c9%99nin-yolunu-gost%c9%99rdi","status":"publish","type":"post","link":"https:\/\/arantv.az\/?p=26825","title":{"rendered":"Deputat m\u0259i\u015f\u0259t zorak\u0131l\u0131\u011f\u0131 il\u0259 m\u00fcbariz\u0259nin yolunu g\u00f6st\u0259rdi"},"content":{"rendered":"<p>Bu g\u00fcn insan h\u00fcquqlar\u0131n\u0131n t\u0259minind\u0259n, \u0259dal\u0259td\u0259n dan\u0131\u015f\u0131l\u0131r. M\u00fcst\u0259qil d\u00f6vl\u0259t olmasa v\u0259 insan h\u00fcquqlar\u0131n\u0131n t\u0259mini \u00fc\u00e7\u00fcn laz\u0131m olan \u015f\u0259rait yarad\u0131lmasa, b\u00fct\u00fcn bunlar\u0131 etm\u0259k olmaz.<\/p>\n<p><strong>ARANTV.AZ\u00a0<\/strong>\u00a0x\u0259b\u0259r verir ki, bunu vitse-spiker\u00a0<strong>Bahar Muradova<\/strong>\u00a0deyib.<\/p>\n<p>O qeyd edib ki, bu g\u00fcn Az\u0259rbaycanda insan h\u00fcquqlar\u0131n\u0131n m\u00fcdafi\u0259sini t\u0259min ed\u0259n \u00e7ox m\u00fck\u0259mm\u0259l qanunvericilik bazas\u0131 var. Az\u0259rbaycan\u0131n qanunvericilik bazas\u0131 insanlar\u0131n h\u00fcquqlar\u0131n\u0131n b\u0259rab\u0259r \u015f\u0259kild\u0259 t\u0259min edilm\u0259sini ger\u00e7\u0259kl\u0259\u015fdir\u0259n m\u00fchit formala\u015fd\u0131r\u0131r.<\/p>\n<div id=\"AdributorNativeVideo0\" class=\"AdributorNativeVideo\"><\/div>\n<p>\u201cBug\u00fcnk\u00fc nailiyy\u0259tl\u0259r bu u\u011furlar\u0131n \u0259ld\u0259 edilm\u0259sin\u0259 t\u00f6hf\u0259 ver\u0259n Az\u0259rbaycan v\u0259t\u0259nda\u015flar\u0131n\u0131n i\u015ftirak\u0131 il\u0259 \u0259ld\u0259 olunub. Xalq\u0131n m\u00fctl\u0259q d\u0259st\u0259yi olmadan h\u0259r hans\u0131 ideyan\u0131 ger\u00e7\u0259kl\u0259\u015fdirm\u0259k qeyri-m\u00fcmk\u00fcnd\u00fcr.<\/p>\n<p>Bu g\u00fcn insan h\u00fcquqlar\u0131n\u0131n t\u0259minind\u0259n, \u0259dal\u0259td\u0259n dan\u0131\u015f\u0131l\u0131r. M\u00fcst\u0259qil d\u00f6vl\u0259t olmasa v\u0259 insan h\u00fcquqlar\u0131n\u0131n t\u0259mini \u00fc\u00e7\u00fcn laz\u0131m olan \u015f\u0259rait yarad\u0131lmasa, b\u00fct\u00fcn bunlar\u0131 etm\u0259k olmaz. Az\u0259rbaycan \u00f6t\u0259n ill\u0259rd\u0259 \u00e7ox b\u00f6y\u00fck u\u011furlara imza at\u0131b.<\/p>\n<p>H\u0259r birimiz bel\u0259 bir \u00f6lk\u0259nin v\u0259t\u0259nda\u015f\u0131 oldu\u011fumuz \u00fc\u00e7\u00fcn q\u00fcrur duyuruq, eyni zamanda, bunun m\u0259suliyy\u0259tini da\u015f\u0131mal\u0131y\u0131q. Az\u0259rbaycan\u0131n \u0259sas qanunu olan Konstitusiyada h\u00fcquq b\u0259rab\u0259rliyi v\u0259 onun d\u00f6vl\u0259t t\u0259r\u0259find\u0259n t\u0259min edilm\u0259si \u00f6z t\u0259sbitini tap\u0131b.<\/p>\n<p>D\u00fcnyada g\u00fcnd\u0259lik h\u00fcquqpozmalar, m\u0259i\u015f\u0259t zorak\u0131l\u0131\u011f\u0131, m\u0259nsubiyy\u0259t\u0259 g\u00f6r\u0259 f\u0259rqqoyma kimi m\u0259nfi hallarla \u00fczl\u0259\u015fdiyimiz bir d\u00f6vrd\u0259 beyn\u0259lxalq t\u0259\u015fkilatlar koordinasiya olunmu\u015f \u015f\u0259kild\u0259 f\u0259aliyy\u0259t g\u00f6st\u0259rm\u0259lidirl\u0259r. Bunun \u00fc\u00e7\u00fcn d\u0259 geni\u015f maarifl\u0259ndirm\u0259 i\u015fl\u0259ri apar\u0131lmal\u0131d\u0131r\u201d, &#8211; dey\u0259 B.Muradova s\u00f6zl\u0259rin\u0259 \u0259lav\u0259 edib.oxu.az<\/p>\n","protected":false},"excerpt":{"rendered":"<p>Bu g\u00fcn insan h\u00fcquqlar\u0131n\u0131n t\u0259minind\u0259n, \u0259dal\u0259td\u0259n dan\u0131\u015f\u0131l\u0131r. M\u00fcst\u0259qil d\u00f6vl\u0259t olmasa v\u0259 insan h\u00fcquqlar\u0131n\u0131n t\u0259mini \u00fc\u00e7\u00fcn laz\u0131m olan \u015f\u0259rait yarad\u0131lmasa, b\u00fct\u00fcn bunlar\u0131 etm\u0259k olmaz. ARANTV.AZ\u00a0\u00a0x\u0259b\u0259r verir ki, bunu vitse-spiker\u00a0Bahar Muradova\u00a0deyib. O qeyd edib ki, bu g\u00fcn Az\u0259rbaycanda insan h\u00fcquqlar\u0131n\u0131n m\u00fcdafi\u0259sini t\u0259min ed\u0259n \u00e7ox m\u00fck\u0259mm\u0259l qanunvericilik bazas\u0131 var. Az\u0259rbaycan\u0131n qanunvericilik bazas\u0131 insanlar\u0131n h\u00fcquqlar\u0131n\u0131n b\u0259rab\u0259r \u015f\u0259kild\u0259 t\u0259min edilm\u0259sini ger\u00e7\u0259kl\u0259\u015fdir\u0259n m\u00fchit formala\u015fd\u0131r\u0131r. \u201cBug\u00fcnk\u00fc nailiyy\u0259tl\u0259r bu u\u011furlar\u0131n \u0259ld\u0259 edilm\u0259sin\u0259 t\u00f6hf\u0259 ver\u0259n Az\u0259rbaycan v\u0259t\u0259nda\u015flar\u0131n\u0131n i\u015ftirak\u0131 il\u0259 \u0259ld\u0259 olunub. Xalq\u0131n m\u00fctl\u0259q d\u0259st\u0259yi olmadan h\u0259r hans\u0131 ideyan\u0131 ger\u00e7\u0259kl\u0259\u015fdirm\u0259k qeyri-m\u00fcmk\u00fcnd\u00fcr. Bu g\u00fcn insan h\u00fcquqlar\u0131n\u0131n t\u0259minind\u0259n, \u0259dal\u0259td\u0259n dan\u0131\u015f\u0131l\u0131r. M\u00fcst\u0259qil d\u00f6vl\u0259t&hellip;<\/p>\n","protected":false},"author":2,"featured_media":26826,"comment_status":"closed","ping_status":"closed","sticky":false,"template":"","format":"standard","meta":{"om_disable_all_campaigns":false,"_monsterinsights_skip_tracking":false,"_monsterinsights_sitenote_active":false,"_monsterinsights_sitenote_note":"","_monsterinsights_sitenote_category":0},"categories":[4],"tags":[],"aioseo_notices":[],"gutentor_comment":0,"rttpg_featured_image_url":{"full":["https:\/\/arantv.az\/wp-content\/uploads\/2018\/12\/Clipboard01-1.jpg",620,434,false],"landscape":["https:\/\/arantv.az\/wp-content\/uploads\/2018\/12\/Clipboard01-1.jpg",620,434,false],"portraits":["https:\/\/arantv.az\/wp-content\/uploads\/2018\/12\/Clipboard01-1.jpg",620,434,false],"thumbnail":["https:\/\/arantv.az\/wp-content\/uploads\/2018\/12\/Clipboard01-1-150x150.jpg",150,150,true],"medium":["https:\/\/arantv.az\/wp-content\/uploads\/2018\/12\/Clipboard01-1-300x210.jpg",300,210,true],"large":["https:\/\/arantv.az\/wp-content\/uploads\/2018\/12\/Clipboard01-1.jpg",620,434,false],"1536x1536":["https:\/\/arantv.az\/wp-content\/uploads\/2018\/12\/Clipboard01-1.jpg",620,434,false],"2048x2048":["https:\/\/arantv.az\/wp-content\/uploads\/2018\/12\/Clipboard01-1.jpg",620,434,false],"post-thumbnail":["https:\/\/arantv.az\/wp-content\/uploads\/2018\/12\/Clipboard01-1-240x172.jpg",240,172,true],"advps-thumb-one":["https:\/\/arantv.az\/wp-content\/uploads\/2018\/12\/Clipboard01-1.jpg",620,434,false]},"rttpg_author":{"display_name":"V\u00fcsal Rafiqo\u011flu","author_link":"https:\/\/arantv.az\/?author=2"},"rttpg_comment":0,"rttpg_category":"<a href=\"https:\/\/arantv.az\/?cat=4\" rel=\"category\">Siyas\u0259t<\/a>","rttpg_excerpt":"Bu g\u00fcn insan h\u00fcquqlar\u0131n\u0131n t\u0259minind\u0259n, \u0259dal\u0259td\u0259n dan\u0131\u015f\u0131l\u0131r. M\u00fcst\u0259qil d\u00f6vl\u0259t olmasa v\u0259 insan h\u00fcquqlar\u0131n\u0131n t\u0259mini \u00fc\u00e7\u00fcn laz\u0131m olan \u015f\u0259rait yarad\u0131lmasa, b\u00fct\u00fcn bunlar\u0131 etm\u0259k olmaz. ARANTV.AZ\u00a0\u00a0x\u0259b\u0259r verir ki, bunu vitse-spiker\u00a0Bahar Muradova\u00a0deyib. O qeyd edib ki, bu g\u00fcn Az\u0259rbaycanda insan h\u00fcquqlar\u0131n\u0131n m\u00fcdafi\u0259sini t\u0259min ed\u0259n \u00e7ox m\u00fck\u0259mm\u0259l qanunvericilik bazas\u0131 var. Az\u0259rbaycan\u0131n qanunvericilik bazas\u0131 insanlar\u0131n h\u00fcquqlar\u0131n\u0131n b\u0259rab\u0259r \u015f\u0259kild\u0259 t\u0259min edilm\u0259sini&hellip;","_links":{"self":[{"href":"https:\/\/arantv.az\/index.php?rest_route=\/wp\/v2\/posts\/26825"}],"collection":[{"href":"https:\/\/arantv.az\/index.php?rest_route=\/wp\/v2\/posts"}],"about":[{"href":"https:\/\/arantv.az\/index.php?rest_route=\/wp\/v2\/types\/post"}],"author":[{"embeddable":true,"href":"https:\/\/arantv.az\/index.php?rest_route=\/wp\/v2\/users\/2"}],"replies":[{"embeddable":true,"href":"https:\/\/arantv.az\/index.php?rest_route=%2Fwp%2Fv2%2Fcomments&post=26825"}],"version-history":[{"count":0,"href":"https:\/\/arantv.az\/index.php?rest_route=\/wp\/v2\/posts\/26825\/revisions"}],"wp:featuredmedia":[{"embeddable":true,"href":"https:\/\/arantv.az\/index.php?rest_route=\/wp\/v2\/media\/26826"}],"wp:attachment":[{"href":"https:\/\/arantv.az\/index.php?rest_route=%2Fwp%2Fv2%2Fmedia&parent=26825"}],"wp:term":[{"taxonomy":"category","embeddable":true,"href":"https:\/\/arantv.az\/index.php?rest_route=%2Fwp%2Fv2%2Fcategories&post=26825"},{"taxonomy":"post_tag","embeddable":true,"href":"https:\/\/arantv.az\/index.php?rest_route=%2Fwp%2Fv2%2Ftags&post=26825"}],"curies":[{"name":"wp","href":"https:\/\/api.w.org\/{rel}","templated":true}]}}