{"id":268344,"date":"2021-01-08T15:34:19","date_gmt":"2021-01-08T12:34:19","guid":{"rendered":"http:\/\/arantv.az\/?p=268344"},"modified":"2021-01-08T15:34:19","modified_gmt":"2021-01-08T12:34:19","slug":"daha-bir-s%c9%99hid-ogluna-atasinin-adi-qoyuldu-video","status":"publish","type":"post","link":"https:\/\/arantv.az\/?p=268344","title":{"rendered":"Daha bir \u015f\u0259hid o\u011fluna atas\u0131n\u0131n ad\u0131 qoyuldu &#8211; V\u0130DEO"},"content":{"rendered":"<article class=\"news\">\n<div class=\"news-inner\">\n<p>V\u0259t\u0259n m\u00fcharib\u0259si \u015f\u0259hidi, Daxili Qo\u015funlar\u0131n ba\u015f \u00e7avu\u015fu Ruslan \u00dczeyir o\u011flu Qurbanovun ilk \u00f6vlad\u0131 d\u00fcnyaya g\u0259lib.<\/p>\n<p><strong>ARANTV.AZ<\/strong>\u00a0 x\u0259b\u0259r verir ki, R.Qurbanov d\u00f6y\u00fc\u015f\u0259 ged\u0259rk\u0259n yolda\u015f\u0131 hamil\u0259 olub. Bir ne\u00e7\u0259 g\u00fcn \u0259vv\u0259l is\u0259 Bak\u0131da klinikalar\u0131n birind\u0259 \u015f\u0259hidin o\u011flu d\u00fcnyaya g\u0259lib. K\u00f6rp\u0259y\u0259 atas\u0131 Ruslan\u0131n ad\u0131 qoyulub.<\/p>\n<div id=\"AdviadNativeVideo0\" class=\"AdviadNativeVideo\"><\/div>\n<p>Ail\u0259si onu Bil\u0259suvar rayonunun A\u011fal\u0131k\u0259nd k\u0259ndin\u0259 apar\u0131b.<\/p>\n<p>Ruslan Qurbanov \u00f6l\u00fcm\u00fcnd\u0259n sonra Prezidentin s\u0259r\u0259ncam\u0131 il\u0259 \u201cV\u0259t\u0259n u\u011frunda\u201d v\u0259 \u201cK\u0259lb\u0259c\u0259rin azad edilm\u0259si u\u011frunda\u201d medal\u0131 il\u0259 t\u0259ltif edilib.<\/p>\n<div><iframe loading=\"lazy\" src=\"https:\/\/player.baku.tv\/embed\/31626\" width=\"560\" height=\"315\" frameborder=\"0\" allowfullscreen=\"allowfullscreen\" data-mce-fragment=\"1\"><\/iframe><\/div>\n<\/div>\n<\/article>\n<h2 class=\"news-share-title\"><\/h2>\n<p>Qafqazinfo<\/p>\n","protected":false},"excerpt":{"rendered":"<p>V\u0259t\u0259n m\u00fcharib\u0259si \u015f\u0259hidi, Daxili Qo\u015funlar\u0131n ba\u015f \u00e7avu\u015fu Ruslan \u00dczeyir o\u011flu Qurbanovun ilk \u00f6vlad\u0131 d\u00fcnyaya g\u0259lib. ARANTV.AZ\u00a0 x\u0259b\u0259r verir ki, R.Qurbanov d\u00f6y\u00fc\u015f\u0259 ged\u0259rk\u0259n yolda\u015f\u0131 hamil\u0259 olub. Bir ne\u00e7\u0259 g\u00fcn \u0259vv\u0259l is\u0259 Bak\u0131da klinikalar\u0131n birind\u0259 \u015f\u0259hidin o\u011flu d\u00fcnyaya g\u0259lib. K\u00f6rp\u0259y\u0259 atas\u0131 Ruslan\u0131n ad\u0131 qoyulub. Ail\u0259si onu Bil\u0259suvar rayonunun A\u011fal\u0131k\u0259nd k\u0259ndin\u0259 apar\u0131b. Ruslan Qurbanov \u00f6l\u00fcm\u00fcnd\u0259n sonra Prezidentin s\u0259r\u0259ncam\u0131 il\u0259 \u201cV\u0259t\u0259n u\u011frunda\u201d v\u0259 \u201cK\u0259lb\u0259c\u0259rin azad edilm\u0259si u\u011frunda\u201d medal\u0131 il\u0259 t\u0259ltif edilib. Qafqazinfo<\/p>\n","protected":false},"author":2,"featured_media":268345,"comment_status":"closed","ping_status":"closed","sticky":false,"template":"","format":"standard","meta":{"om_disable_all_campaigns":false,"_monsterinsights_skip_tracking":false,"_monsterinsights_sitenote_active":false,"_monsterinsights_sitenote_note":"","_monsterinsights_sitenote_category":0},"categories":[26],"tags":[],"aioseo_notices":[],"gutentor_comment":0,"rttpg_featured_image_url":{"full":["https:\/\/arantv.az\/wp-content\/uploads\/2021\/01\/ruslansehid.jpg",620,389,false],"landscape":["https:\/\/arantv.az\/wp-content\/uploads\/2021\/01\/ruslansehid.jpg",620,389,false],"portraits":["https:\/\/arantv.az\/wp-content\/uploads\/2021\/01\/ruslansehid.jpg",620,389,false],"thumbnail":["https:\/\/arantv.az\/wp-content\/uploads\/2021\/01\/ruslansehid-150x150.jpg",150,150,true],"medium":["https:\/\/arantv.az\/wp-content\/uploads\/2021\/01\/ruslansehid-300x188.jpg",300,188,true],"large":["https:\/\/arantv.az\/wp-content\/uploads\/2021\/01\/ruslansehid.jpg",620,389,false],"1536x1536":["https:\/\/arantv.az\/wp-content\/uploads\/2021\/01\/ruslansehid.jpg",620,389,false],"2048x2048":["https:\/\/arantv.az\/wp-content\/uploads\/2021\/01\/ruslansehid.jpg",620,389,false],"post-thumbnail":["https:\/\/arantv.az\/wp-content\/uploads\/2021\/01\/ruslansehid-240x172.jpg",240,172,true],"advps-thumb-one":["https:\/\/arantv.az\/wp-content\/uploads\/2021\/01\/ruslansehid.jpg",620,389,false]},"rttpg_author":{"display_name":"V\u00fcsal Rafiqo\u011flu","author_link":"https:\/\/arantv.az\/?author=2"},"rttpg_comment":0,"rttpg_category":"<a href=\"https:\/\/arantv.az\/?cat=26\" rel=\"category\">Sosial<\/a>","rttpg_excerpt":"V\u0259t\u0259n m\u00fcharib\u0259si \u015f\u0259hidi, Daxili Qo\u015funlar\u0131n ba\u015f \u00e7avu\u015fu Ruslan \u00dczeyir o\u011flu Qurbanovun ilk \u00f6vlad\u0131 d\u00fcnyaya g\u0259lib. ARANTV.AZ\u00a0 x\u0259b\u0259r verir ki, R.Qurbanov d\u00f6y\u00fc\u015f\u0259 ged\u0259rk\u0259n yolda\u015f\u0131 hamil\u0259 olub. Bir ne\u00e7\u0259 g\u00fcn \u0259vv\u0259l is\u0259 Bak\u0131da klinikalar\u0131n birind\u0259 \u015f\u0259hidin o\u011flu d\u00fcnyaya g\u0259lib. K\u00f6rp\u0259y\u0259 atas\u0131 Ruslan\u0131n ad\u0131 qoyulub. Ail\u0259si onu Bil\u0259suvar rayonunun A\u011fal\u0131k\u0259nd k\u0259ndin\u0259 apar\u0131b. Ruslan Qurbanov \u00f6l\u00fcm\u00fcnd\u0259n sonra Prezidentin s\u0259r\u0259ncam\u0131&hellip;","_links":{"self":[{"href":"https:\/\/arantv.az\/index.php?rest_route=\/wp\/v2\/posts\/268344"}],"collection":[{"href":"https:\/\/arantv.az\/index.php?rest_route=\/wp\/v2\/posts"}],"about":[{"href":"https:\/\/arantv.az\/index.php?rest_route=\/wp\/v2\/types\/post"}],"author":[{"embeddable":true,"href":"https:\/\/arantv.az\/index.php?rest_route=\/wp\/v2\/users\/2"}],"replies":[{"embeddable":true,"href":"https:\/\/arantv.az\/index.php?rest_route=%2Fwp%2Fv2%2Fcomments&post=268344"}],"version-history":[{"count":0,"href":"https:\/\/arantv.az\/index.php?rest_route=\/wp\/v2\/posts\/268344\/revisions"}],"wp:featuredmedia":[{"embeddable":true,"href":"https:\/\/arantv.az\/index.php?rest_route=\/wp\/v2\/media\/268345"}],"wp:attachment":[{"href":"https:\/\/arantv.az\/index.php?rest_route=%2Fwp%2Fv2%2Fmedia&parent=268344"}],"wp:term":[{"taxonomy":"category","embeddable":true,"href":"https:\/\/arantv.az\/index.php?rest_route=%2Fwp%2Fv2%2Fcategories&post=268344"},{"taxonomy":"post_tag","embeddable":true,"href":"https:\/\/arantv.az\/index.php?rest_route=%2Fwp%2Fv2%2Ftags&post=268344"}],"curies":[{"name":"wp","href":"https:\/\/api.w.org\/{rel}","templated":true}]}}