{"id":268348,"date":"2021-01-08T15:38:26","date_gmt":"2021-01-08T12:38:26","guid":{"rendered":"http:\/\/arantv.az\/?p=268348"},"modified":"2021-01-08T15:38:26","modified_gmt":"2021-01-08T12:38:26","slug":"az%c9%99rbaycanda-vaksinasiya-n%c9%99-zaman-baslayir-t%c9%99bib-d%c9%99n-aciqlama","status":"publish","type":"post","link":"https:\/\/arantv.az\/?p=268348","title":{"rendered":"Az\u0259rbaycanda vaksinasiya n\u0259 zaman BA\u015eLAYIR? &#8211; T\u018fB\u0130B-d\u0259n A\u00c7IQLAMA"},"content":{"rendered":"<p>Az\u0259rbaycanda yax\u0131n g\u00fcnl\u0259rd\u0259 koronavirus \u0259leyhin\u0259 vaksinnasiya ba\u015flan\u0131l\u0131r. Haz\u0131rda bununla ba\u011fl\u0131 m\u00fc\u0259yy\u0259n i\u015fl\u0259r g\u00f6r\u00fcl\u00fcr. \u0130lk olaraq vaksinin tibb i\u015f\u00e7il\u0259rin\u0259 risk qrupuna daxil insanlara vurulmas\u0131 g\u00f6zl\u0259nilir. Qeyd ed\u0259k vaksinasiya pulsuz v\u0259 k\u00f6n\u00fcll\u00fc olacaq. Bu g\u00fcn h\u0259r k\u0259si maraqland\u0131ran sual Az\u0259rbaycanda vaksinasiyan\u0131n n\u0259 zaman ba\u015flayaca\u011f\u0131d\u0131r.<\/p>\n<p><strong>ARANTV.AZ<\/strong>\u00a0\u00a0<a title=\"xeberler son xeberler 2020\" href=\"https:\/\/big.az\/\" target=\"_blank\" rel=\"noopener\">x\u0259b\u0259r<\/a>\u00a0verir ki, bununla ba\u011fl\u0131\u00a0<a title=\"en son xeberler 2020\" href=\"https:\/\/sonxeber.az\/?_ga=2.119511689.1814775835.1609823543-916661042.1557399144\" target=\"_blank\" rel=\"noopener\">Sonxeber.az<\/a>-\u0131n sual\u0131n\u0131 cavabland\u0131ran Tibbi \u018frazi B\u00f6lm\u0259l\u0259rini \u0130dar\u0259etm\u0259 Birliyinin (T\u018fB\u0130B) m\u0259tbuat katibi Elnar\u0259 Bax\u0131\u015f bildirib ki, vaksinnasiya strategiyas\u0131 haz\u0131rlan\u0131r:<\/p>\n<div id=\"AdviadNativeVideo0\" class=\"AdviadNativeVideo\"><\/div>\n<p>&#8220;Yax\u0131n g\u00fcnl\u0259rd\u0259 vaksinasiya strategiyas\u0131,b\u00fct\u00fcn m\u0259qamlar, el\u0259c\u0259 d\u0259 vaksinasiyan\u0131n n\u0259 zamandan ba\u015flanaca\u011f\u0131 ictimaiyy\u0259t\u0259 a\u00e7\u0131qlanacaq&#8221;.<\/p>\n","protected":false},"excerpt":{"rendered":"<p>Az\u0259rbaycanda yax\u0131n g\u00fcnl\u0259rd\u0259 koronavirus \u0259leyhin\u0259 vaksinnasiya ba\u015flan\u0131l\u0131r. Haz\u0131rda bununla ba\u011fl\u0131 m\u00fc\u0259yy\u0259n i\u015fl\u0259r g\u00f6r\u00fcl\u00fcr. \u0130lk olaraq vaksinin tibb i\u015f\u00e7il\u0259rin\u0259 risk qrupuna daxil insanlara vurulmas\u0131 g\u00f6zl\u0259nilir. Qeyd ed\u0259k vaksinasiya pulsuz v\u0259 k\u00f6n\u00fcll\u00fc olacaq. Bu g\u00fcn h\u0259r k\u0259si maraqland\u0131ran sual Az\u0259rbaycanda vaksinasiyan\u0131n n\u0259 zaman ba\u015flayaca\u011f\u0131d\u0131r. ARANTV.AZ\u00a0\u00a0x\u0259b\u0259r\u00a0verir ki, bununla ba\u011fl\u0131\u00a0Sonxeber.az-\u0131n sual\u0131n\u0131 cavabland\u0131ran Tibbi \u018frazi B\u00f6lm\u0259l\u0259rini \u0130dar\u0259etm\u0259 Birliyinin (T\u018fB\u0130B) m\u0259tbuat katibi Elnar\u0259 Bax\u0131\u015f bildirib ki, vaksinnasiya strategiyas\u0131 haz\u0131rlan\u0131r: &#8220;Yax\u0131n g\u00fcnl\u0259rd\u0259 vaksinasiya strategiyas\u0131,b\u00fct\u00fcn m\u0259qamlar, el\u0259c\u0259 d\u0259 vaksinasiyan\u0131n n\u0259 zamandan ba\u015flanaca\u011f\u0131 ictimaiyy\u0259t\u0259 a\u00e7\u0131qlanacaq&#8221;.<\/p>\n","protected":false},"author":2,"featured_media":268349,"comment_status":"closed","ping_status":"closed","sticky":false,"template":"","format":"standard","meta":{"om_disable_all_campaigns":false,"_monsterinsights_skip_tracking":false,"_monsterinsights_sitenote_active":false,"_monsterinsights_sitenote_note":"","_monsterinsights_sitenote_category":0},"categories":[26],"tags":[],"aioseo_notices":[],"gutentor_comment":0,"rttpg_featured_image_url":{"full":["https:\/\/arantv.az\/wp-content\/uploads\/2021\/01\/vacsin.jpg",549,297,false],"landscape":["https:\/\/arantv.az\/wp-content\/uploads\/2021\/01\/vacsin.jpg",549,297,false],"portraits":["https:\/\/arantv.az\/wp-content\/uploads\/2021\/01\/vacsin.jpg",549,297,false],"thumbnail":["https:\/\/arantv.az\/wp-content\/uploads\/2021\/01\/vacsin-150x150.jpg",150,150,true],"medium":["https:\/\/arantv.az\/wp-content\/uploads\/2021\/01\/vacsin-300x162.jpg",300,162,true],"large":["https:\/\/arantv.az\/wp-content\/uploads\/2021\/01\/vacsin.jpg",549,297,false],"1536x1536":["https:\/\/arantv.az\/wp-content\/uploads\/2021\/01\/vacsin.jpg",549,297,false],"2048x2048":["https:\/\/arantv.az\/wp-content\/uploads\/2021\/01\/vacsin.jpg",549,297,false],"post-thumbnail":["https:\/\/arantv.az\/wp-content\/uploads\/2021\/01\/vacsin-240x172.jpg",240,172,true],"advps-thumb-one":["https:\/\/arantv.az\/wp-content\/uploads\/2021\/01\/vacsin.jpg",549,297,false]},"rttpg_author":{"display_name":"V\u00fcsal Rafiqo\u011flu","author_link":"https:\/\/arantv.az\/?author=2"},"rttpg_comment":0,"rttpg_category":"<a href=\"https:\/\/arantv.az\/?cat=26\" rel=\"category\">Sosial<\/a>","rttpg_excerpt":"Az\u0259rbaycanda yax\u0131n g\u00fcnl\u0259rd\u0259 koronavirus \u0259leyhin\u0259 vaksinnasiya ba\u015flan\u0131l\u0131r. Haz\u0131rda bununla ba\u011fl\u0131 m\u00fc\u0259yy\u0259n i\u015fl\u0259r g\u00f6r\u00fcl\u00fcr. \u0130lk olaraq vaksinin tibb i\u015f\u00e7il\u0259rin\u0259 risk qrupuna daxil insanlara vurulmas\u0131 g\u00f6zl\u0259nilir. Qeyd ed\u0259k vaksinasiya pulsuz v\u0259 k\u00f6n\u00fcll\u00fc olacaq. Bu g\u00fcn h\u0259r k\u0259si maraqland\u0131ran sual Az\u0259rbaycanda vaksinasiyan\u0131n n\u0259 zaman ba\u015flayaca\u011f\u0131d\u0131r. ARANTV.AZ\u00a0\u00a0x\u0259b\u0259r\u00a0verir ki, bununla ba\u011fl\u0131\u00a0Sonxeber.az-\u0131n sual\u0131n\u0131 cavabland\u0131ran Tibbi \u018frazi B\u00f6lm\u0259l\u0259rini \u0130dar\u0259etm\u0259 Birliyinin (T\u018fB\u0130B) m\u0259tbuat&hellip;","_links":{"self":[{"href":"https:\/\/arantv.az\/index.php?rest_route=\/wp\/v2\/posts\/268348"}],"collection":[{"href":"https:\/\/arantv.az\/index.php?rest_route=\/wp\/v2\/posts"}],"about":[{"href":"https:\/\/arantv.az\/index.php?rest_route=\/wp\/v2\/types\/post"}],"author":[{"embeddable":true,"href":"https:\/\/arantv.az\/index.php?rest_route=\/wp\/v2\/users\/2"}],"replies":[{"embeddable":true,"href":"https:\/\/arantv.az\/index.php?rest_route=%2Fwp%2Fv2%2Fcomments&post=268348"}],"version-history":[{"count":0,"href":"https:\/\/arantv.az\/index.php?rest_route=\/wp\/v2\/posts\/268348\/revisions"}],"wp:featuredmedia":[{"embeddable":true,"href":"https:\/\/arantv.az\/index.php?rest_route=\/wp\/v2\/media\/268349"}],"wp:attachment":[{"href":"https:\/\/arantv.az\/index.php?rest_route=%2Fwp%2Fv2%2Fmedia&parent=268348"}],"wp:term":[{"taxonomy":"category","embeddable":true,"href":"https:\/\/arantv.az\/index.php?rest_route=%2Fwp%2Fv2%2Fcategories&post=268348"},{"taxonomy":"post_tag","embeddable":true,"href":"https:\/\/arantv.az\/index.php?rest_route=%2Fwp%2Fv2%2Ftags&post=268348"}],"curies":[{"name":"wp","href":"https:\/\/api.w.org\/{rel}","templated":true}]}}