{"id":268356,"date":"2021-01-08T15:40:46","date_gmt":"2021-01-08T12:40:46","guid":{"rendered":"http:\/\/arantv.az\/?p=268356"},"modified":"2021-01-08T15:40:46","modified_gmt":"2021-01-08T12:40:46","slug":"az%c9%99rbaycanda-%c9%99n-cox-ekoloji-cirkl%c9%99nm%c9%99-olan-%c9%99razi-aciqlandi-r%c9%99smi","status":"publish","type":"post","link":"https:\/\/arantv.az\/?p=268356","title":{"rendered":"Az\u0259rbaycanda \u0259n \u00e7ox ekoloji \u00e7irkl\u0259nm\u0259 olan \u0259razi a\u00e7\u0131qland\u0131 &#8211; R\u018fSM\u0130"},"content":{"rendered":"<p>\u201cAz\u0259rbaycanda \u0259n \u00e7ox havan\u0131n \u00e7irkl\u0259ndiyi \u0259razi Bak\u0131 \u015f\u0259h\u0259ridir\u201d.<\/p>\n<p><strong>ARANTV.AZ<\/strong>-\u0131n\u00a0 verdiyi m\u0259lumata g\u00f6r\u0259, bunu Ekologiya v\u0259 T\u0259bii S\u0259rv\u0259tl\u0259r Nazirliyinin r\u0259smi \u201cFacebook\u201d s\u0259hif\u0259sind\u0259 \u201cEkspert saat\u0131\u201d verili\u015finin canl\u0131 yay\u0131m\u0131nda nazirliyin\u00a0Milli Hidrometeorologiya Xidm\u0259tinin r\u0259isi Umayra Ta\u011f\u0131yeva bildirib.<\/p>\n<div id=\"AdviadNativeVideo0\" class=\"AdviadNativeVideo\"><\/div>\n<p>Onun s\u00f6zl\u0259rin\u0259 g\u00f6r\u0259, atmosfer \u00fcz\u0259rind\u0259 apar\u0131lan monitorinql\u0259r onu g\u00f6st\u0259rir ki, Bak\u0131da n\u0259qliyyat daha \u00e7ox havan\u0131 \u00e7irkl\u0259ndirir:<\/p>\n<p>\u201cAz\u0259rbaycan regionlar\u0131nda v\u0259 iri \u015f\u0259h\u0259rl\u0259rd\u0259 \u00f6z\u00fcn\u0259m\u0259xsus mikroiqlim \u015f\u0259raiti yarad\u0131l\u0131b. \u00c7al\u0131\u015f\u0131r\u0131q ki, b\u0259zi yerl\u0259rd\u0259 bel\u0259 iqlim \u015f\u0259raitin\u0259 az m\u00fcdaxil\u0259 olsun\u201d.<\/p>\n","protected":false},"excerpt":{"rendered":"<p>\u201cAz\u0259rbaycanda \u0259n \u00e7ox havan\u0131n \u00e7irkl\u0259ndiyi \u0259razi Bak\u0131 \u015f\u0259h\u0259ridir\u201d. ARANTV.AZ-\u0131n\u00a0 verdiyi m\u0259lumata g\u00f6r\u0259, bunu Ekologiya v\u0259 T\u0259bii S\u0259rv\u0259tl\u0259r Nazirliyinin r\u0259smi \u201cFacebook\u201d s\u0259hif\u0259sind\u0259 \u201cEkspert saat\u0131\u201d verili\u015finin canl\u0131 yay\u0131m\u0131nda nazirliyin\u00a0Milli Hidrometeorologiya Xidm\u0259tinin r\u0259isi Umayra Ta\u011f\u0131yeva bildirib. Onun s\u00f6zl\u0259rin\u0259 g\u00f6r\u0259, atmosfer \u00fcz\u0259rind\u0259 apar\u0131lan monitorinql\u0259r onu g\u00f6st\u0259rir ki, Bak\u0131da n\u0259qliyyat daha \u00e7ox havan\u0131 \u00e7irkl\u0259ndirir: \u201cAz\u0259rbaycan regionlar\u0131nda v\u0259 iri \u015f\u0259h\u0259rl\u0259rd\u0259 \u00f6z\u00fcn\u0259m\u0259xsus mikroiqlim \u015f\u0259raiti yarad\u0131l\u0131b. \u00c7al\u0131\u015f\u0131r\u0131q ki, b\u0259zi yerl\u0259rd\u0259 bel\u0259 iqlim \u015f\u0259raitin\u0259 az m\u00fcdaxil\u0259 olsun\u201d.<\/p>\n","protected":false},"author":2,"featured_media":268357,"comment_status":"closed","ping_status":"closed","sticky":false,"template":"","format":"standard","meta":{"om_disable_all_campaigns":false,"_monsterinsights_skip_tracking":false,"_monsterinsights_sitenote_active":false,"_monsterinsights_sitenote_note":"","_monsterinsights_sitenote_category":0},"categories":[26],"tags":[],"aioseo_notices":[],"gutentor_comment":0,"rttpg_featured_image_url":{"full":["https:\/\/arantv.az\/wp-content\/uploads\/2021\/01\/eko.jpg",620,415,false],"landscape":["https:\/\/arantv.az\/wp-content\/uploads\/2021\/01\/eko.jpg",620,415,false],"portraits":["https:\/\/arantv.az\/wp-content\/uploads\/2021\/01\/eko.jpg",620,415,false],"thumbnail":["https:\/\/arantv.az\/wp-content\/uploads\/2021\/01\/eko-150x150.jpg",150,150,true],"medium":["https:\/\/arantv.az\/wp-content\/uploads\/2021\/01\/eko-300x201.jpg",300,201,true],"large":["https:\/\/arantv.az\/wp-content\/uploads\/2021\/01\/eko.jpg",620,415,false],"1536x1536":["https:\/\/arantv.az\/wp-content\/uploads\/2021\/01\/eko.jpg",620,415,false],"2048x2048":["https:\/\/arantv.az\/wp-content\/uploads\/2021\/01\/eko.jpg",620,415,false],"post-thumbnail":["https:\/\/arantv.az\/wp-content\/uploads\/2021\/01\/eko-240x172.jpg",240,172,true],"advps-thumb-one":["https:\/\/arantv.az\/wp-content\/uploads\/2021\/01\/eko.jpg",620,415,false]},"rttpg_author":{"display_name":"V\u00fcsal Rafiqo\u011flu","author_link":"https:\/\/arantv.az\/?author=2"},"rttpg_comment":0,"rttpg_category":"<a href=\"https:\/\/arantv.az\/?cat=26\" rel=\"category\">Sosial<\/a>","rttpg_excerpt":"\u201cAz\u0259rbaycanda \u0259n \u00e7ox havan\u0131n \u00e7irkl\u0259ndiyi \u0259razi Bak\u0131 \u015f\u0259h\u0259ridir\u201d. ARANTV.AZ-\u0131n\u00a0 verdiyi m\u0259lumata g\u00f6r\u0259, bunu Ekologiya v\u0259 T\u0259bii S\u0259rv\u0259tl\u0259r Nazirliyinin r\u0259smi \u201cFacebook\u201d s\u0259hif\u0259sind\u0259 \u201cEkspert saat\u0131\u201d verili\u015finin canl\u0131 yay\u0131m\u0131nda nazirliyin\u00a0Milli Hidrometeorologiya Xidm\u0259tinin r\u0259isi Umayra Ta\u011f\u0131yeva bildirib. Onun s\u00f6zl\u0259rin\u0259 g\u00f6r\u0259, atmosfer \u00fcz\u0259rind\u0259 apar\u0131lan monitorinql\u0259r onu g\u00f6st\u0259rir ki, Bak\u0131da n\u0259qliyyat daha \u00e7ox havan\u0131 \u00e7irkl\u0259ndirir: \u201cAz\u0259rbaycan regionlar\u0131nda v\u0259 iri \u015f\u0259h\u0259rl\u0259rd\u0259 \u00f6z\u00fcn\u0259m\u0259xsus&hellip;","_links":{"self":[{"href":"https:\/\/arantv.az\/index.php?rest_route=\/wp\/v2\/posts\/268356"}],"collection":[{"href":"https:\/\/arantv.az\/index.php?rest_route=\/wp\/v2\/posts"}],"about":[{"href":"https:\/\/arantv.az\/index.php?rest_route=\/wp\/v2\/types\/post"}],"author":[{"embeddable":true,"href":"https:\/\/arantv.az\/index.php?rest_route=\/wp\/v2\/users\/2"}],"replies":[{"embeddable":true,"href":"https:\/\/arantv.az\/index.php?rest_route=%2Fwp%2Fv2%2Fcomments&post=268356"}],"version-history":[{"count":0,"href":"https:\/\/arantv.az\/index.php?rest_route=\/wp\/v2\/posts\/268356\/revisions"}],"wp:featuredmedia":[{"embeddable":true,"href":"https:\/\/arantv.az\/index.php?rest_route=\/wp\/v2\/media\/268357"}],"wp:attachment":[{"href":"https:\/\/arantv.az\/index.php?rest_route=%2Fwp%2Fv2%2Fmedia&parent=268356"}],"wp:term":[{"taxonomy":"category","embeddable":true,"href":"https:\/\/arantv.az\/index.php?rest_route=%2Fwp%2Fv2%2Fcategories&post=268356"},{"taxonomy":"post_tag","embeddable":true,"href":"https:\/\/arantv.az\/index.php?rest_route=%2Fwp%2Fv2%2Ftags&post=268356"}],"curies":[{"name":"wp","href":"https:\/\/api.w.org\/{rel}","templated":true}]}}