{"id":268360,"date":"2021-01-08T16:00:00","date_gmt":"2021-01-08T13:00:00","guid":{"rendered":"http:\/\/arantv.az\/?p=268360"},"modified":"2021-01-08T16:00:00","modified_gmt":"2021-01-08T13:00:00","slug":"nazirlik-r%c9%99smisind%c9%99n-bakida-sualanma-m%c9%99s%c9%99l%c9%99si-il%c9%99-bagli-aciqlama","status":"publish","type":"post","link":"https:\/\/arantv.az\/?p=268360","title":{"rendered":"Nazirlik r\u0259smisind\u0259n Bak\u0131da \u015f\u00fcalanma m\u0259s\u0259l\u0259si il\u0259 ba\u011fl\u0131 A\u00c7IQLAMA"},"content":{"rendered":"<p>\u201cYa\u015fay\u0131\u015f yerin\u0259 yax\u0131n mobil operatorlar\u0131n \u00f6t\u00fcr\u00fcc\u00fc antenalar\u0131n\u0131n \u015f\u00fcalanmas\u0131 il\u0259 ba\u011fl\u0131 sakinl\u0259rd\u0259n Ekologiya v\u0259 T\u0259bii S\u0259rv\u0259tl\u0259r Nazirliyinin Qaynar X\u0259ttin\u0259 17 m\u00fcraci\u0259t daxil olub\u201d.<\/p>\n<p><strong>ARANTV.AZ<\/strong>-\u0131n\u00a0 verdiyi m\u0259lumata g\u00f6r\u0259, bunu Ekologiya v\u0259 T\u0259bii S\u0259rv\u0259tl\u0259r Nazirliyinin r\u0259smi \u201cFacebook\u201d s\u0259hif\u0259sind\u0259 \u201cEkspert saat\u0131\u201d verili\u015finin canl\u0131 yay\u0131m\u0131nda nazirliyin\u00a0Milli Hidrometeorologiya Xidm\u0259tinin r\u0259isi Umayra Ta\u011f\u0131yeva bildirib.<\/p>\n<p>Onun s\u00f6zl\u0259rin\u0259 g\u00f6r\u0259, v\u0259t\u0259nda\u015flar\u0131n \u015fikay\u0259tl\u0259ri ara\u015fd\u0131r\u0131l\u0131b:<\/p>\n<div id=\"AdviadNativeVideo0\" class=\"AdviadNativeVideo\"><\/div>\n<p>\u201c16 \u015fikay\u0259t \u00f6z \u0259ksini tapmay\u0131b. \u015e\u00fcalanma norma daxilind\u0259 m\u00fc\u0259yy\u0259n olunub. Qur\u011fular\u0131n texniki parametrl\u0259ri var\u201d.<\/p>\n<p>O qeyd edib ki, antenalar t\u0259k Bak\u0131da yox, b\u00fct\u00fcn \u00f6lk\u0259l\u0259rd\u0259 qurulur:<\/p>\n<p>\u201cTexniki pasportda qeyd olunan g\u00f6st\u0259ricil\u0259rd\u0259 m\u0259nfi t\u0259sir iki metr m\u0259saf\u0259 dair\u0259sind\u0259 olmur. Bu m\u0259s\u0259l\u0259y\u0259 d\u00f6vl\u0259t n\u0259zar\u0259t\u00a0S\u0259hiyy\u0259 Nazirliyinin Respublika Gigiyena v\u0259 Epidemiologiya M\u0259rk\u0259zi t\u0259r\u0259find\u0259n h\u0259yata ke\u00e7irilir\u201d.<\/p>\n","protected":false},"excerpt":{"rendered":"<p>\u201cYa\u015fay\u0131\u015f yerin\u0259 yax\u0131n mobil operatorlar\u0131n \u00f6t\u00fcr\u00fcc\u00fc antenalar\u0131n\u0131n \u015f\u00fcalanmas\u0131 il\u0259 ba\u011fl\u0131 sakinl\u0259rd\u0259n Ekologiya v\u0259 T\u0259bii S\u0259rv\u0259tl\u0259r Nazirliyinin Qaynar X\u0259ttin\u0259 17 m\u00fcraci\u0259t daxil olub\u201d. ARANTV.AZ-\u0131n\u00a0 verdiyi m\u0259lumata g\u00f6r\u0259, bunu Ekologiya v\u0259 T\u0259bii S\u0259rv\u0259tl\u0259r Nazirliyinin r\u0259smi \u201cFacebook\u201d s\u0259hif\u0259sind\u0259 \u201cEkspert saat\u0131\u201d verili\u015finin canl\u0131 yay\u0131m\u0131nda nazirliyin\u00a0Milli Hidrometeorologiya Xidm\u0259tinin r\u0259isi Umayra Ta\u011f\u0131yeva bildirib. Onun s\u00f6zl\u0259rin\u0259 g\u00f6r\u0259, v\u0259t\u0259nda\u015flar\u0131n \u015fikay\u0259tl\u0259ri ara\u015fd\u0131r\u0131l\u0131b: \u201c16 \u015fikay\u0259t \u00f6z \u0259ksini tapmay\u0131b. \u015e\u00fcalanma norma daxilind\u0259 m\u00fc\u0259yy\u0259n olunub. Qur\u011fular\u0131n texniki parametrl\u0259ri var\u201d. O qeyd edib ki, antenalar t\u0259k Bak\u0131da yox, b\u00fct\u00fcn \u00f6lk\u0259l\u0259rd\u0259 qurulur: \u201cTexniki pasportda qeyd olunan g\u00f6st\u0259ricil\u0259rd\u0259 m\u0259nfi t\u0259sir iki metr m\u0259saf\u0259 dair\u0259sind\u0259 olmur.&hellip;<\/p>\n","protected":false},"author":2,"featured_media":268326,"comment_status":"closed","ping_status":"closed","sticky":false,"template":"","format":"standard","meta":{"om_disable_all_campaigns":false,"_monsterinsights_skip_tracking":false,"_monsterinsights_sitenote_active":false,"_monsterinsights_sitenote_note":"","_monsterinsights_sitenote_category":0},"categories":[26],"tags":[],"aioseo_notices":[],"gutentor_comment":0,"rttpg_featured_image_url":{"full":["https:\/\/arantv.az\/wp-content\/uploads\/2021\/01\/00319955b610b7d80014bc69bb9eefb5_49714_29.jpg",975,540,false],"landscape":["https:\/\/arantv.az\/wp-content\/uploads\/2021\/01\/00319955b610b7d80014bc69bb9eefb5_49714_29.jpg",975,540,false],"portraits":["https:\/\/arantv.az\/wp-content\/uploads\/2021\/01\/00319955b610b7d80014bc69bb9eefb5_49714_29.jpg",975,540,false],"thumbnail":["https:\/\/arantv.az\/wp-content\/uploads\/2021\/01\/00319955b610b7d80014bc69bb9eefb5_49714_29-150x150.jpg",150,150,true],"medium":["https:\/\/arantv.az\/wp-content\/uploads\/2021\/01\/00319955b610b7d80014bc69bb9eefb5_49714_29-300x166.jpg",300,166,true],"large":["https:\/\/arantv.az\/wp-content\/uploads\/2021\/01\/00319955b610b7d80014bc69bb9eefb5_49714_29.jpg",640,354,false],"1536x1536":["https:\/\/arantv.az\/wp-content\/uploads\/2021\/01\/00319955b610b7d80014bc69bb9eefb5_49714_29.jpg",975,540,false],"2048x2048":["https:\/\/arantv.az\/wp-content\/uploads\/2021\/01\/00319955b610b7d80014bc69bb9eefb5_49714_29.jpg",975,540,false],"post-thumbnail":["https:\/\/arantv.az\/wp-content\/uploads\/2021\/01\/00319955b610b7d80014bc69bb9eefb5_49714_29-240x172.jpg",240,172,true],"advps-thumb-one":["https:\/\/arantv.az\/wp-content\/uploads\/2021\/01\/00319955b610b7d80014bc69bb9eefb5_49714_29.jpg",975,540,false]},"rttpg_author":{"display_name":"V\u00fcsal Rafiqo\u011flu","author_link":"https:\/\/arantv.az\/?author=2"},"rttpg_comment":0,"rttpg_category":"<a href=\"https:\/\/arantv.az\/?cat=26\" rel=\"category\">Sosial<\/a>","rttpg_excerpt":"\u201cYa\u015fay\u0131\u015f yerin\u0259 yax\u0131n mobil operatorlar\u0131n \u00f6t\u00fcr\u00fcc\u00fc antenalar\u0131n\u0131n \u015f\u00fcalanmas\u0131 il\u0259 ba\u011fl\u0131 sakinl\u0259rd\u0259n Ekologiya v\u0259 T\u0259bii S\u0259rv\u0259tl\u0259r Nazirliyinin Qaynar X\u0259ttin\u0259 17 m\u00fcraci\u0259t daxil olub\u201d. ARANTV.AZ-\u0131n\u00a0 verdiyi m\u0259lumata g\u00f6r\u0259, bunu Ekologiya v\u0259 T\u0259bii S\u0259rv\u0259tl\u0259r Nazirliyinin r\u0259smi \u201cFacebook\u201d s\u0259hif\u0259sind\u0259 \u201cEkspert saat\u0131\u201d verili\u015finin canl\u0131 yay\u0131m\u0131nda nazirliyin\u00a0Milli Hidrometeorologiya Xidm\u0259tinin r\u0259isi Umayra Ta\u011f\u0131yeva bildirib. Onun s\u00f6zl\u0259rin\u0259 g\u00f6r\u0259, v\u0259t\u0259nda\u015flar\u0131n \u015fikay\u0259tl\u0259ri ara\u015fd\u0131r\u0131l\u0131b: \u201c16 \u015fikay\u0259t&hellip;","_links":{"self":[{"href":"https:\/\/arantv.az\/index.php?rest_route=\/wp\/v2\/posts\/268360"}],"collection":[{"href":"https:\/\/arantv.az\/index.php?rest_route=\/wp\/v2\/posts"}],"about":[{"href":"https:\/\/arantv.az\/index.php?rest_route=\/wp\/v2\/types\/post"}],"author":[{"embeddable":true,"href":"https:\/\/arantv.az\/index.php?rest_route=\/wp\/v2\/users\/2"}],"replies":[{"embeddable":true,"href":"https:\/\/arantv.az\/index.php?rest_route=%2Fwp%2Fv2%2Fcomments&post=268360"}],"version-history":[{"count":0,"href":"https:\/\/arantv.az\/index.php?rest_route=\/wp\/v2\/posts\/268360\/revisions"}],"wp:featuredmedia":[{"embeddable":true,"href":"https:\/\/arantv.az\/index.php?rest_route=\/wp\/v2\/media\/268326"}],"wp:attachment":[{"href":"https:\/\/arantv.az\/index.php?rest_route=%2Fwp%2Fv2%2Fmedia&parent=268360"}],"wp:term":[{"taxonomy":"category","embeddable":true,"href":"https:\/\/arantv.az\/index.php?rest_route=%2Fwp%2Fv2%2Fcategories&post=268360"},{"taxonomy":"post_tag","embeddable":true,"href":"https:\/\/arantv.az\/index.php?rest_route=%2Fwp%2Fv2%2Ftags&post=268360"}],"curies":[{"name":"wp","href":"https:\/\/api.w.org\/{rel}","templated":true}]}}