{"id":268363,"date":"2021-01-08T16:00:40","date_gmt":"2021-01-08T13:00:40","guid":{"rendered":"http:\/\/arantv.az\/?p=268363"},"modified":"2021-01-08T16:00:40","modified_gmt":"2021-01-08T13:00:40","slug":"azergold-ordudan-t%c9%99rxis-olunmus-%c9%99m%c9%99kdaslariyla-gorusub-foto","status":"publish","type":"post","link":"https:\/\/arantv.az\/?p=268363","title":{"rendered":"\u201cAzerGold\u201d ordudan t\u0259rxis olunmu\u015f \u0259m\u0259kda\u015flar\u0131yla g\u00f6r\u00fc\u015f\u00fcb &#8211; FOTO"},"content":{"rendered":"<p>\u201cAzerGold\u201dun kollektivi ordu s\u0131ralar\u0131ndan t\u0259rxis olunmu\u015f \u0259m\u0259kda\u015flar\u0131yla g\u00f6r\u00fc\u015f ke\u00e7irib.<\/p>\n<p>H\u0259m\u00e7inin, QSC-nin kollektivi V\u0259t\u0259n m\u00fcharib\u0259sind\u0259 q\u0259hr\u0259mancas\u0131na \u015f\u0259hid olmu\u015f \u0259m\u0259kda\u015flar\u0131ndan biri olan ba\u015f leytenant Muxtar Qas\u0131ml\u0131n\u0131n m\u0259zar\u0131n\u0131 ziyar\u0259t edib. F\u00fczuli rayonunun azad edilm\u0259si istiqam\u0259tind\u0259 ged\u0259n d\u00f6y\u00fc\u015fl\u0259rd\u0259 \u015f\u0259hidlik zirv\u0259sin\u0259 ucalan q\u0259hr\u0259man\u0131n xatir\u0259si yad olunub, m\u0259zar\u0131 \u00fcz\u0259rin\u0259 g\u00fcl d\u0259st\u0259l\u0259ri qoyulub.<\/p>\n<p>El\u0259c\u0259 d\u0259, \u00c7ovdar Filiz Emal\u0131 Sah\u0259sinin \u0259m\u0259kda\u015flar\u0131 G\u0259nc\u0259 \u015f\u0259h\u0259r \u015e\u0259hidl\u0259r Xiyaban\u0131nda d\u0259fn edil\u0259n c\u0259miyy\u0259tin dig\u0259r \u0259m\u0259kda\u015f\u0131, ba\u015f leytenant Rauf \u018fsg\u0259rovun m\u0259zar\u0131 ziyar\u0259t edilib.<\/p>\n<div id=\"AdviadNativeVideo0\" class=\"AdviadNativeVideo\"><\/div>\n<p>Qeyd olunub ki, Prezident \u0130lham \u018fliyevin m\u00fcvafiq s\u0259r\u0259ncamlar\u0131 il\u0259 \u015f\u0259hidl\u0259rimiz \u201cV\u0259t\u0259n u\u011frunda\u201d v\u0259 \u201cF\u00fczulinin azad olunmas\u0131na g\u00f6r\u0259\u201d medallar\u0131, Rauf \u018fsg\u0259rov h\u0259m\u00e7inin \u201cD\u00f6y\u00fc\u015fd\u0259 f\u0259rql\u0259nm\u0259y\u0259 g\u00f6r\u0259\u201d medal\u0131 il\u0259 t\u0259ltif edilib.<\/p>\n<p>\u018flav\u0259 edilib ki, \u201cAzerGold\u201d QSC-nin \u0259m\u0259kda\u015flar\u0131 kapitan Ruslan Muradov Xocav\u0259nd, Qubadl\u0131 v\u0259 \u015eu\u015fa isqam\u0259tl\u0259rind\u0259, ba\u015f leytenant T\u0259l\u0259t Ta\u011f\u0131yev G\u0259d\u0259b\u0259yin m\u00fcdafi\u0259sind\u0259, \u0259sg\u0259rl\u0259r S\u0259rxan Abbasov, \u015eahin A\u011facanov, \u00a0Elmir Verdiyev, Sehran \u018fliyev Xocav\u0259nd, C\u0259bray\u0131l, F\u00fczuli, Z\u0259ngilan, Qubadl\u0131 v\u0259 \u015eu\u015fa istiqam\u0259tl\u0259rind\u0259 ged\u0259n d\u00f6y\u00fc\u015fl\u0259rd\u0259 f\u0259al i\u015ftirak ed\u0259r\u0259k n\u00fcmun\u0259vi xidm\u0259tl\u0259ri il\u0259 f\u0259rql\u0259nibl\u0259r.<\/p>\n<div class=\"gallery\">\n<div class=\"gallery-i\"><img src=\"https:\/\/cdn.oxu.az\/uploads\/W1siZiIsIjIwMjEvMDEvMDgvMTYvMzMvNDAvODljMGZkNTMtY2ExMi00YWE2LTk3N2ItNTZjYTE1MjU1MzdiLzAxLmpwZyJdLFsicCIsImVuY29kZSIsImpwZyIsIi1xdWFsaXR5IDgwIl0sWyJwIiwidGh1bWIiLCI1OTB4NTkwXHUwMDNlIl1d?sha=799acfb05deb4c60\" \/><\/p>\n<div class=\"gallery-i-caption\"><\/div>\n<\/div>\n<div class=\"gallery-i\"><img src=\"https:\/\/cdn.oxu.az\/uploads\/W1siZiIsIjIwMjEvMDEvMDgvMTYvMzMvNDAvZDQ4YTFjMjktNmMzNy00N2ExLWIyMGYtODFjMjM4ZWFjNmQwLzAzLkpQRyJdLFsicCIsImVuY29kZSIsImpwZyIsIi1xdWFsaXR5IDgwIl0sWyJwIiwidGh1bWIiLCI1OTB4NTkwXHUwMDNlIl1d?sha=20e623b123216ae4\" \/><\/div>\n<\/div>\n","protected":false},"excerpt":{"rendered":"<p>\u201cAzerGold\u201dun kollektivi ordu s\u0131ralar\u0131ndan t\u0259rxis olunmu\u015f \u0259m\u0259kda\u015flar\u0131yla g\u00f6r\u00fc\u015f ke\u00e7irib. H\u0259m\u00e7inin, QSC-nin kollektivi V\u0259t\u0259n m\u00fcharib\u0259sind\u0259 q\u0259hr\u0259mancas\u0131na \u015f\u0259hid olmu\u015f \u0259m\u0259kda\u015flar\u0131ndan biri olan ba\u015f leytenant Muxtar Qas\u0131ml\u0131n\u0131n m\u0259zar\u0131n\u0131 ziyar\u0259t edib. F\u00fczuli rayonunun azad edilm\u0259si istiqam\u0259tind\u0259 ged\u0259n d\u00f6y\u00fc\u015fl\u0259rd\u0259 \u015f\u0259hidlik zirv\u0259sin\u0259 ucalan q\u0259hr\u0259man\u0131n xatir\u0259si yad olunub, m\u0259zar\u0131 \u00fcz\u0259rin\u0259 g\u00fcl d\u0259st\u0259l\u0259ri qoyulub. El\u0259c\u0259 d\u0259, \u00c7ovdar Filiz Emal\u0131 Sah\u0259sinin \u0259m\u0259kda\u015flar\u0131 G\u0259nc\u0259 \u015f\u0259h\u0259r \u015e\u0259hidl\u0259r Xiyaban\u0131nda d\u0259fn edil\u0259n c\u0259miyy\u0259tin dig\u0259r \u0259m\u0259kda\u015f\u0131, ba\u015f leytenant Rauf \u018fsg\u0259rovun m\u0259zar\u0131 ziyar\u0259t edilib. Qeyd olunub ki, Prezident \u0130lham \u018fliyevin m\u00fcvafiq s\u0259r\u0259ncamlar\u0131 il\u0259 \u015f\u0259hidl\u0259rimiz \u201cV\u0259t\u0259n u\u011frunda\u201d v\u0259 \u201cF\u00fczulinin azad olunmas\u0131na g\u00f6r\u0259\u201d medallar\u0131, Rauf \u018fsg\u0259rov h\u0259m\u00e7inin&hellip;<\/p>\n","protected":false},"author":2,"featured_media":268364,"comment_status":"closed","ping_status":"closed","sticky":false,"template":"","format":"standard","meta":{"om_disable_all_campaigns":false,"_monsterinsights_skip_tracking":false,"_monsterinsights_sitenote_active":false,"_monsterinsights_sitenote_note":"","_monsterinsights_sitenote_category":0},"categories":[26],"tags":[],"aioseo_notices":[],"gutentor_comment":0,"rttpg_featured_image_url":{"full":["https:\/\/arantv.az\/wp-content\/uploads\/2021\/01\/2.jpg",613,465,false],"landscape":["https:\/\/arantv.az\/wp-content\/uploads\/2021\/01\/2.jpg",613,465,false],"portraits":["https:\/\/arantv.az\/wp-content\/uploads\/2021\/01\/2.jpg",613,465,false],"thumbnail":["https:\/\/arantv.az\/wp-content\/uploads\/2021\/01\/2-150x150.jpg",150,150,true],"medium":["https:\/\/arantv.az\/wp-content\/uploads\/2021\/01\/2-300x228.jpg",300,228,true],"large":["https:\/\/arantv.az\/wp-content\/uploads\/2021\/01\/2.jpg",613,465,false],"1536x1536":["https:\/\/arantv.az\/wp-content\/uploads\/2021\/01\/2.jpg",613,465,false],"2048x2048":["https:\/\/arantv.az\/wp-content\/uploads\/2021\/01\/2.jpg",613,465,false],"post-thumbnail":["https:\/\/arantv.az\/wp-content\/uploads\/2021\/01\/2-240x172.jpg",240,172,true],"advps-thumb-one":["https:\/\/arantv.az\/wp-content\/uploads\/2021\/01\/2.jpg",613,465,false]},"rttpg_author":{"display_name":"V\u00fcsal Rafiqo\u011flu","author_link":"https:\/\/arantv.az\/?author=2"},"rttpg_comment":0,"rttpg_category":"<a href=\"https:\/\/arantv.az\/?cat=26\" rel=\"category\">Sosial<\/a>","rttpg_excerpt":"\u201cAzerGold\u201dun kollektivi ordu s\u0131ralar\u0131ndan t\u0259rxis olunmu\u015f \u0259m\u0259kda\u015flar\u0131yla g\u00f6r\u00fc\u015f ke\u00e7irib. H\u0259m\u00e7inin, QSC-nin kollektivi V\u0259t\u0259n m\u00fcharib\u0259sind\u0259 q\u0259hr\u0259mancas\u0131na \u015f\u0259hid olmu\u015f \u0259m\u0259kda\u015flar\u0131ndan biri olan ba\u015f leytenant Muxtar Qas\u0131ml\u0131n\u0131n m\u0259zar\u0131n\u0131 ziyar\u0259t edib. F\u00fczuli rayonunun azad edilm\u0259si istiqam\u0259tind\u0259 ged\u0259n d\u00f6y\u00fc\u015fl\u0259rd\u0259 \u015f\u0259hidlik zirv\u0259sin\u0259 ucalan q\u0259hr\u0259man\u0131n xatir\u0259si yad olunub, m\u0259zar\u0131 \u00fcz\u0259rin\u0259 g\u00fcl d\u0259st\u0259l\u0259ri qoyulub. El\u0259c\u0259 d\u0259, \u00c7ovdar Filiz Emal\u0131 Sah\u0259sinin \u0259m\u0259kda\u015flar\u0131 G\u0259nc\u0259 \u015f\u0259h\u0259r&hellip;","_links":{"self":[{"href":"https:\/\/arantv.az\/index.php?rest_route=\/wp\/v2\/posts\/268363"}],"collection":[{"href":"https:\/\/arantv.az\/index.php?rest_route=\/wp\/v2\/posts"}],"about":[{"href":"https:\/\/arantv.az\/index.php?rest_route=\/wp\/v2\/types\/post"}],"author":[{"embeddable":true,"href":"https:\/\/arantv.az\/index.php?rest_route=\/wp\/v2\/users\/2"}],"replies":[{"embeddable":true,"href":"https:\/\/arantv.az\/index.php?rest_route=%2Fwp%2Fv2%2Fcomments&post=268363"}],"version-history":[{"count":0,"href":"https:\/\/arantv.az\/index.php?rest_route=\/wp\/v2\/posts\/268363\/revisions"}],"wp:featuredmedia":[{"embeddable":true,"href":"https:\/\/arantv.az\/index.php?rest_route=\/wp\/v2\/media\/268364"}],"wp:attachment":[{"href":"https:\/\/arantv.az\/index.php?rest_route=%2Fwp%2Fv2%2Fmedia&parent=268363"}],"wp:term":[{"taxonomy":"category","embeddable":true,"href":"https:\/\/arantv.az\/index.php?rest_route=%2Fwp%2Fv2%2Fcategories&post=268363"},{"taxonomy":"post_tag","embeddable":true,"href":"https:\/\/arantv.az\/index.php?rest_route=%2Fwp%2Fv2%2Ftags&post=268363"}],"curies":[{"name":"wp","href":"https:\/\/api.w.org\/{rel}","templated":true}]}}