{"id":268367,"date":"2021-01-08T16:01:17","date_gmt":"2021-01-08T13:01:17","guid":{"rendered":"http:\/\/arantv.az\/?p=268367"},"modified":"2021-01-08T16:01:17","modified_gmt":"2021-01-08T13:01:17","slug":"milli-paralimpiya-komit%c9%99si-il%c9%99-sahdag-turizm-m%c9%99rk%c9%99zi-r%c9%99hb%c9%99rliyi-arasinda-gorus","status":"publish","type":"post","link":"https:\/\/arantv.az\/?p=268367","title":{"rendered":"Milli Paralimpiya Komit\u0259si il\u0259 \u015eahda\u011f Turizm M\u0259rk\u0259zi r\u0259hb\u0259rliyi aras\u0131nda g\u00f6r\u00fc\u015f"},"content":{"rendered":"<p>Az\u0259rbaycan Respublikas\u0131n\u0131n Prezidenti \u0130lham \u018fliyevin t\u0259sdiq etdiyi \u201cU\u015faqlara dair 2020\u20132030-cu ill\u0259r \u00fc\u00e7\u00fcn strategiyas\u0131\u201dna uy\u011fun olaraq Milli Paralimpiya Komit\u0259si \u00f6lk\u0259mizd\u0259 U\u015faq Paralimpiya h\u0259r\u0259kat\u0131n\u0131n inki\u015faf\u0131na dair m\u00fcxt\u0259lif layih\u0259l\u0259rin ke\u00e7irilm\u0259sini davam etdirir.<\/p>\n<p>Bu g\u00fcn \u015eahda\u011f Turizm M\u0259rk\u0259zind\u0259 \u201cU\u015faq Paralimpiya h\u0259r\u0259kat\u0131n\u0131n inki\u015faf\u0131\u201d layih\u0259si \u00e7\u0259r\u00e7iv\u0259sind\u0259 U\u015faq Paralimpiya h\u0259r\u0259kat\u0131n\u0131n g\u0259l\u0259c\u0259k idman\u00e7\u0131lar\u0131\u00a0v\u0259 onlar\u0131n valideynl\u0259ri il\u0259 g\u00f6r\u00fc\u015f ke\u00e7irilib. G\u00f6r\u00fc\u015f Milli Paralimpiya Komit\u0259sinin prezidenti \u0130lqar R\u0259himov, \u201c\u015eahda\u011f Turizm M\u0259rk\u0259zi\u201d QSC-nin s\u0259dri Roderi\u00e7 Lefer v\u0259 Qusar rayon \u0130cra Hakimiyy\u0259tinin ba\u015f\u00e7\u0131s\u0131n\u0131n m\u00fcavini Elman Mustafayevin i\u015ftirak\u0131 il\u0259 ba\u015f tutub.<\/p>\n<p>G\u00f6r\u00fc\u015f zaman\u0131 \u0130.R\u0259himov qeyd edib ki, \u00f6lk\u0259mizd\u0259 U\u015faq Paralimpiya h\u0259r\u0259kat\u0131n\u0131n inki\u015faf\u0131 Komit\u0259nin strateji istiqam\u0259tl\u0259rind\u0259n biridir:<\/p>\n<p>\u201cYarand\u0131\u011f\u0131 g\u00fcnd\u0259n y\u00fczl\u0259rl\u0259 fiziki m\u0259hdudiyy\u0259tli u\u015faqlar\u0131 \u0259traf\u0131m\u0131zda toplaya bilmi\u015fik v\u0259 bu \u00e7ox sevindirici hald\u0131r ki, \u00f6vladlar\u0131n\u0131 c\u0259miyy\u0259td\u0259n gizl\u0259d\u0259n valideynl\u0259r bu g\u00fcn art\u0131q \u00f6zl\u0259ri biz\u0259 m\u00fcraci\u0259t etm\u0259y\u0259 ba\u015flay\u0131b. Hesab edir\u0259m ki, bu, bizim \u0259n b\u00f6y\u00fck q\u0259l\u0259b\u0259mizdir\u201d.<\/p>\n<p>Eyni zamanda \u0130.R\u0259himov \u00f6lk\u0259mizd\u0259 q\u0131\u015f idman n\u00f6vl\u0259rinin inki\u015faf etdirilm\u0259si il\u0259 ba\u011fl\u0131 g\u00f6r\u00fclm\u00fc\u015f i\u015fl\u0259rl\u0259 ba\u011fl\u0131 i\u015ftirak\u00e7\u0131lara m\u0259lumat verib v\u0259 \u015eahda\u011f Turizm M\u0259rk\u0259zinin s\u0259drin\u0259 yarad\u0131lm\u0131\u015f \u015f\u0259rait\u0259 g\u00f6r\u0259 t\u0259\u015f\u0259kk\u00fcr\u00fc bildirmi\u015fdir.<\/p>\n<p>R.Lefer bildirib ki, bir il \u00f6nc\u0259 Milli Paralimpiya Komit\u0259si il\u0259 imzalanm\u0131\u015f Anla\u015fma Memorandumuna \u0259sas\u0259n i\u015fl\u0259r davam etdirilir. M\u0259rk\u0259z q\u0131\u015f idman n\u00f6v\u00fcn\u00fcn Az\u0259rbaycanda inki\u015faf etdirilm\u0259si v\u0259 u\u015faqlar \u00fc\u00e7\u00fcn laz\u0131m olan b\u00fct\u00fcn \u015f\u0259raitin yarad\u0131lmas\u0131nda daim d\u0259st\u0259k g\u00f6st\u0259r\u0259c\u0259k.<\/p>\n<p>Qusar Rayon \u0130cra Hakimiyy\u0259tinin ba\u015f\u00e7\u0131s\u0131n\u0131n m\u00fcavini Elman Mustafayev \u00f6z n\u00f6vb\u0259sind\u0259 rayonda bel\u0259 m\u00f6t\u0259b\u0259r layih\u0259l\u0259rin ba\u015f tutmas\u0131n\u0131n sevindirici hal oldu\u011funu bildirib. E.Mustafayev \u0130cra Hakimiyy\u0259tinin g\u0259l\u0259c\u0259kd\u0259 d\u0259 m\u00fcxt\u0259lif layih\u0259l\u0259rin ke\u00e7irilm\u0259sind\u0259 d\u0259st\u0259k g\u00f6st\u0259r\u0259c\u0259yini vur\u011fulay\u0131b.<\/p>\n","protected":false},"excerpt":{"rendered":"<p>Az\u0259rbaycan Respublikas\u0131n\u0131n Prezidenti \u0130lham \u018fliyevin t\u0259sdiq etdiyi \u201cU\u015faqlara dair 2020\u20132030-cu ill\u0259r \u00fc\u00e7\u00fcn strategiyas\u0131\u201dna uy\u011fun olaraq Milli Paralimpiya Komit\u0259si \u00f6lk\u0259mizd\u0259 U\u015faq Paralimpiya h\u0259r\u0259kat\u0131n\u0131n inki\u015faf\u0131na dair m\u00fcxt\u0259lif layih\u0259l\u0259rin ke\u00e7irilm\u0259sini davam etdirir. Bu g\u00fcn \u015eahda\u011f Turizm M\u0259rk\u0259zind\u0259 \u201cU\u015faq Paralimpiya h\u0259r\u0259kat\u0131n\u0131n inki\u015faf\u0131\u201d layih\u0259si \u00e7\u0259r\u00e7iv\u0259sind\u0259 U\u015faq Paralimpiya h\u0259r\u0259kat\u0131n\u0131n g\u0259l\u0259c\u0259k idman\u00e7\u0131lar\u0131\u00a0v\u0259 onlar\u0131n valideynl\u0259ri il\u0259 g\u00f6r\u00fc\u015f ke\u00e7irilib. G\u00f6r\u00fc\u015f Milli Paralimpiya Komit\u0259sinin prezidenti \u0130lqar R\u0259himov, \u201c\u015eahda\u011f Turizm M\u0259rk\u0259zi\u201d QSC-nin s\u0259dri Roderi\u00e7 Lefer v\u0259 Qusar rayon \u0130cra Hakimiyy\u0259tinin ba\u015f\u00e7\u0131s\u0131n\u0131n m\u00fcavini Elman Mustafayevin i\u015ftirak\u0131 il\u0259 ba\u015f tutub. G\u00f6r\u00fc\u015f zaman\u0131 \u0130.R\u0259himov qeyd edib ki, \u00f6lk\u0259mizd\u0259 U\u015faq Paralimpiya h\u0259r\u0259kat\u0131n\u0131n inki\u015faf\u0131 Komit\u0259nin strateji&hellip;<\/p>\n","protected":false},"author":2,"featured_media":268368,"comment_status":"closed","ping_status":"closed","sticky":false,"template":"","format":"standard","meta":{"om_disable_all_campaigns":false,"_monsterinsights_skip_tracking":false,"_monsterinsights_sitenote_active":false,"_monsterinsights_sitenote_note":"","_monsterinsights_sitenote_category":0},"categories":[6],"tags":[],"aioseo_notices":[],"gutentor_comment":0,"rttpg_featured_image_url":{"full":["https:\/\/arantv.az\/wp-content\/uploads\/2021\/01\/137033551_3494426853943651_8883010102614196398_o.jpg",619,465,false],"landscape":["https:\/\/arantv.az\/wp-content\/uploads\/2021\/01\/137033551_3494426853943651_8883010102614196398_o.jpg",619,465,false],"portraits":["https:\/\/arantv.az\/wp-content\/uploads\/2021\/01\/137033551_3494426853943651_8883010102614196398_o.jpg",619,465,false],"thumbnail":["https:\/\/arantv.az\/wp-content\/uploads\/2021\/01\/137033551_3494426853943651_8883010102614196398_o-150x150.jpg",150,150,true],"medium":["https:\/\/arantv.az\/wp-content\/uploads\/2021\/01\/137033551_3494426853943651_8883010102614196398_o-300x225.jpg",300,225,true],"large":["https:\/\/arantv.az\/wp-content\/uploads\/2021\/01\/137033551_3494426853943651_8883010102614196398_o.jpg",619,465,false],"1536x1536":["https:\/\/arantv.az\/wp-content\/uploads\/2021\/01\/137033551_3494426853943651_8883010102614196398_o.jpg",619,465,false],"2048x2048":["https:\/\/arantv.az\/wp-content\/uploads\/2021\/01\/137033551_3494426853943651_8883010102614196398_o.jpg",619,465,false],"post-thumbnail":["https:\/\/arantv.az\/wp-content\/uploads\/2021\/01\/137033551_3494426853943651_8883010102614196398_o-240x172.jpg",240,172,true],"advps-thumb-one":["https:\/\/arantv.az\/wp-content\/uploads\/2021\/01\/137033551_3494426853943651_8883010102614196398_o.jpg",619,465,false]},"rttpg_author":{"display_name":"V\u00fcsal Rafiqo\u011flu","author_link":"https:\/\/arantv.az\/?author=2"},"rttpg_comment":0,"rttpg_category":"<a href=\"https:\/\/arantv.az\/?cat=6\" rel=\"category\">\u0130dman<\/a>","rttpg_excerpt":"Az\u0259rbaycan Respublikas\u0131n\u0131n Prezidenti \u0130lham \u018fliyevin t\u0259sdiq etdiyi \u201cU\u015faqlara dair 2020\u20132030-cu ill\u0259r \u00fc\u00e7\u00fcn strategiyas\u0131\u201dna uy\u011fun olaraq Milli Paralimpiya Komit\u0259si \u00f6lk\u0259mizd\u0259 U\u015faq Paralimpiya h\u0259r\u0259kat\u0131n\u0131n inki\u015faf\u0131na dair m\u00fcxt\u0259lif layih\u0259l\u0259rin ke\u00e7irilm\u0259sini davam etdirir. Bu g\u00fcn \u015eahda\u011f Turizm M\u0259rk\u0259zind\u0259 \u201cU\u015faq Paralimpiya h\u0259r\u0259kat\u0131n\u0131n inki\u015faf\u0131\u201d layih\u0259si \u00e7\u0259r\u00e7iv\u0259sind\u0259 U\u015faq Paralimpiya h\u0259r\u0259kat\u0131n\u0131n g\u0259l\u0259c\u0259k idman\u00e7\u0131lar\u0131\u00a0v\u0259 onlar\u0131n valideynl\u0259ri il\u0259 g\u00f6r\u00fc\u015f ke\u00e7irilib. G\u00f6r\u00fc\u015f Milli Paralimpiya Komit\u0259sinin prezidenti&hellip;","_links":{"self":[{"href":"https:\/\/arantv.az\/index.php?rest_route=\/wp\/v2\/posts\/268367"}],"collection":[{"href":"https:\/\/arantv.az\/index.php?rest_route=\/wp\/v2\/posts"}],"about":[{"href":"https:\/\/arantv.az\/index.php?rest_route=\/wp\/v2\/types\/post"}],"author":[{"embeddable":true,"href":"https:\/\/arantv.az\/index.php?rest_route=\/wp\/v2\/users\/2"}],"replies":[{"embeddable":true,"href":"https:\/\/arantv.az\/index.php?rest_route=%2Fwp%2Fv2%2Fcomments&post=268367"}],"version-history":[{"count":0,"href":"https:\/\/arantv.az\/index.php?rest_route=\/wp\/v2\/posts\/268367\/revisions"}],"wp:featuredmedia":[{"embeddable":true,"href":"https:\/\/arantv.az\/index.php?rest_route=\/wp\/v2\/media\/268368"}],"wp:attachment":[{"href":"https:\/\/arantv.az\/index.php?rest_route=%2Fwp%2Fv2%2Fmedia&parent=268367"}],"wp:term":[{"taxonomy":"category","embeddable":true,"href":"https:\/\/arantv.az\/index.php?rest_route=%2Fwp%2Fv2%2Fcategories&post=268367"},{"taxonomy":"post_tag","embeddable":true,"href":"https:\/\/arantv.az\/index.php?rest_route=%2Fwp%2Fv2%2Ftags&post=268367"}],"curies":[{"name":"wp","href":"https:\/\/api.w.org\/{rel}","templated":true}]}}