{"id":268375,"date":"2021-01-08T16:02:29","date_gmt":"2021-01-08T13:02:29","guid":{"rendered":"http:\/\/arantv.az\/?p=268375"},"modified":"2021-01-08T16:02:29","modified_gmt":"2021-01-08T13:02:29","slug":"bakida-iki-prospektin-k%c9%99sism%c9%99sind%c9%99-h%c9%99r%c9%99k%c9%99t-m%c9%99hdudlasdirilacaq","status":"publish","type":"post","link":"https:\/\/arantv.az\/?p=268375","title":{"rendered":"Bak\u0131da iki prospektin k\u0259si\u015fm\u0259sind\u0259 h\u0259r\u0259k\u0259t m\u0259hdudla\u015fd\u0131r\u0131lacaq"},"content":{"rendered":"<p>Yanvar ay\u0131n\u0131n 9 v\u0259 10-da Ziya B\u00fcnyadov prospektinin Azadl\u0131q prospekti il\u0259 k\u0259si\u015fm\u0259sind\u0259 h\u0259r\u0259k\u0259t qism\u0259n m\u0259hdudla\u015fd\u0131r\u0131lacaq.<\/p>\n<p>Bu bar\u0259d\u0259 Az\u0259rbaycan Avtomobil Yollar\u0131 D\u00f6vl\u0259t Agentliyi (AAYDA) m\u0259lumat yay\u0131b.<\/p>\n<p>Bel\u0259 ki, Ziya B\u00fcnyadov prospektinin Azadl\u0131q prospekti il\u0259 k\u0259si\u015fm\u0259sind\u0259 yerl\u0259\u015f\u0259n yol \u00f6t\u00fcr\u00fcc\u00fcs\u00fc \u00fcz\u0259rind\u0259, Koro\u011flu yol qov\u015fa\u011f\u0131 istiqam\u0259tind\u0259 apar\u0131lacaq t\u0259mir i\u015fl\u0259ri il\u0259 \u0259laq\u0259dar olaraq avton\u0259qliyyat vasit\u0259l\u0259rinin h\u0259r\u0259k\u0259ti qism\u0259n m\u0259hdudla\u015fd\u0131r\u0131lacaq.<\/p>\n<p>Alternativ olaraq s\u00fcr\u00fcc\u00fcl\u0259r prospektin yan yollar\u0131ndan istifad\u0259 ed\u0259 bil\u0259rl\u0259r.<\/p>\n","protected":false},"excerpt":{"rendered":"<p>Yanvar ay\u0131n\u0131n 9 v\u0259 10-da Ziya B\u00fcnyadov prospektinin Azadl\u0131q prospekti il\u0259 k\u0259si\u015fm\u0259sind\u0259 h\u0259r\u0259k\u0259t qism\u0259n m\u0259hdudla\u015fd\u0131r\u0131lacaq. Bu bar\u0259d\u0259 Az\u0259rbaycan Avtomobil Yollar\u0131 D\u00f6vl\u0259t Agentliyi (AAYDA) m\u0259lumat yay\u0131b. Bel\u0259 ki, Ziya B\u00fcnyadov prospektinin Azadl\u0131q prospekti il\u0259 k\u0259si\u015fm\u0259sind\u0259 yerl\u0259\u015f\u0259n yol \u00f6t\u00fcr\u00fcc\u00fcs\u00fc \u00fcz\u0259rind\u0259, Koro\u011flu yol qov\u015fa\u011f\u0131 istiqam\u0259tind\u0259 apar\u0131lacaq t\u0259mir i\u015fl\u0259ri il\u0259 \u0259laq\u0259dar olaraq avton\u0259qliyyat vasit\u0259l\u0259rinin h\u0259r\u0259k\u0259ti qism\u0259n m\u0259hdudla\u015fd\u0131r\u0131lacaq. Alternativ olaraq s\u00fcr\u00fcc\u00fcl\u0259r prospektin yan yollar\u0131ndan istifad\u0259 ed\u0259 bil\u0259rl\u0259r.<\/p>\n","protected":false},"author":2,"featured_media":268376,"comment_status":"closed","ping_status":"closed","sticky":false,"template":"","format":"standard","meta":{"om_disable_all_campaigns":false,"_monsterinsights_skip_tracking":false,"_monsterinsights_sitenote_active":false,"_monsterinsights_sitenote_note":"","_monsterinsights_sitenote_category":0},"categories":[26],"tags":[],"aioseo_notices":[],"gutentor_comment":0,"rttpg_featured_image_url":{"full":["https:\/\/arantv.az\/wp-content\/uploads\/2021\/01\/yencag.az_2017-05-25_08-18-26.jpg",620,388,false],"landscape":["https:\/\/arantv.az\/wp-content\/uploads\/2021\/01\/yencag.az_2017-05-25_08-18-26.jpg",620,388,false],"portraits":["https:\/\/arantv.az\/wp-content\/uploads\/2021\/01\/yencag.az_2017-05-25_08-18-26.jpg",620,388,false],"thumbnail":["https:\/\/arantv.az\/wp-content\/uploads\/2021\/01\/yencag.az_2017-05-25_08-18-26-150x150.jpg",150,150,true],"medium":["https:\/\/arantv.az\/wp-content\/uploads\/2021\/01\/yencag.az_2017-05-25_08-18-26-300x188.jpg",300,188,true],"large":["https:\/\/arantv.az\/wp-content\/uploads\/2021\/01\/yencag.az_2017-05-25_08-18-26.jpg",620,388,false],"1536x1536":["https:\/\/arantv.az\/wp-content\/uploads\/2021\/01\/yencag.az_2017-05-25_08-18-26.jpg",620,388,false],"2048x2048":["https:\/\/arantv.az\/wp-content\/uploads\/2021\/01\/yencag.az_2017-05-25_08-18-26.jpg",620,388,false],"post-thumbnail":["https:\/\/arantv.az\/wp-content\/uploads\/2021\/01\/yencag.az_2017-05-25_08-18-26-240x172.jpg",240,172,true],"advps-thumb-one":["https:\/\/arantv.az\/wp-content\/uploads\/2021\/01\/yencag.az_2017-05-25_08-18-26.jpg",620,388,false]},"rttpg_author":{"display_name":"V\u00fcsal Rafiqo\u011flu","author_link":"https:\/\/arantv.az\/?author=2"},"rttpg_comment":0,"rttpg_category":"<a href=\"https:\/\/arantv.az\/?cat=26\" rel=\"category\">Sosial<\/a>","rttpg_excerpt":"Yanvar ay\u0131n\u0131n 9 v\u0259 10-da Ziya B\u00fcnyadov prospektinin Azadl\u0131q prospekti il\u0259 k\u0259si\u015fm\u0259sind\u0259 h\u0259r\u0259k\u0259t qism\u0259n m\u0259hdudla\u015fd\u0131r\u0131lacaq. Bu bar\u0259d\u0259 Az\u0259rbaycan Avtomobil Yollar\u0131 D\u00f6vl\u0259t Agentliyi (AAYDA) m\u0259lumat yay\u0131b. Bel\u0259 ki, Ziya B\u00fcnyadov prospektinin Azadl\u0131q prospekti il\u0259 k\u0259si\u015fm\u0259sind\u0259 yerl\u0259\u015f\u0259n yol \u00f6t\u00fcr\u00fcc\u00fcs\u00fc \u00fcz\u0259rind\u0259, Koro\u011flu yol qov\u015fa\u011f\u0131 istiqam\u0259tind\u0259 apar\u0131lacaq t\u0259mir i\u015fl\u0259ri il\u0259 \u0259laq\u0259dar olaraq avton\u0259qliyyat vasit\u0259l\u0259rinin h\u0259r\u0259k\u0259ti qism\u0259n m\u0259hdudla\u015fd\u0131r\u0131lacaq. Alternativ olaraq&hellip;","_links":{"self":[{"href":"https:\/\/arantv.az\/index.php?rest_route=\/wp\/v2\/posts\/268375"}],"collection":[{"href":"https:\/\/arantv.az\/index.php?rest_route=\/wp\/v2\/posts"}],"about":[{"href":"https:\/\/arantv.az\/index.php?rest_route=\/wp\/v2\/types\/post"}],"author":[{"embeddable":true,"href":"https:\/\/arantv.az\/index.php?rest_route=\/wp\/v2\/users\/2"}],"replies":[{"embeddable":true,"href":"https:\/\/arantv.az\/index.php?rest_route=%2Fwp%2Fv2%2Fcomments&post=268375"}],"version-history":[{"count":0,"href":"https:\/\/arantv.az\/index.php?rest_route=\/wp\/v2\/posts\/268375\/revisions"}],"wp:featuredmedia":[{"embeddable":true,"href":"https:\/\/arantv.az\/index.php?rest_route=\/wp\/v2\/media\/268376"}],"wp:attachment":[{"href":"https:\/\/arantv.az\/index.php?rest_route=%2Fwp%2Fv2%2Fmedia&parent=268375"}],"wp:term":[{"taxonomy":"category","embeddable":true,"href":"https:\/\/arantv.az\/index.php?rest_route=%2Fwp%2Fv2%2Fcategories&post=268375"},{"taxonomy":"post_tag","embeddable":true,"href":"https:\/\/arantv.az\/index.php?rest_route=%2Fwp%2Fv2%2Ftags&post=268375"}],"curies":[{"name":"wp","href":"https:\/\/api.w.org\/{rel}","templated":true}]}}