{"id":268383,"date":"2021-01-08T16:07:02","date_gmt":"2021-01-08T13:07:02","guid":{"rendered":"http:\/\/arantv.az\/?p=268383"},"modified":"2021-01-08T16:07:02","modified_gmt":"2021-01-08T13:07:02","slug":"qisda-saxtali-gunl%c9%99rin-sayi-azalib-aciqlama","status":"publish","type":"post","link":"https:\/\/arantv.az\/?p=268383","title":{"rendered":"Q\u0131\u015fda \u015faxtal\u0131 g\u00fcnl\u0259rin say\u0131 azal\u0131b &#8211; A\u00c7IQLAMA"},"content":{"rendered":"<p>\u201cSon onillikl\u0259rd\u0259 iqlimd\u0259 istil\u0259\u015fm\u0259 gedir. Bu istil\u0259\u015fm\u0259 \u00f6lk\u0259 \u0259razisind\u0259 qeyri-b\u0259rab\u0259r paylan\u0131r \u201d.<\/p>\n<p><strong>ARANTV.AZ<\/strong>-\u0131n\u00a0 verdiyi m\u0259lumata g\u00f6r\u0259, bunu Ekologiya v\u0259 T\u0259bii S\u0259rv\u0259tl\u0259r Nazirliyinin r\u0259smi \u201cFacebook\u201d s\u0259hif\u0259sind\u0259 \u201cEkspert saat\u0131\u201d verili\u015finin canl\u0131 yay\u0131m\u0131nda nazirliyin\u00a0Milli Hidrometeorologiya Xidm\u0259tinin r\u0259isi Umayra Ta\u011f\u0131yeva bildirib.<\/p>\n<p>Onun s\u00f6zl\u0259rin\u0259 g\u00f6r\u0259, iqlimin istil\u0259\u015fm\u0259si n\u0259tic\u0259sind\u0259 q\u0131\u015f aylar\u0131nda \u015faxtal\u0131 g\u00fcnl\u0259rin say\u0131 k\u0259skin \u015f\u0259kild\u0259 azal\u0131b:<\/p>\n<p>\u201cB\u0259zi b\u00f6lg\u0259l\u0259rd\u0259 illik temperatur 1,4 d\u0259r\u0259c\u0259 olub. Q\u0131\u015fda \u015faxtal\u0131 g\u00fcnl\u0259rinin say\u0131 azal\u0131rsa, ya\u011f\u0131nt\u0131lar art\u0131q qar \u015f\u0259klind\u0259 deyil, ya\u011f\u0131\u015f \u015f\u0259klind\u0259 d\u00fc\u015f\u00fcr.<\/p>\n<p>Bu zaman ya\u011f\u0131nt\u0131lar\u0131n da miqdar\u0131nda azalma qeyd\u0259 al\u0131n\u0131r. Bu da iqlim d\u0259yi\u015fm\u0259l\u0259rinin t\u0259zah\u00fcrl\u0259ridir\u201d.<\/p>\n","protected":false},"excerpt":{"rendered":"<p>\u201cSon onillikl\u0259rd\u0259 iqlimd\u0259 istil\u0259\u015fm\u0259 gedir. Bu istil\u0259\u015fm\u0259 \u00f6lk\u0259 \u0259razisind\u0259 qeyri-b\u0259rab\u0259r paylan\u0131r \u201d. ARANTV.AZ-\u0131n\u00a0 verdiyi m\u0259lumata g\u00f6r\u0259, bunu Ekologiya v\u0259 T\u0259bii S\u0259rv\u0259tl\u0259r Nazirliyinin r\u0259smi \u201cFacebook\u201d s\u0259hif\u0259sind\u0259 \u201cEkspert saat\u0131\u201d verili\u015finin canl\u0131 yay\u0131m\u0131nda nazirliyin\u00a0Milli Hidrometeorologiya Xidm\u0259tinin r\u0259isi Umayra Ta\u011f\u0131yeva bildirib. Onun s\u00f6zl\u0259rin\u0259 g\u00f6r\u0259, iqlimin istil\u0259\u015fm\u0259si n\u0259tic\u0259sind\u0259 q\u0131\u015f aylar\u0131nda \u015faxtal\u0131 g\u00fcnl\u0259rin say\u0131 k\u0259skin \u015f\u0259kild\u0259 azal\u0131b: \u201cB\u0259zi b\u00f6lg\u0259l\u0259rd\u0259 illik temperatur 1,4 d\u0259r\u0259c\u0259 olub. Q\u0131\u015fda \u015faxtal\u0131 g\u00fcnl\u0259rinin say\u0131 azal\u0131rsa, ya\u011f\u0131nt\u0131lar art\u0131q qar \u015f\u0259klind\u0259 deyil, ya\u011f\u0131\u015f \u015f\u0259klind\u0259 d\u00fc\u015f\u00fcr. Bu zaman ya\u011f\u0131nt\u0131lar\u0131n da miqdar\u0131nda azalma qeyd\u0259 al\u0131n\u0131r. Bu da iqlim d\u0259yi\u015fm\u0259l\u0259rinin t\u0259zah\u00fcrl\u0259ridir\u201d.<\/p>\n","protected":false},"author":2,"featured_media":268385,"comment_status":"closed","ping_status":"closed","sticky":false,"template":"","format":"standard","meta":{"om_disable_all_campaigns":false,"_monsterinsights_skip_tracking":false,"_monsterinsights_sitenote_active":false,"_monsterinsights_sitenote_note":"","_monsterinsights_sitenote_category":0},"categories":[22],"tags":[],"aioseo_notices":[],"gutentor_comment":0,"rttpg_featured_image_url":{"full":["https:\/\/arantv.az\/wp-content\/uploads\/2021\/01\/news_20200123090840.jpg",728,400,false],"landscape":["https:\/\/arantv.az\/wp-content\/uploads\/2021\/01\/news_20200123090840.jpg",728,400,false],"portraits":["https:\/\/arantv.az\/wp-content\/uploads\/2021\/01\/news_20200123090840.jpg",728,400,false],"thumbnail":["https:\/\/arantv.az\/wp-content\/uploads\/2021\/01\/news_20200123090840-150x150.jpg",150,150,true],"medium":["https:\/\/arantv.az\/wp-content\/uploads\/2021\/01\/news_20200123090840-300x165.jpg",300,165,true],"large":["https:\/\/arantv.az\/wp-content\/uploads\/2021\/01\/news_20200123090840.jpg",640,352,false],"1536x1536":["https:\/\/arantv.az\/wp-content\/uploads\/2021\/01\/news_20200123090840.jpg",728,400,false],"2048x2048":["https:\/\/arantv.az\/wp-content\/uploads\/2021\/01\/news_20200123090840.jpg",728,400,false],"post-thumbnail":["https:\/\/arantv.az\/wp-content\/uploads\/2021\/01\/news_20200123090840-240x172.jpg",240,172,true],"advps-thumb-one":["https:\/\/arantv.az\/wp-content\/uploads\/2021\/01\/news_20200123090840.jpg",728,400,false]},"rttpg_author":{"display_name":"V\u00fcsal Rafiqo\u011flu","author_link":"https:\/\/arantv.az\/?author=2"},"rttpg_comment":0,"rttpg_category":"<a href=\"https:\/\/arantv.az\/?cat=22\" rel=\"category\">Hava<\/a>","rttpg_excerpt":"\u201cSon onillikl\u0259rd\u0259 iqlimd\u0259 istil\u0259\u015fm\u0259 gedir. Bu istil\u0259\u015fm\u0259 \u00f6lk\u0259 \u0259razisind\u0259 qeyri-b\u0259rab\u0259r paylan\u0131r \u201d. ARANTV.AZ-\u0131n\u00a0 verdiyi m\u0259lumata g\u00f6r\u0259, bunu Ekologiya v\u0259 T\u0259bii S\u0259rv\u0259tl\u0259r Nazirliyinin r\u0259smi \u201cFacebook\u201d s\u0259hif\u0259sind\u0259 \u201cEkspert saat\u0131\u201d verili\u015finin canl\u0131 yay\u0131m\u0131nda nazirliyin\u00a0Milli Hidrometeorologiya Xidm\u0259tinin r\u0259isi Umayra Ta\u011f\u0131yeva bildirib. Onun s\u00f6zl\u0259rin\u0259 g\u00f6r\u0259, iqlimin istil\u0259\u015fm\u0259si n\u0259tic\u0259sind\u0259 q\u0131\u015f aylar\u0131nda \u015faxtal\u0131 g\u00fcnl\u0259rin say\u0131 k\u0259skin \u015f\u0259kild\u0259 azal\u0131b: \u201cB\u0259zi b\u00f6lg\u0259l\u0259rd\u0259 illik temperatur&hellip;","_links":{"self":[{"href":"https:\/\/arantv.az\/index.php?rest_route=\/wp\/v2\/posts\/268383"}],"collection":[{"href":"https:\/\/arantv.az\/index.php?rest_route=\/wp\/v2\/posts"}],"about":[{"href":"https:\/\/arantv.az\/index.php?rest_route=\/wp\/v2\/types\/post"}],"author":[{"embeddable":true,"href":"https:\/\/arantv.az\/index.php?rest_route=\/wp\/v2\/users\/2"}],"replies":[{"embeddable":true,"href":"https:\/\/arantv.az\/index.php?rest_route=%2Fwp%2Fv2%2Fcomments&post=268383"}],"version-history":[{"count":0,"href":"https:\/\/arantv.az\/index.php?rest_route=\/wp\/v2\/posts\/268383\/revisions"}],"wp:featuredmedia":[{"embeddable":true,"href":"https:\/\/arantv.az\/index.php?rest_route=\/wp\/v2\/media\/268385"}],"wp:attachment":[{"href":"https:\/\/arantv.az\/index.php?rest_route=%2Fwp%2Fv2%2Fmedia&parent=268383"}],"wp:term":[{"taxonomy":"category","embeddable":true,"href":"https:\/\/arantv.az\/index.php?rest_route=%2Fwp%2Fv2%2Fcategories&post=268383"},{"taxonomy":"post_tag","embeddable":true,"href":"https:\/\/arantv.az\/index.php?rest_route=%2Fwp%2Fv2%2Ftags&post=268383"}],"curies":[{"name":"wp","href":"https:\/\/api.w.org\/{rel}","templated":true}]}}