{"id":268390,"date":"2021-01-09T08:12:19","date_gmt":"2021-01-09T05:12:19","guid":{"rendered":"http:\/\/arantv.az\/?p=268390"},"modified":"2021-01-09T08:12:19","modified_gmt":"2021-01-09T05:12:19","slug":"daha-bir-s%c9%99hid-ail%c9%99sin%c9%99-t%c9%99qaud-karti-t%c9%99qdim-edildi-foto-2","status":"publish","type":"post","link":"https:\/\/arantv.az\/?p=268390","title":{"rendered":"Daha bir \u015f\u0259hid ail\u0259sin\u0259 t\u0259qa\u00fcd kart\u0131 t\u0259qdim edildi &#8211; FOTO"},"content":{"rendered":"<p>\u018fm\u0259k v\u0259 \u018fhalinin Sosial M\u00fcdafi\u0259si Nazirliyinin tabeliyind\u0259ki D\u00f6vl\u0259t Sosial M\u00fcdafi\u0259 Fondunun s\u0259dri Himalay M\u0259mi\u015fov \u015f\u0259hid Elvin Sarvan o\u011flu \u015e\u0131x\u0259liyevin ail\u0259si (\u015eirvan \u015f\u0259h\u0259ri) il\u0259 g\u00f6r\u00fc\u015f\u00fcb.<\/p>\n<p>Bununla ba\u011fl\u0131 nazirlik m\u0259lumat yay\u0131b.<\/p>\n<p>H.M\u0259mi\u015fov do\u011fma yurd yerl\u0259rimizin erm\u0259ni fa\u015fizminin i\u015f\u011fal\u0131ndan azad edilm\u0259si u\u011frunda d\u00f6y\u00fc\u015fl\u0259rd\u0259 \u015f\u0259hidlik zirv\u0259sin\u0259 ucalan Elvin \u015e\u0131x\u0259liyevin xatir\u0259sinin daim \u00fcr\u0259kl\u0259rd\u0259 ya\u015fayaca\u011f\u0131n\u0131 deyib.<\/p>\n<div id=\"AdviadNativeVideo0\" class=\"AdviadNativeVideo\"><\/div>\n<p>Fond s\u0259dri \u015f\u0259hid ail\u0259l\u0259rinin d\u00f6vl\u0259t t\u0259r\u0259find\u0259n qay\u011f\u0131 il\u0259 \u0259hat\u0259 olunduqlar\u0131n\u0131 bildirib.<\/p>\n<p>Prezident \u0130lham \u018fliyevin F\u0259rman\u0131 il\u0259 n\u00f6vb\u0259ti qay\u011f\u0131 olaraq, \u015f\u0259hid ail\u0259l\u0259ri \u00fc\u00e7\u00fcn Prezidentin ayl\u0131q t\u0259qa\u00fcd\u00fcn\u00fcn yanvar\u0131n 1-d\u0259n 300 manatdan 500 manata \u00e7atd\u0131r\u0131ld\u0131\u011f\u0131n\u0131 qeyd edib.<\/p>\n<p>Elvin \u015e\u0131x\u0259liyevin ail\u0259sin\u0259 d\u0259 Prezidentin ayl\u0131q t\u0259qa\u00fcd\u00fcn\u00fcn, habel\u0259 sosial m\u00fcavin\u0259tin art\u0131q t\u0259yin olundu\u011funu bildir\u0259n Fond s\u0259dri ail\u0259y\u0259 t\u0259qa\u00fcd kart\u0131n\u0131, h\u0259m\u00e7inin, \u201c\u015e\u0259hid ail\u0259si \u00fczv\u00fc\u201d v\u0259siq\u0259sini t\u0259qdim edib.<\/p>\n<p>\u015e\u0259hid ail\u0259l\u0259ri \u00fc\u00e7\u00fcn n\u0259z\u0259rd\u0259 tutulan sosial d\u0259st\u0259k t\u0259dbirl\u0259ri bar\u0259d\u0259 ail\u0259y\u0259 \u0259trafl\u0131 m\u0259lumat verilib.<\/p>\n<div class=\"gallery\">\n<div class=\"gallery-i\"><img src=\"https:\/\/cdn.oxu.az\/uploads\/W1siZiIsIjIwMjEvMDEvMDkvMDgvNDkvMDcvN2RmZjAzMDgtZGFhMS00MDJlLTk3NmMtY2ZlOTJmZGNjMGJjL2ltYWdlXzE2MDB4MTA2Nl81ZmY4YjdhOTU4OTVhLmpwZyJdLFsicCIsImVuY29kZSIsImpwZyIsIi1xdWFsaXR5IDgwIl0sWyJwIiwidGh1bWIiLCI1OTB4NTkwXHUwMDNlIl1d?sha=e56f32b686d9a4ca\" alt=\"\" \/><\/p>\n<div class=\"gallery-i-caption\"><\/div>\n<\/div>\n<div class=\"gallery-i\"><img src=\"https:\/\/cdn.oxu.az\/uploads\/W1siZiIsIjIwMjEvMDEvMDkvMDgvNDkvMDcvOGRjZjc5MzctMWZmMi00ODUwLThlYTYtYTEzZDdmNTRkMzE3L2ltYWdlXzE2MDB4MTA2Nl81ZmY4YjdiMDdlNmRmLmpwZyJdLFsicCIsImVuY29kZSIsImpwZyIsIi1xdWFsaXR5IDgwIl0sWyJwIiwidGh1bWIiLCI1OTB4NTkwXHUwMDNlIl1d?sha=2e8d7283a2488c8e\" alt=\"\" \/><\/p>\n<div class=\"gallery-i-caption\"><\/div>\n<\/div>\n<div class=\"gallery-i\"><img src=\"https:\/\/cdn.oxu.az\/uploads\/W1siZiIsIjIwMjEvMDEvMDkvMDgvNDkvMDcvZDFjOWJiY2EtNTRmZS00YmU1LTliNGMtODdhNmI3ZjMxN2Y2L2ltYWdlXzE2MDB4MTA2Nl81ZmY4YjdiOThkMTU0LmpwZyJdLFsicCIsImVuY29kZSIsImpwZyIsIi1xdWFsaXR5IDgwIl0sWyJwIiwidGh1bWIiLCI1OTB4NTkwXHUwMDNlIl1d?sha=65d2e0e57a5587c4\" alt=\"\" \/><\/div>\n<\/div>\n","protected":false},"excerpt":{"rendered":"<p>\u018fm\u0259k v\u0259 \u018fhalinin Sosial M\u00fcdafi\u0259si Nazirliyinin tabeliyind\u0259ki D\u00f6vl\u0259t Sosial M\u00fcdafi\u0259 Fondunun s\u0259dri Himalay M\u0259mi\u015fov \u015f\u0259hid Elvin Sarvan o\u011flu \u015e\u0131x\u0259liyevin ail\u0259si (\u015eirvan \u015f\u0259h\u0259ri) il\u0259 g\u00f6r\u00fc\u015f\u00fcb. Bununla ba\u011fl\u0131 nazirlik m\u0259lumat yay\u0131b. H.M\u0259mi\u015fov do\u011fma yurd yerl\u0259rimizin erm\u0259ni fa\u015fizminin i\u015f\u011fal\u0131ndan azad edilm\u0259si u\u011frunda d\u00f6y\u00fc\u015fl\u0259rd\u0259 \u015f\u0259hidlik zirv\u0259sin\u0259 ucalan Elvin \u015e\u0131x\u0259liyevin xatir\u0259sinin daim \u00fcr\u0259kl\u0259rd\u0259 ya\u015fayaca\u011f\u0131n\u0131 deyib. Fond s\u0259dri \u015f\u0259hid ail\u0259l\u0259rinin d\u00f6vl\u0259t t\u0259r\u0259find\u0259n qay\u011f\u0131 il\u0259 \u0259hat\u0259 olunduqlar\u0131n\u0131 bildirib. Prezident \u0130lham \u018fliyevin F\u0259rman\u0131 il\u0259 n\u00f6vb\u0259ti qay\u011f\u0131 olaraq, \u015f\u0259hid ail\u0259l\u0259ri \u00fc\u00e7\u00fcn Prezidentin ayl\u0131q t\u0259qa\u00fcd\u00fcn\u00fcn yanvar\u0131n 1-d\u0259n 300 manatdan 500 manata \u00e7atd\u0131r\u0131ld\u0131\u011f\u0131n\u0131 qeyd edib. Elvin \u015e\u0131x\u0259liyevin ail\u0259sin\u0259 d\u0259 Prezidentin ayl\u0131q&hellip;<\/p>\n","protected":false},"author":2,"featured_media":268391,"comment_status":"closed","ping_status":"closed","sticky":false,"template":"","format":"standard","meta":{"om_disable_all_campaigns":false,"_monsterinsights_skip_tracking":false,"_monsterinsights_sitenote_active":false,"_monsterinsights_sitenote_note":"","_monsterinsights_sitenote_category":0},"categories":[26],"tags":[],"aioseo_notices":[],"gutentor_comment":0,"rttpg_featured_image_url":{"full":["https:\/\/arantv.az\/wp-content\/uploads\/2021\/01\/image_1600x1066_5ff8b7b07e6df.jpg",620,413,false],"landscape":["https:\/\/arantv.az\/wp-content\/uploads\/2021\/01\/image_1600x1066_5ff8b7b07e6df.jpg",620,413,false],"portraits":["https:\/\/arantv.az\/wp-content\/uploads\/2021\/01\/image_1600x1066_5ff8b7b07e6df.jpg",620,413,false],"thumbnail":["https:\/\/arantv.az\/wp-content\/uploads\/2021\/01\/image_1600x1066_5ff8b7b07e6df-150x150.jpg",150,150,true],"medium":["https:\/\/arantv.az\/wp-content\/uploads\/2021\/01\/image_1600x1066_5ff8b7b07e6df-300x200.jpg",300,200,true],"large":["https:\/\/arantv.az\/wp-content\/uploads\/2021\/01\/image_1600x1066_5ff8b7b07e6df.jpg",620,413,false],"1536x1536":["https:\/\/arantv.az\/wp-content\/uploads\/2021\/01\/image_1600x1066_5ff8b7b07e6df.jpg",620,413,false],"2048x2048":["https:\/\/arantv.az\/wp-content\/uploads\/2021\/01\/image_1600x1066_5ff8b7b07e6df.jpg",620,413,false],"post-thumbnail":["https:\/\/arantv.az\/wp-content\/uploads\/2021\/01\/image_1600x1066_5ff8b7b07e6df-240x172.jpg",240,172,true],"advps-thumb-one":["https:\/\/arantv.az\/wp-content\/uploads\/2021\/01\/image_1600x1066_5ff8b7b07e6df.jpg",620,413,false]},"rttpg_author":{"display_name":"V\u00fcsal Rafiqo\u011flu","author_link":"https:\/\/arantv.az\/?author=2"},"rttpg_comment":0,"rttpg_category":"<a href=\"https:\/\/arantv.az\/?cat=26\" rel=\"category\">Sosial<\/a>","rttpg_excerpt":"\u018fm\u0259k v\u0259 \u018fhalinin Sosial M\u00fcdafi\u0259si Nazirliyinin tabeliyind\u0259ki D\u00f6vl\u0259t Sosial M\u00fcdafi\u0259 Fondunun s\u0259dri Himalay M\u0259mi\u015fov \u015f\u0259hid Elvin Sarvan o\u011flu \u015e\u0131x\u0259liyevin ail\u0259si (\u015eirvan \u015f\u0259h\u0259ri) il\u0259 g\u00f6r\u00fc\u015f\u00fcb. Bununla ba\u011fl\u0131 nazirlik m\u0259lumat yay\u0131b. H.M\u0259mi\u015fov do\u011fma yurd yerl\u0259rimizin erm\u0259ni fa\u015fizminin i\u015f\u011fal\u0131ndan azad edilm\u0259si u\u011frunda d\u00f6y\u00fc\u015fl\u0259rd\u0259 \u015f\u0259hidlik zirv\u0259sin\u0259 ucalan Elvin \u015e\u0131x\u0259liyevin xatir\u0259sinin daim \u00fcr\u0259kl\u0259rd\u0259 ya\u015fayaca\u011f\u0131n\u0131 deyib. Fond s\u0259dri \u015f\u0259hid ail\u0259l\u0259rinin d\u00f6vl\u0259t&hellip;","_links":{"self":[{"href":"https:\/\/arantv.az\/index.php?rest_route=\/wp\/v2\/posts\/268390"}],"collection":[{"href":"https:\/\/arantv.az\/index.php?rest_route=\/wp\/v2\/posts"}],"about":[{"href":"https:\/\/arantv.az\/index.php?rest_route=\/wp\/v2\/types\/post"}],"author":[{"embeddable":true,"href":"https:\/\/arantv.az\/index.php?rest_route=\/wp\/v2\/users\/2"}],"replies":[{"embeddable":true,"href":"https:\/\/arantv.az\/index.php?rest_route=%2Fwp%2Fv2%2Fcomments&post=268390"}],"version-history":[{"count":0,"href":"https:\/\/arantv.az\/index.php?rest_route=\/wp\/v2\/posts\/268390\/revisions"}],"wp:featuredmedia":[{"embeddable":true,"href":"https:\/\/arantv.az\/index.php?rest_route=\/wp\/v2\/media\/268391"}],"wp:attachment":[{"href":"https:\/\/arantv.az\/index.php?rest_route=%2Fwp%2Fv2%2Fmedia&parent=268390"}],"wp:term":[{"taxonomy":"category","embeddable":true,"href":"https:\/\/arantv.az\/index.php?rest_route=%2Fwp%2Fv2%2Fcategories&post=268390"},{"taxonomy":"post_tag","embeddable":true,"href":"https:\/\/arantv.az\/index.php?rest_route=%2Fwp%2Fv2%2Ftags&post=268390"}],"curies":[{"name":"wp","href":"https:\/\/api.w.org\/{rel}","templated":true}]}}