{"id":268414,"date":"2021-01-09T08:17:05","date_gmt":"2021-01-09T05:17:05","guid":{"rendered":"http:\/\/arantv.az\/?p=268414"},"modified":"2021-01-09T08:17:05","modified_gmt":"2021-01-09T05:17:05","slug":"qazi-nisanlim-ayagimin-birinin-olmamasini-m%c9%99n%c9%99-hiss-etdirm%c9%99di-video","status":"publish","type":"post","link":"https:\/\/arantv.az\/?p=268414","title":{"rendered":"Qazi: \u201cNi\u015fanl\u0131m aya\u011f\u0131m\u0131n birinin olmamas\u0131n\u0131 m\u0259n\u0259 hiss etdirm\u0259di\u201d &#8211; V\u0130DEO"},"content":{"rendered":"<article class=\"news\">\n<div class=\"news-inner\">\n<p>V\u0259t\u0259n m\u00fcharib\u0259sind\u0259 minaya d\u00fc\u015f\u0259r\u0259k sol aya\u011f\u0131n\u0131 topuq nahiy\u0259sind\u0259n yuxar\u0131 itir\u0259n qazimiz Abbas Yusifov ail\u0259 h\u0259yat\u0131 qurub.<\/p>\n<p>O, \u00f6t\u0259n g\u00fcn sevdiyi xan\u0131mla r\u0259smi nikaha daxil olub.<\/p>\n<div id=\"AdviadNativeVideo0\" class=\"AdviadNativeVideo\"><\/div>\n<p>Baku TV bununla ba\u011fl\u0131 s\u00fcjet haz\u0131rlay\u0131b.<\/p>\n<p>Abbas Yusifov bildirib ki, xan\u0131m\u0131 il\u0259 2017-ci ild\u0259 tan\u0131\u015f olublar: \u201cSevdiyim xan\u0131m \u00f6z k\u0259nd\u00e7imizdir. 2019-cu ild\u0259 is\u0259 ni\u015fanlanm\u0131\u015f\u0131q. C\u0259bh\u0259d\u0259 olanda \u0259laq\u0259 saxlay\u0131rd\u0131m. Bilirdim ki, m\u0259ni he\u00e7 vaxt atmaz. Ail\u0259si d\u0259 bunu m\u00fcsb\u0259t qar\u015f\u0131lad\u0131\u201d.<\/p>\n<p>\u018ftrafl\u0131 videoda:<\/p>\n<div><iframe loading=\"lazy\" src=\"https:\/\/www.youtube.com\/embed\/AVP4GOlIR7Q\" width=\"560\" height=\"315\" frameborder=\"0\" allowfullscreen=\"allowfullscreen\" data-mce-fragment=\"1\"><\/iframe><\/div>\n<\/div>\n<\/article>\n<h2 class=\"news-share-title\"><\/h2>\n","protected":false},"excerpt":{"rendered":"<p>V\u0259t\u0259n m\u00fcharib\u0259sind\u0259 minaya d\u00fc\u015f\u0259r\u0259k sol aya\u011f\u0131n\u0131 topuq nahiy\u0259sind\u0259n yuxar\u0131 itir\u0259n qazimiz Abbas Yusifov ail\u0259 h\u0259yat\u0131 qurub. O, \u00f6t\u0259n g\u00fcn sevdiyi xan\u0131mla r\u0259smi nikaha daxil olub. Baku TV bununla ba\u011fl\u0131 s\u00fcjet haz\u0131rlay\u0131b. Abbas Yusifov bildirib ki, xan\u0131m\u0131 il\u0259 2017-ci ild\u0259 tan\u0131\u015f olublar: \u201cSevdiyim xan\u0131m \u00f6z k\u0259nd\u00e7imizdir. 2019-cu ild\u0259 is\u0259 ni\u015fanlanm\u0131\u015f\u0131q. C\u0259bh\u0259d\u0259 olanda \u0259laq\u0259 saxlay\u0131rd\u0131m. Bilirdim ki, m\u0259ni he\u00e7 vaxt atmaz. Ail\u0259si d\u0259 bunu m\u00fcsb\u0259t qar\u015f\u0131lad\u0131\u201d. \u018ftrafl\u0131 videoda:<\/p>\n","protected":false},"author":2,"featured_media":268415,"comment_status":"closed","ping_status":"closed","sticky":false,"template":"","format":"standard","meta":{"om_disable_all_campaigns":false,"_monsterinsights_skip_tracking":false,"_monsterinsights_sitenote_active":false,"_monsterinsights_sitenote_note":"","_monsterinsights_sitenote_category":0},"categories":[10],"tags":[],"aioseo_notices":[],"gutentor_comment":0,"rttpg_featured_image_url":{"full":["https:\/\/arantv.az\/wp-content\/uploads\/2021\/01\/434-1.jpg",602,438,false],"landscape":["https:\/\/arantv.az\/wp-content\/uploads\/2021\/01\/434-1.jpg",602,438,false],"portraits":["https:\/\/arantv.az\/wp-content\/uploads\/2021\/01\/434-1.jpg",602,438,false],"thumbnail":["https:\/\/arantv.az\/wp-content\/uploads\/2021\/01\/434-1-150x150.jpg",150,150,true],"medium":["https:\/\/arantv.az\/wp-content\/uploads\/2021\/01\/434-1-300x218.jpg",300,218,true],"large":["https:\/\/arantv.az\/wp-content\/uploads\/2021\/01\/434-1.jpg",602,438,false],"1536x1536":["https:\/\/arantv.az\/wp-content\/uploads\/2021\/01\/434-1.jpg",602,438,false],"2048x2048":["https:\/\/arantv.az\/wp-content\/uploads\/2021\/01\/434-1.jpg",602,438,false],"post-thumbnail":["https:\/\/arantv.az\/wp-content\/uploads\/2021\/01\/434-1-240x172.jpg",240,172,true],"advps-thumb-one":["https:\/\/arantv.az\/wp-content\/uploads\/2021\/01\/434-1.jpg",602,438,false]},"rttpg_author":{"display_name":"V\u00fcsal Rafiqo\u011flu","author_link":"https:\/\/arantv.az\/?author=2"},"rttpg_comment":0,"rttpg_category":"<a href=\"https:\/\/arantv.az\/?cat=10\" rel=\"category\">C\u0259bh\u0259d\u0259n X\u0259b\u0259r<\/a>","rttpg_excerpt":"V\u0259t\u0259n m\u00fcharib\u0259sind\u0259 minaya d\u00fc\u015f\u0259r\u0259k sol aya\u011f\u0131n\u0131 topuq nahiy\u0259sind\u0259n yuxar\u0131 itir\u0259n qazimiz Abbas Yusifov ail\u0259 h\u0259yat\u0131 qurub. O, \u00f6t\u0259n g\u00fcn sevdiyi xan\u0131mla r\u0259smi nikaha daxil olub. Baku TV bununla ba\u011fl\u0131 s\u00fcjet haz\u0131rlay\u0131b. Abbas Yusifov bildirib ki, xan\u0131m\u0131 il\u0259 2017-ci ild\u0259 tan\u0131\u015f olublar: \u201cSevdiyim xan\u0131m \u00f6z k\u0259nd\u00e7imizdir. 2019-cu ild\u0259 is\u0259 ni\u015fanlanm\u0131\u015f\u0131q. C\u0259bh\u0259d\u0259 olanda \u0259laq\u0259 saxlay\u0131rd\u0131m. Bilirdim ki,&hellip;","_links":{"self":[{"href":"https:\/\/arantv.az\/index.php?rest_route=\/wp\/v2\/posts\/268414"}],"collection":[{"href":"https:\/\/arantv.az\/index.php?rest_route=\/wp\/v2\/posts"}],"about":[{"href":"https:\/\/arantv.az\/index.php?rest_route=\/wp\/v2\/types\/post"}],"author":[{"embeddable":true,"href":"https:\/\/arantv.az\/index.php?rest_route=\/wp\/v2\/users\/2"}],"replies":[{"embeddable":true,"href":"https:\/\/arantv.az\/index.php?rest_route=%2Fwp%2Fv2%2Fcomments&post=268414"}],"version-history":[{"count":0,"href":"https:\/\/arantv.az\/index.php?rest_route=\/wp\/v2\/posts\/268414\/revisions"}],"wp:featuredmedia":[{"embeddable":true,"href":"https:\/\/arantv.az\/index.php?rest_route=\/wp\/v2\/media\/268415"}],"wp:attachment":[{"href":"https:\/\/arantv.az\/index.php?rest_route=%2Fwp%2Fv2%2Fmedia&parent=268414"}],"wp:term":[{"taxonomy":"category","embeddable":true,"href":"https:\/\/arantv.az\/index.php?rest_route=%2Fwp%2Fv2%2Fcategories&post=268414"},{"taxonomy":"post_tag","embeddable":true,"href":"https:\/\/arantv.az\/index.php?rest_route=%2Fwp%2Fv2%2Ftags&post=268414"}],"curies":[{"name":"wp","href":"https:\/\/api.w.org\/{rel}","templated":true}]}}