{"id":268422,"date":"2021-01-09T08:18:19","date_gmt":"2021-01-09T05:18:19","guid":{"rendered":"http:\/\/arantv.az\/?p=268422"},"modified":"2021-01-09T08:18:19","modified_gmt":"2021-01-09T05:18:19","slug":"udinl%c9%99r-novb%c9%99ti-d%c9%99f%c9%99-k%c9%99lb%c9%99c%c9%99rd%c9%99ki-xudav%c9%99ng-monastirinda-olublar-foto","status":"publish","type":"post","link":"https:\/\/arantv.az\/?p=268422","title":{"rendered":"Udinl\u0259r n\u00f6vb\u0259ti d\u0259f\u0259 K\u0259lb\u0259c\u0259rd\u0259ki Xudav\u0259ng monast\u0131r\u0131nda olublar &#8211; FOTO"},"content":{"rendered":"<p>Qafqazdak\u0131 Alban Apostol M\u00fcst\u0259qil Kils\u0259sinin varisi olan Alban-Udin dini icmas\u0131n\u0131n \u00fczvl\u0259ri bu g\u00fcn K\u0259lb\u0259c\u0259r rayonunda olub, orada Xudav\u0259ng monast\u0131r kompleksini ziyar\u0259t edibl\u0259r.<\/p>\n<p>\u201cReport\u201dun Q\u0259rb m\u0259rk\u0259zinin m\u0259lumat\u0131na g\u00f6r\u0259, onlar Milad bayram\u0131 il\u0259 \u0259laq\u0259dar Xudav\u0259ng monast\u0131r\u0131nda ibad\u0259t edib, dualar oxuyublar.<\/p>\n<div id=\"AdviadNativeVideo0\" class=\"AdviadNativeVideo\"><\/div>\n<p>Qeyd ed\u0259k ki, Alban-Udin icmas\u0131n\u0131n \u00fczvl\u0259ri daha \u00f6nc\u0259 d\u0259 Xudav\u0259ng monast\u0131r\u0131n\u0131 ziyar\u0259t edibl\u0259r.<\/p>\n<p>Onlar yen\u0259 d\u0259 bura g\u0259l\u0259c\u0259kl\u0259rini v\u0259 daimi m\u00fcq\u0259dd\u0259s m\u0259kanlar\u0131ndan biri olan Xudav\u0259ng monast\u0131r\u0131n\u0131 ziyar\u0259t ed\u0259c\u0259kl\u0259rini bildiribl\u0259r.<\/p>\n<div class=\"gallery\">\n<div class=\"gallery-i\"><img src=\"https:\/\/cdn.oxu.az\/uploads\/W1siZiIsIjIwMjEvMDEvMDgvMjEvNTAvMDgvMjUyZmY4ODEtZDhmYi00ODllLTkzYWUtYjk0YjUxYjEyOTQ5LzQ4OWQ0ZjU3LTI4NjAtMzlkYS05ZTgxLWM4MWM2MDc2OGExOC5qcGVnIl0sWyJwIiwiZW5jb2RlIiwianBnIiwiLXF1YWxpdHkgODAiXSxbInAiLCJ0aHVtYiIsIjU5MHg1OTBcdTAwM2UiXV0?sha=436985782a2a5c33\" alt=\"\" \/><\/p>\n<div class=\"gallery-i-caption\"><\/div>\n<\/div>\n<div class=\"gallery-i\"><img src=\"https:\/\/cdn.oxu.az\/uploads\/W1siZiIsIjIwMjEvMDEvMDgvMjEvNTAvMDkvNjM2OTEyNDctZTFiOS00MDU0LTk2NjQtYzk1Zjc4ZDliNDlmLzllYTVhZDQ3LWZlMDYtM2JlZC1iNzdkLTQ3NWIxMzJhNGYyNC5qcGVnIl0sWyJwIiwiZW5jb2RlIiwianBnIiwiLXF1YWxpdHkgODAiXSxbInAiLCJ0aHVtYiIsIjU5MHg1OTBcdTAwM2UiXV0?sha=91d0ee72f87ca619\" alt=\"\" \/><\/p>\n<div class=\"gallery-i-caption\"><\/div>\n<\/div>\n<div class=\"gallery-i\"><img src=\"https:\/\/cdn.oxu.az\/uploads\/W1siZiIsIjIwMjEvMDEvMDgvMjEvNTAvMDkvZWI5M2U1NTAtMzEzMy00YTQ5LWI1NjItZjUzYmI0Y2FjM2UyLzI4ZDJjOTQ3LWQwOWQtM2M0Ni1iNGQ4LTU3MjQ2ODY4MzNmZC5qcGVnIl0sWyJwIiwiZW5jb2RlIiwianBnIiwiLXF1YWxpdHkgODAiXSxbInAiLCJ0aHVtYiIsIjU5MHg1OTBcdTAwM2UiXV0?sha=8e3d14a7785eebd5\" alt=\"\" \/><\/p>\n<div class=\"gallery-i-caption\"><\/div>\n<\/div>\n<div class=\"gallery-i\"><img src=\"https:\/\/cdn.oxu.az\/uploads\/W1siZiIsIjIwMjEvMDEvMDgvMjEvNTAvMDkvNDM4YWQ5OTAtNGVlNC00MGE5LWJhZjctMjk4Nzc1ZGFkNThlLzVlMGQ0ZWQzLTA3NTctM2IxNS05ZGU2LTBkYjIzNDlmODQ5Yy5qcGVnIl0sWyJwIiwiZW5jb2RlIiwianBnIiwiLXF1YWxpdHkgODAiXSxbInAiLCJ0aHVtYiIsIjU5MHg1OTBcdTAwM2UiXV0?sha=5f1ab9b679bd1ef0\" alt=\"\" \/><\/p>\n<div class=\"gallery-i-caption\"><\/div>\n<\/div>\n<div class=\"gallery-i\"><img src=\"https:\/\/cdn.oxu.az\/uploads\/W1siZiIsIjIwMjEvMDEvMDgvMjEvNTAvMDkvMzUzNjgzNzctZTRkNy00M2Y2LWJhYTAtNmEzNzg2MjE3ODhhL2E0YmRhYTUyLTM4NzctMzg2NS1hY2ExLTBmZmE5ZWVhOGJlOC5qcGVnIl0sWyJwIiwiZW5jb2RlIiwianBnIiwiLXF1YWxpdHkgODAiXSxbInAiLCJ0aHVtYiIsIjU5MHg1OTBcdTAwM2UiXV0?sha=6876cb723b403212\" alt=\"\" \/><\/p>\n<div class=\"gallery-i-caption\"><\/div>\n<\/div>\n<div class=\"gallery-i\"><img src=\"https:\/\/cdn.oxu.az\/uploads\/W1siZiIsIjIwMjEvMDEvMDgvMjEvNTAvMDkvNGY0NzYzMDQtODdmZi00ZjcyLTgyOGYtYzI5Yjc4YmE0NzE4LzQwYjBkZWFkLTFhNTUtMzgwZS1hNDA5LThkZjhlZGEzYjYzOC5qcGciXSxbInAiLCJlbmNvZGUiLCJqcGciLCItcXVhbGl0eSA4MCJdLFsicCIsInRodW1iIiwiNTkweDU5MFx1MDAzZSJdXQ?sha=569b1e48c85dac6f\" alt=\"\" \/><\/div>\n<\/div>\n","protected":false},"excerpt":{"rendered":"<p>Qafqazdak\u0131 Alban Apostol M\u00fcst\u0259qil Kils\u0259sinin varisi olan Alban-Udin dini icmas\u0131n\u0131n \u00fczvl\u0259ri bu g\u00fcn K\u0259lb\u0259c\u0259r rayonunda olub, orada Xudav\u0259ng monast\u0131r kompleksini ziyar\u0259t edibl\u0259r. \u201cReport\u201dun Q\u0259rb m\u0259rk\u0259zinin m\u0259lumat\u0131na g\u00f6r\u0259, onlar Milad bayram\u0131 il\u0259 \u0259laq\u0259dar Xudav\u0259ng monast\u0131r\u0131nda ibad\u0259t edib, dualar oxuyublar. Qeyd ed\u0259k ki, Alban-Udin icmas\u0131n\u0131n \u00fczvl\u0259ri daha \u00f6nc\u0259 d\u0259 Xudav\u0259ng monast\u0131r\u0131n\u0131 ziyar\u0259t edibl\u0259r. Onlar yen\u0259 d\u0259 bura g\u0259l\u0259c\u0259kl\u0259rini v\u0259 daimi m\u00fcq\u0259dd\u0259s m\u0259kanlar\u0131ndan biri olan Xudav\u0259ng monast\u0131r\u0131n\u0131 ziyar\u0259t ed\u0259c\u0259kl\u0259rini bildiribl\u0259r.<\/p>\n","protected":false},"author":2,"featured_media":268423,"comment_status":"closed","ping_status":"closed","sticky":false,"template":"","format":"standard","meta":{"om_disable_all_campaigns":false,"_monsterinsights_skip_tracking":false,"_monsterinsights_sitenote_active":false,"_monsterinsights_sitenote_note":"","_monsterinsights_sitenote_category":0},"categories":[10],"tags":[],"aioseo_notices":[],"gutentor_comment":0,"rttpg_featured_image_url":{"full":["https:\/\/arantv.az\/wp-content\/uploads\/2021\/01\/a731104d-90b3-3ee0-b446-977136b548aa_850.jpg",620,387,false],"landscape":["https:\/\/arantv.az\/wp-content\/uploads\/2021\/01\/a731104d-90b3-3ee0-b446-977136b548aa_850.jpg",620,387,false],"portraits":["https:\/\/arantv.az\/wp-content\/uploads\/2021\/01\/a731104d-90b3-3ee0-b446-977136b548aa_850.jpg",620,387,false],"thumbnail":["https:\/\/arantv.az\/wp-content\/uploads\/2021\/01\/a731104d-90b3-3ee0-b446-977136b548aa_850-150x150.jpg",150,150,true],"medium":["https:\/\/arantv.az\/wp-content\/uploads\/2021\/01\/a731104d-90b3-3ee0-b446-977136b548aa_850-300x187.jpg",300,187,true],"large":["https:\/\/arantv.az\/wp-content\/uploads\/2021\/01\/a731104d-90b3-3ee0-b446-977136b548aa_850.jpg",620,387,false],"1536x1536":["https:\/\/arantv.az\/wp-content\/uploads\/2021\/01\/a731104d-90b3-3ee0-b446-977136b548aa_850.jpg",620,387,false],"2048x2048":["https:\/\/arantv.az\/wp-content\/uploads\/2021\/01\/a731104d-90b3-3ee0-b446-977136b548aa_850.jpg",620,387,false],"post-thumbnail":["https:\/\/arantv.az\/wp-content\/uploads\/2021\/01\/a731104d-90b3-3ee0-b446-977136b548aa_850-240x172.jpg",240,172,true],"advps-thumb-one":["https:\/\/arantv.az\/wp-content\/uploads\/2021\/01\/a731104d-90b3-3ee0-b446-977136b548aa_850.jpg",620,387,false]},"rttpg_author":{"display_name":"V\u00fcsal Rafiqo\u011flu","author_link":"https:\/\/arantv.az\/?author=2"},"rttpg_comment":0,"rttpg_category":"<a href=\"https:\/\/arantv.az\/?cat=10\" rel=\"category\">C\u0259bh\u0259d\u0259n X\u0259b\u0259r<\/a>","rttpg_excerpt":"Qafqazdak\u0131 Alban Apostol M\u00fcst\u0259qil Kils\u0259sinin varisi olan Alban-Udin dini icmas\u0131n\u0131n \u00fczvl\u0259ri bu g\u00fcn K\u0259lb\u0259c\u0259r rayonunda olub, orada Xudav\u0259ng monast\u0131r kompleksini ziyar\u0259t edibl\u0259r. \u201cReport\u201dun Q\u0259rb m\u0259rk\u0259zinin m\u0259lumat\u0131na g\u00f6r\u0259, onlar Milad bayram\u0131 il\u0259 \u0259laq\u0259dar Xudav\u0259ng monast\u0131r\u0131nda ibad\u0259t edib, dualar oxuyublar. Qeyd ed\u0259k ki, Alban-Udin icmas\u0131n\u0131n \u00fczvl\u0259ri daha \u00f6nc\u0259 d\u0259 Xudav\u0259ng monast\u0131r\u0131n\u0131 ziyar\u0259t edibl\u0259r. Onlar yen\u0259 d\u0259 bura&hellip;","_links":{"self":[{"href":"https:\/\/arantv.az\/index.php?rest_route=\/wp\/v2\/posts\/268422"}],"collection":[{"href":"https:\/\/arantv.az\/index.php?rest_route=\/wp\/v2\/posts"}],"about":[{"href":"https:\/\/arantv.az\/index.php?rest_route=\/wp\/v2\/types\/post"}],"author":[{"embeddable":true,"href":"https:\/\/arantv.az\/index.php?rest_route=\/wp\/v2\/users\/2"}],"replies":[{"embeddable":true,"href":"https:\/\/arantv.az\/index.php?rest_route=%2Fwp%2Fv2%2Fcomments&post=268422"}],"version-history":[{"count":0,"href":"https:\/\/arantv.az\/index.php?rest_route=\/wp\/v2\/posts\/268422\/revisions"}],"wp:featuredmedia":[{"embeddable":true,"href":"https:\/\/arantv.az\/index.php?rest_route=\/wp\/v2\/media\/268423"}],"wp:attachment":[{"href":"https:\/\/arantv.az\/index.php?rest_route=%2Fwp%2Fv2%2Fmedia&parent=268422"}],"wp:term":[{"taxonomy":"category","embeddable":true,"href":"https:\/\/arantv.az\/index.php?rest_route=%2Fwp%2Fv2%2Fcategories&post=268422"},{"taxonomy":"post_tag","embeddable":true,"href":"https:\/\/arantv.az\/index.php?rest_route=%2Fwp%2Fv2%2Ftags&post=268422"}],"curies":[{"name":"wp","href":"https:\/\/api.w.org\/{rel}","templated":true}]}}