{"id":268426,"date":"2021-01-09T08:18:52","date_gmt":"2021-01-09T05:18:52","guid":{"rendered":"http:\/\/arantv.az\/?p=268426"},"modified":"2021-01-09T08:18:52","modified_gmt":"2021-01-09T05:18:52","slug":"v%c9%99t%c9%99n-muharib%c9%99si-qazisi-az%c9%99rbaycanca-k%c9%99sfiyyatdir-atmayin-deyib-bizi-aldatdilar-video","status":"publish","type":"post","link":"https:\/\/arantv.az\/?p=268426","title":{"rendered":"V\u0259t\u0259n M\u00fcharib\u0259si qazisi: \u201cAz\u0259rbaycanca \u201ck\u0259\u015ffiyyatd\u0131r, atmay\u0131n\u201d deyib, bizi aldatd\u0131lar\u201d &#8211; V\u0130DEO"},"content":{"rendered":"<p>V\u0259t\u0259n M\u00fcharib\u0259sind\u0259 yaralanan qazil\u0259rimizd\u0259n biri Muradxan Oruclu sava\u015fda ba\u015f\u0131na g\u0259l\u0259nl\u0259ri Baku TV-y\u0259 dan\u0131\u015f\u0131b.<\/p>\n<p>Qazimiz\u00a0nec\u0259 yaralanmas\u0131 haqq\u0131nda dan\u0131\u015fark\u0259n bildirib ki, o, q\u0259l\u0259b\u0259y\u0259 bir g\u00fcn qalm\u0131\u015f K\u0259lb\u0259c\u0259rd\u0259 minaya d\u00fc\u015f\u00fcb.<\/p>\n<p>Q\u0259hr\u0259man \u0259sg\u0259rimiz h\u0259m\u00e7inin qeyd edib ki, m\u00fcharib\u0259 d\u00f6vr\u00fcnd\u0259 \u00fc\u00e7 d\u0259f\u0259 m\u00fcxt\u0259lif vaxtlarda d\u00fc\u015fm\u0259n m\u00fchasir\u0259sin\u0259 d\u00fc\u015f\u00fcbl\u0259r:<\/p>\n<div id=\"AdviadNativeVideo0\" class=\"AdviadNativeVideo\"><\/div>\n<p>\u201cQar\u015f\u0131da erm\u0259nil\u0259r oldu\u011funu bilirdik v\u0259 onlar\u0131 at\u0259\u015f\u0259 tutduq. Bird\u0259n Az\u0259rbaycan dilind\u0259 s\u0259s g\u0259ldi ki, atmay\u0131n, k\u0259\u015ffiyyatd\u0131r. \u0130nand\u0131q onlara v\u0259 at\u0259\u015fi saxlad\u0131q. S\u0259n dem\u0259 erm\u0259ni x\u00fcsusi t\u0259yinatl\u0131lar\u0131 imi\u015f v\u0259 bizi aldatd\u0131lar. Az\u0259rbaycan dilind\u0259 \u00e7ox t\u0259miz dan\u0131\u015f\u0131rd\u0131lar. Orda komandirimiz v\u0259 qabaqda ged\u0259n yolda\u015flar\u0131m\u0131z \u015f\u0259hid oldular\u201d.<\/p>\n<p>\u018ftrafl\u0131 Baku TV-nin haz\u0131rlad\u0131\u011f\u0131 reportajda:<\/p>\n<div><iframe loading=\"lazy\" src=\"https:\/\/www.youtube.com\/embed\/v-gS-rYybcI\" width=\"560\" height=\"315\" frameborder=\"0\" allowfullscreen=\"allowfullscreen\" data-mce-fragment=\"1\"><\/iframe><\/div>\n<p>&nbsp;<\/p>\n","protected":false},"excerpt":{"rendered":"<p>V\u0259t\u0259n M\u00fcharib\u0259sind\u0259 yaralanan qazil\u0259rimizd\u0259n biri Muradxan Oruclu sava\u015fda ba\u015f\u0131na g\u0259l\u0259nl\u0259ri Baku TV-y\u0259 dan\u0131\u015f\u0131b. Qazimiz\u00a0nec\u0259 yaralanmas\u0131 haqq\u0131nda dan\u0131\u015fark\u0259n bildirib ki, o, q\u0259l\u0259b\u0259y\u0259 bir g\u00fcn qalm\u0131\u015f K\u0259lb\u0259c\u0259rd\u0259 minaya d\u00fc\u015f\u00fcb. Q\u0259hr\u0259man \u0259sg\u0259rimiz h\u0259m\u00e7inin qeyd edib ki, m\u00fcharib\u0259 d\u00f6vr\u00fcnd\u0259 \u00fc\u00e7 d\u0259f\u0259 m\u00fcxt\u0259lif vaxtlarda d\u00fc\u015fm\u0259n m\u00fchasir\u0259sin\u0259 d\u00fc\u015f\u00fcbl\u0259r: \u201cQar\u015f\u0131da erm\u0259nil\u0259r oldu\u011funu bilirdik v\u0259 onlar\u0131 at\u0259\u015f\u0259 tutduq. Bird\u0259n Az\u0259rbaycan dilind\u0259 s\u0259s g\u0259ldi ki, atmay\u0131n, k\u0259\u015ffiyyatd\u0131r. \u0130nand\u0131q onlara v\u0259 at\u0259\u015fi saxlad\u0131q. S\u0259n dem\u0259 erm\u0259ni x\u00fcsusi t\u0259yinatl\u0131lar\u0131 imi\u015f v\u0259 bizi aldatd\u0131lar. Az\u0259rbaycan dilind\u0259 \u00e7ox t\u0259miz dan\u0131\u015f\u0131rd\u0131lar. Orda komandirimiz v\u0259 qabaqda ged\u0259n yolda\u015flar\u0131m\u0131z \u015f\u0259hid oldular\u201d. \u018ftrafl\u0131 Baku TV-nin haz\u0131rlad\u0131\u011f\u0131 reportajda:&hellip;<\/p>\n","protected":false},"author":2,"featured_media":268427,"comment_status":"closed","ping_status":"closed","sticky":false,"template":"","format":"standard","meta":{"om_disable_all_campaigns":false,"_monsterinsights_skip_tracking":false,"_monsterinsights_sitenote_active":false,"_monsterinsights_sitenote_note":"","_monsterinsights_sitenote_category":0},"categories":[26],"tags":[],"aioseo_notices":[],"gutentor_comment":0,"rttpg_featured_image_url":{"full":["https:\/\/arantv.az\/wp-content\/uploads\/2021\/01\/bea97263-3ef9-4faf-8564-ac68d0440af4.jpg",620,348,false],"landscape":["https:\/\/arantv.az\/wp-content\/uploads\/2021\/01\/bea97263-3ef9-4faf-8564-ac68d0440af4.jpg",620,348,false],"portraits":["https:\/\/arantv.az\/wp-content\/uploads\/2021\/01\/bea97263-3ef9-4faf-8564-ac68d0440af4.jpg",620,348,false],"thumbnail":["https:\/\/arantv.az\/wp-content\/uploads\/2021\/01\/bea97263-3ef9-4faf-8564-ac68d0440af4-150x150.jpg",150,150,true],"medium":["https:\/\/arantv.az\/wp-content\/uploads\/2021\/01\/bea97263-3ef9-4faf-8564-ac68d0440af4-300x168.jpg",300,168,true],"large":["https:\/\/arantv.az\/wp-content\/uploads\/2021\/01\/bea97263-3ef9-4faf-8564-ac68d0440af4.jpg",620,348,false],"1536x1536":["https:\/\/arantv.az\/wp-content\/uploads\/2021\/01\/bea97263-3ef9-4faf-8564-ac68d0440af4.jpg",620,348,false],"2048x2048":["https:\/\/arantv.az\/wp-content\/uploads\/2021\/01\/bea97263-3ef9-4faf-8564-ac68d0440af4.jpg",620,348,false],"post-thumbnail":["https:\/\/arantv.az\/wp-content\/uploads\/2021\/01\/bea97263-3ef9-4faf-8564-ac68d0440af4-240x172.jpg",240,172,true],"advps-thumb-one":["https:\/\/arantv.az\/wp-content\/uploads\/2021\/01\/bea97263-3ef9-4faf-8564-ac68d0440af4.jpg",620,348,false]},"rttpg_author":{"display_name":"V\u00fcsal Rafiqo\u011flu","author_link":"https:\/\/arantv.az\/?author=2"},"rttpg_comment":0,"rttpg_category":"<a href=\"https:\/\/arantv.az\/?cat=26\" rel=\"category\">Sosial<\/a>","rttpg_excerpt":"V\u0259t\u0259n M\u00fcharib\u0259sind\u0259 yaralanan qazil\u0259rimizd\u0259n biri Muradxan Oruclu sava\u015fda ba\u015f\u0131na g\u0259l\u0259nl\u0259ri Baku TV-y\u0259 dan\u0131\u015f\u0131b. Qazimiz\u00a0nec\u0259 yaralanmas\u0131 haqq\u0131nda dan\u0131\u015fark\u0259n bildirib ki, o, q\u0259l\u0259b\u0259y\u0259 bir g\u00fcn qalm\u0131\u015f K\u0259lb\u0259c\u0259rd\u0259 minaya d\u00fc\u015f\u00fcb. Q\u0259hr\u0259man \u0259sg\u0259rimiz h\u0259m\u00e7inin qeyd edib ki, m\u00fcharib\u0259 d\u00f6vr\u00fcnd\u0259 \u00fc\u00e7 d\u0259f\u0259 m\u00fcxt\u0259lif vaxtlarda d\u00fc\u015fm\u0259n m\u00fchasir\u0259sin\u0259 d\u00fc\u015f\u00fcbl\u0259r: \u201cQar\u015f\u0131da erm\u0259nil\u0259r oldu\u011funu bilirdik v\u0259 onlar\u0131 at\u0259\u015f\u0259 tutduq. Bird\u0259n Az\u0259rbaycan dilind\u0259 s\u0259s g\u0259ldi&hellip;","_links":{"self":[{"href":"https:\/\/arantv.az\/index.php?rest_route=\/wp\/v2\/posts\/268426"}],"collection":[{"href":"https:\/\/arantv.az\/index.php?rest_route=\/wp\/v2\/posts"}],"about":[{"href":"https:\/\/arantv.az\/index.php?rest_route=\/wp\/v2\/types\/post"}],"author":[{"embeddable":true,"href":"https:\/\/arantv.az\/index.php?rest_route=\/wp\/v2\/users\/2"}],"replies":[{"embeddable":true,"href":"https:\/\/arantv.az\/index.php?rest_route=%2Fwp%2Fv2%2Fcomments&post=268426"}],"version-history":[{"count":0,"href":"https:\/\/arantv.az\/index.php?rest_route=\/wp\/v2\/posts\/268426\/revisions"}],"wp:featuredmedia":[{"embeddable":true,"href":"https:\/\/arantv.az\/index.php?rest_route=\/wp\/v2\/media\/268427"}],"wp:attachment":[{"href":"https:\/\/arantv.az\/index.php?rest_route=%2Fwp%2Fv2%2Fmedia&parent=268426"}],"wp:term":[{"taxonomy":"category","embeddable":true,"href":"https:\/\/arantv.az\/index.php?rest_route=%2Fwp%2Fv2%2Fcategories&post=268426"},{"taxonomy":"post_tag","embeddable":true,"href":"https:\/\/arantv.az\/index.php?rest_route=%2Fwp%2Fv2%2Ftags&post=268426"}],"curies":[{"name":"wp","href":"https:\/\/api.w.org\/{rel}","templated":true}]}}