{"id":268442,"date":"2021-01-09T08:21:25","date_gmt":"2021-01-09T05:21:25","guid":{"rendered":"http:\/\/arantv.az\/?p=268442"},"modified":"2021-01-09T08:21:25","modified_gmt":"2021-01-09T05:21:25","slug":"az%c9%99rbaycanda-ictimai-ias%c9%99-sah%c9%99sind%c9%99-f%c9%99aliyy%c9%99t-gost%c9%99r%c9%99n-sahibkarlara-x%c9%99b%c9%99rdarliq","status":"publish","type":"post","link":"https:\/\/arantv.az\/?p=268442","title":{"rendered":"Az\u0259rbaycanda ictimai ia\u015f\u0259 sah\u0259sind\u0259 f\u0259aliyy\u0259t g\u00f6st\u0259r\u0259n sahibkarlara X\u018fB\u018fRDARLIQ"},"content":{"rendered":"<p>Az\u0259rbaycan Respublikas\u0131n\u0131n Nazirl\u0259r Kabinetinin Q\u0259rar\u0131na \u0259sas\u0259n, ictimai ia\u015f\u0259 sah\u0259sind\u0259 f\u0259aliyy\u0259t g\u00f6st\u0259r\u0259n sahibkarlar\u0131n t\u0259sdiq edilmi\u015f qaydalara daha ciddi \u0259m\u0259l etm\u0259l\u0259ri, ictimai ia\u015f\u0259 obyektind\u0259 koronavirus (COVID-19) infeksiyas\u0131na yoluxma hallar\u0131n\u0131n qar\u015f\u0131s\u0131n\u0131n al\u0131nmas\u0131 m\u0259qs\u0259dil\u0259 qabaqlay\u0131c\u0131 t\u0259dbirl\u0259rin t\u0259\u015fkili, yoluxma hallar\u0131n\u0131n effektiv idar\u0259 edilm\u0259si v\u0259 interaktiv m\u0259lumat m\u00fcbadil\u0259si \u00fc\u00e7\u00fcn ictimai ia\u015f\u0259 obyektl\u0259rin\u0259 n\u0259zar\u0259t \u00fczr\u0259 m\u0259sul \u015f\u0259xs t\u0259yin etm\u0259li v\u0259 h\u0259min \u015f\u0259xs haqq\u0131nda m\u00fcvafiq m\u0259lumatlar\u0131 Agentliy\u0259 t\u0259qdim etm\u0259lidirl\u0259r.<\/p>\n<p>Bu bar\u0259d\u0259 Az\u0259rbaycan Qida T\u0259hl\u00fck\u0259sizliyi Agentliyinin yayd\u0131\u011f\u0131 m\u0259lumatda qeyd olunub.<\/p>\n<div id=\"AdviadNativeVideo0\" class=\"AdviadNativeVideo\"><\/div>\n<p>Bildirilib ki, epidemiya d\u00f6vr\u00fcnd\u0259 ictimai ia\u015f\u0259 sektorunda m\u00fc\u0259yy\u0259n edil\u0259n qaydalara \u0259m\u0259l edilm\u0259si, o c\u00fcml\u0259d\u0259n, m\u0259sul \u015f\u0259xsin m\u00fc\u0259yy\u0259n edil\u0259r\u0259k m\u00fcvafiq m\u0259lumatlar\u0131n AQTA-ya t\u0259qdim edilm\u0259sin\u0259 monitorinql\u0259r zaman\u0131 ciddi n\u0259zar\u0259t edil\u0259c\u0259k.<\/p>\n<p>Monitorinql\u0259r zaman\u0131 bel\u0259 m\u00fc\u0259ssis\u0259l\u0259r a\u015fkar olunduqda onlar\u0131n f\u0259aliyy\u0259tl\u0259ri m\u0259hdudla\u015fd\u0131r\u0131lacaq v\u0259 inzibati c\u0259za t\u0259dbirl\u0259ri g\u00f6r\u00fcl\u0259c\u0259k.<\/p>\n<p>Odur ki, sahibkarlar ictimai ia\u015f\u0259 obyektind\u0259 f\u0259aliyy\u0259t g\u00f6st\u0259r\u0259c\u0259k m\u0259sul \u015f\u0259xs haqq\u0131nda m\u0259lumatlar\u0131 \u0259n q\u0131sa zaman \u0259rzind\u0259 Agentliy\u0259 \u015f\u0259xsi kabinetl\u0259ri vasit\u0259sil\u0259 v\u0259 ya\u00a0monitoring@afsa.gov.az\u00a0elektron po\u00e7t \u00fcnvan\u0131na g\u00f6nd\u0259rilm\u0259sini t\u0259min etm\u0259lidirl\u0259r.<\/p>\n","protected":false},"excerpt":{"rendered":"<p>Az\u0259rbaycan Respublikas\u0131n\u0131n Nazirl\u0259r Kabinetinin Q\u0259rar\u0131na \u0259sas\u0259n, ictimai ia\u015f\u0259 sah\u0259sind\u0259 f\u0259aliyy\u0259t g\u00f6st\u0259r\u0259n sahibkarlar\u0131n t\u0259sdiq edilmi\u015f qaydalara daha ciddi \u0259m\u0259l etm\u0259l\u0259ri, ictimai ia\u015f\u0259 obyektind\u0259 koronavirus (COVID-19) infeksiyas\u0131na yoluxma hallar\u0131n\u0131n qar\u015f\u0131s\u0131n\u0131n al\u0131nmas\u0131 m\u0259qs\u0259dil\u0259 qabaqlay\u0131c\u0131 t\u0259dbirl\u0259rin t\u0259\u015fkili, yoluxma hallar\u0131n\u0131n effektiv idar\u0259 edilm\u0259si v\u0259 interaktiv m\u0259lumat m\u00fcbadil\u0259si \u00fc\u00e7\u00fcn ictimai ia\u015f\u0259 obyektl\u0259rin\u0259 n\u0259zar\u0259t \u00fczr\u0259 m\u0259sul \u015f\u0259xs t\u0259yin etm\u0259li v\u0259 h\u0259min \u015f\u0259xs haqq\u0131nda m\u00fcvafiq m\u0259lumatlar\u0131 Agentliy\u0259 t\u0259qdim etm\u0259lidirl\u0259r. Bu bar\u0259d\u0259 Az\u0259rbaycan Qida T\u0259hl\u00fck\u0259sizliyi Agentliyinin yayd\u0131\u011f\u0131 m\u0259lumatda qeyd olunub. Bildirilib ki, epidemiya d\u00f6vr\u00fcnd\u0259 ictimai ia\u015f\u0259 sektorunda m\u00fc\u0259yy\u0259n edil\u0259n qaydalara \u0259m\u0259l edilm\u0259si, o c\u00fcml\u0259d\u0259n, m\u0259sul \u015f\u0259xsin m\u00fc\u0259yy\u0259n edil\u0259r\u0259k m\u00fcvafiq&hellip;<\/p>\n","protected":false},"author":2,"featured_media":268443,"comment_status":"closed","ping_status":"closed","sticky":false,"template":"","format":"standard","meta":{"om_disable_all_campaigns":false,"_monsterinsights_skip_tracking":false,"_monsterinsights_sitenote_active":false,"_monsterinsights_sitenote_note":"","_monsterinsights_sitenote_category":0},"categories":[26],"tags":[],"aioseo_notices":[],"gutentor_comment":0,"rttpg_featured_image_url":{"full":["https:\/\/arantv.az\/wp-content\/uploads\/2021\/01\/11111111.jpg",620,310,false],"landscape":["https:\/\/arantv.az\/wp-content\/uploads\/2021\/01\/11111111.jpg",620,310,false],"portraits":["https:\/\/arantv.az\/wp-content\/uploads\/2021\/01\/11111111.jpg",620,310,false],"thumbnail":["https:\/\/arantv.az\/wp-content\/uploads\/2021\/01\/11111111-150x150.jpg",150,150,true],"medium":["https:\/\/arantv.az\/wp-content\/uploads\/2021\/01\/11111111-300x150.jpg",300,150,true],"large":["https:\/\/arantv.az\/wp-content\/uploads\/2021\/01\/11111111.jpg",620,310,false],"1536x1536":["https:\/\/arantv.az\/wp-content\/uploads\/2021\/01\/11111111.jpg",620,310,false],"2048x2048":["https:\/\/arantv.az\/wp-content\/uploads\/2021\/01\/11111111.jpg",620,310,false],"post-thumbnail":["https:\/\/arantv.az\/wp-content\/uploads\/2021\/01\/11111111-240x172.jpg",240,172,true],"advps-thumb-one":["https:\/\/arantv.az\/wp-content\/uploads\/2021\/01\/11111111.jpg",620,310,false]},"rttpg_author":{"display_name":"V\u00fcsal Rafiqo\u011flu","author_link":"https:\/\/arantv.az\/?author=2"},"rttpg_comment":0,"rttpg_category":"<a href=\"https:\/\/arantv.az\/?cat=26\" rel=\"category\">Sosial<\/a>","rttpg_excerpt":"Az\u0259rbaycan Respublikas\u0131n\u0131n Nazirl\u0259r Kabinetinin Q\u0259rar\u0131na \u0259sas\u0259n, ictimai ia\u015f\u0259 sah\u0259sind\u0259 f\u0259aliyy\u0259t g\u00f6st\u0259r\u0259n sahibkarlar\u0131n t\u0259sdiq edilmi\u015f qaydalara daha ciddi \u0259m\u0259l etm\u0259l\u0259ri, ictimai ia\u015f\u0259 obyektind\u0259 koronavirus (COVID-19) infeksiyas\u0131na yoluxma hallar\u0131n\u0131n qar\u015f\u0131s\u0131n\u0131n al\u0131nmas\u0131 m\u0259qs\u0259dil\u0259 qabaqlay\u0131c\u0131 t\u0259dbirl\u0259rin t\u0259\u015fkili, yoluxma hallar\u0131n\u0131n effektiv idar\u0259 edilm\u0259si v\u0259 interaktiv m\u0259lumat m\u00fcbadil\u0259si \u00fc\u00e7\u00fcn ictimai ia\u015f\u0259 obyektl\u0259rin\u0259 n\u0259zar\u0259t \u00fczr\u0259 m\u0259sul \u015f\u0259xs t\u0259yin etm\u0259li v\u0259 h\u0259min \u015f\u0259xs&hellip;","_links":{"self":[{"href":"https:\/\/arantv.az\/index.php?rest_route=\/wp\/v2\/posts\/268442"}],"collection":[{"href":"https:\/\/arantv.az\/index.php?rest_route=\/wp\/v2\/posts"}],"about":[{"href":"https:\/\/arantv.az\/index.php?rest_route=\/wp\/v2\/types\/post"}],"author":[{"embeddable":true,"href":"https:\/\/arantv.az\/index.php?rest_route=\/wp\/v2\/users\/2"}],"replies":[{"embeddable":true,"href":"https:\/\/arantv.az\/index.php?rest_route=%2Fwp%2Fv2%2Fcomments&post=268442"}],"version-history":[{"count":0,"href":"https:\/\/arantv.az\/index.php?rest_route=\/wp\/v2\/posts\/268442\/revisions"}],"wp:featuredmedia":[{"embeddable":true,"href":"https:\/\/arantv.az\/index.php?rest_route=\/wp\/v2\/media\/268443"}],"wp:attachment":[{"href":"https:\/\/arantv.az\/index.php?rest_route=%2Fwp%2Fv2%2Fmedia&parent=268442"}],"wp:term":[{"taxonomy":"category","embeddable":true,"href":"https:\/\/arantv.az\/index.php?rest_route=%2Fwp%2Fv2%2Fcategories&post=268442"},{"taxonomy":"post_tag","embeddable":true,"href":"https:\/\/arantv.az\/index.php?rest_route=%2Fwp%2Fv2%2Ftags&post=268442"}],"curies":[{"name":"wp","href":"https:\/\/api.w.org\/{rel}","templated":true}]}}