{"id":268450,"date":"2021-01-09T08:22:37","date_gmt":"2021-01-09T05:22:37","guid":{"rendered":"http:\/\/arantv.az\/?p=268450"},"modified":"2021-01-09T08:22:37","modified_gmt":"2021-01-09T05:22:37","slug":"erm%c9%99nistanda-bohran-nazirlikl%c9%99r-bir-birinin-dediyini-q%c9%99bul-etmir-video","status":"publish","type":"post","link":"https:\/\/arantv.az\/?p=268450","title":{"rendered":"Erm\u0259nistanda b\u00f6hran: Nazirlikl\u0259r bir-birinin dediyini q\u0259bul etmir &#8211; V\u0130DEO"},"content":{"rendered":"<article class=\"news\">\n<div class=\"news-inner\">\n<p>M\u00fcharib\u0259d\u0259n sonra b\u00f6hran i\u00e7ind\u0259 qalan Erm\u0259nistan pandemiyan\u0131n yaratd\u0131\u011f\u0131 m\u0259hdudiyy\u0259tl\u0259ri qald\u0131ra bilmir. Erm\u0259nistan\u0131n \u0130qtisadiyyat nazirliyi S\u0259hiyy\u0259 Nazirliyinin t\u0259klif etdiyi q\u0259rarla raz\u0131la\u015fmay\u0131b.<\/p>\n<p>Ba\u015fqa sah\u0259l\u0259rd\u0259 oldu\u011fu kimi, iqtisadi bax\u0131mdan da b\u00fcdr\u0259y\u0259n Erm\u0259nistan art\u0131q pandemiyaya tab g\u0259tir\u0259 bilmir. Bel\u0259 ki, Erm\u0259nistan\u0131n m\u00fcharib\u0259d\u0259 itirdikl\u0259ri milyardlarla dollar \u00f6lk\u0259 \u00fc\u00e7\u00fcn sars\u0131d\u0131c\u0131 z\u0259rb\u0259 oldu.<\/p>\n<div id=\"AdviadNativeVideo0\" class=\"AdviadNativeVideo\"><\/div>\n<p>Bel\u0259 olan halda, yenid\u0259n alt\u0131 ayl\u0131q karantin rejimin\u0259 qay\u0131tmaq Erm\u0259nistan iqtisadiyyat\u0131 \u00fc\u00e7\u00fcn son dem\u0259kdir. Erm\u0259nistan\u0131n \u0130qtisadiyyat naziri Vaan Kerobyan da bu fikirl\u0259 raz\u0131d\u0131r.<\/p>\n<p>O, yerli telekanallar\u0131n birin\u0259 a\u00e7\u0131qlamas\u0131nda deyib ki, \u0130qtisadiyyat Nazirliyi S\u0259hiyy\u0259 Nazirliyinin pandemiya il\u0259 \u0259laq\u0259dar karantinin daha alt\u0131 ay uzad\u0131lmas\u0131 bar\u0259d\u0259 t\u0259qdim etdiyi qanun layih\u0259sin\u0259 qar\u015f\u0131d\u0131r.<\/p>\n<p>Daha \u0259trafl\u0131 Baku TV-nin videos\u00fcjetind\u0259:<\/p>\n<div><iframe loading=\"lazy\" src=\"https:\/\/www.youtube.com\/embed\/LDHTHiyFWDA\" width=\"560\" height=\"315\" frameborder=\"0\" allowfullscreen=\"allowfullscreen\" data-mce-fragment=\"1\"><\/iframe><\/div>\n<\/div>\n<\/article>\n<h2 class=\"news-share-title\"><\/h2>\n","protected":false},"excerpt":{"rendered":"<p>M\u00fcharib\u0259d\u0259n sonra b\u00f6hran i\u00e7ind\u0259 qalan Erm\u0259nistan pandemiyan\u0131n yaratd\u0131\u011f\u0131 m\u0259hdudiyy\u0259tl\u0259ri qald\u0131ra bilmir. Erm\u0259nistan\u0131n \u0130qtisadiyyat nazirliyi S\u0259hiyy\u0259 Nazirliyinin t\u0259klif etdiyi q\u0259rarla raz\u0131la\u015fmay\u0131b. Ba\u015fqa sah\u0259l\u0259rd\u0259 oldu\u011fu kimi, iqtisadi bax\u0131mdan da b\u00fcdr\u0259y\u0259n Erm\u0259nistan art\u0131q pandemiyaya tab g\u0259tir\u0259 bilmir. Bel\u0259 ki, Erm\u0259nistan\u0131n m\u00fcharib\u0259d\u0259 itirdikl\u0259ri milyardlarla dollar \u00f6lk\u0259 \u00fc\u00e7\u00fcn sars\u0131d\u0131c\u0131 z\u0259rb\u0259 oldu. Bel\u0259 olan halda, yenid\u0259n alt\u0131 ayl\u0131q karantin rejimin\u0259 qay\u0131tmaq Erm\u0259nistan iqtisadiyyat\u0131 \u00fc\u00e7\u00fcn son dem\u0259kdir. Erm\u0259nistan\u0131n \u0130qtisadiyyat naziri Vaan Kerobyan da bu fikirl\u0259 raz\u0131d\u0131r. O, yerli telekanallar\u0131n birin\u0259 a\u00e7\u0131qlamas\u0131nda deyib ki, \u0130qtisadiyyat Nazirliyi S\u0259hiyy\u0259 Nazirliyinin pandemiya il\u0259 \u0259laq\u0259dar karantinin daha alt\u0131 ay uzad\u0131lmas\u0131 bar\u0259d\u0259 t\u0259qdim&hellip;<\/p>\n","protected":false},"author":2,"featured_media":268451,"comment_status":"closed","ping_status":"closed","sticky":false,"template":"","format":"standard","meta":{"om_disable_all_campaigns":false,"_monsterinsights_skip_tracking":false,"_monsterinsights_sitenote_active":false,"_monsterinsights_sitenote_note":"","_monsterinsights_sitenote_category":0},"categories":[7],"tags":[],"aioseo_notices":[],"gutentor_comment":0,"rttpg_featured_image_url":{"full":["https:\/\/arantv.az\/wp-content\/uploads\/2021\/01\/WhatsApp-Image-2021-01-08-at-19.08.32.jpg",620,348,false],"landscape":["https:\/\/arantv.az\/wp-content\/uploads\/2021\/01\/WhatsApp-Image-2021-01-08-at-19.08.32.jpg",620,348,false],"portraits":["https:\/\/arantv.az\/wp-content\/uploads\/2021\/01\/WhatsApp-Image-2021-01-08-at-19.08.32.jpg",620,348,false],"thumbnail":["https:\/\/arantv.az\/wp-content\/uploads\/2021\/01\/WhatsApp-Image-2021-01-08-at-19.08.32-150x150.jpg",150,150,true],"medium":["https:\/\/arantv.az\/wp-content\/uploads\/2021\/01\/WhatsApp-Image-2021-01-08-at-19.08.32-300x168.jpg",300,168,true],"large":["https:\/\/arantv.az\/wp-content\/uploads\/2021\/01\/WhatsApp-Image-2021-01-08-at-19.08.32.jpg",620,348,false],"1536x1536":["https:\/\/arantv.az\/wp-content\/uploads\/2021\/01\/WhatsApp-Image-2021-01-08-at-19.08.32.jpg",620,348,false],"2048x2048":["https:\/\/arantv.az\/wp-content\/uploads\/2021\/01\/WhatsApp-Image-2021-01-08-at-19.08.32.jpg",620,348,false],"post-thumbnail":["https:\/\/arantv.az\/wp-content\/uploads\/2021\/01\/WhatsApp-Image-2021-01-08-at-19.08.32-240x172.jpg",240,172,true],"advps-thumb-one":["https:\/\/arantv.az\/wp-content\/uploads\/2021\/01\/WhatsApp-Image-2021-01-08-at-19.08.32.jpg",620,348,false]},"rttpg_author":{"display_name":"V\u00fcsal Rafiqo\u011flu","author_link":"https:\/\/arantv.az\/?author=2"},"rttpg_comment":0,"rttpg_category":"<a href=\"https:\/\/arantv.az\/?cat=7\" rel=\"category\">D\u00fcnya<\/a>","rttpg_excerpt":"M\u00fcharib\u0259d\u0259n sonra b\u00f6hran i\u00e7ind\u0259 qalan Erm\u0259nistan pandemiyan\u0131n yaratd\u0131\u011f\u0131 m\u0259hdudiyy\u0259tl\u0259ri qald\u0131ra bilmir. Erm\u0259nistan\u0131n \u0130qtisadiyyat nazirliyi S\u0259hiyy\u0259 Nazirliyinin t\u0259klif etdiyi q\u0259rarla raz\u0131la\u015fmay\u0131b. Ba\u015fqa sah\u0259l\u0259rd\u0259 oldu\u011fu kimi, iqtisadi bax\u0131mdan da b\u00fcdr\u0259y\u0259n Erm\u0259nistan art\u0131q pandemiyaya tab g\u0259tir\u0259 bilmir. Bel\u0259 ki, Erm\u0259nistan\u0131n m\u00fcharib\u0259d\u0259 itirdikl\u0259ri milyardlarla dollar \u00f6lk\u0259 \u00fc\u00e7\u00fcn sars\u0131d\u0131c\u0131 z\u0259rb\u0259 oldu. Bel\u0259 olan halda, yenid\u0259n alt\u0131 ayl\u0131q karantin rejimin\u0259 qay\u0131tmaq&hellip;","_links":{"self":[{"href":"https:\/\/arantv.az\/index.php?rest_route=\/wp\/v2\/posts\/268450"}],"collection":[{"href":"https:\/\/arantv.az\/index.php?rest_route=\/wp\/v2\/posts"}],"about":[{"href":"https:\/\/arantv.az\/index.php?rest_route=\/wp\/v2\/types\/post"}],"author":[{"embeddable":true,"href":"https:\/\/arantv.az\/index.php?rest_route=\/wp\/v2\/users\/2"}],"replies":[{"embeddable":true,"href":"https:\/\/arantv.az\/index.php?rest_route=%2Fwp%2Fv2%2Fcomments&post=268450"}],"version-history":[{"count":0,"href":"https:\/\/arantv.az\/index.php?rest_route=\/wp\/v2\/posts\/268450\/revisions"}],"wp:featuredmedia":[{"embeddable":true,"href":"https:\/\/arantv.az\/index.php?rest_route=\/wp\/v2\/media\/268451"}],"wp:attachment":[{"href":"https:\/\/arantv.az\/index.php?rest_route=%2Fwp%2Fv2%2Fmedia&parent=268450"}],"wp:term":[{"taxonomy":"category","embeddable":true,"href":"https:\/\/arantv.az\/index.php?rest_route=%2Fwp%2Fv2%2Fcategories&post=268450"},{"taxonomy":"post_tag","embeddable":true,"href":"https:\/\/arantv.az\/index.php?rest_route=%2Fwp%2Fv2%2Ftags&post=268450"}],"curies":[{"name":"wp","href":"https:\/\/api.w.org\/{rel}","templated":true}]}}