{"id":268454,"date":"2021-01-09T08:23:08","date_gmt":"2021-01-09T05:23:08","guid":{"rendered":"http:\/\/arantv.az\/?p=268454"},"modified":"2021-01-09T08:23:08","modified_gmt":"2021-01-09T05:23:08","slug":"dunya-sohr%c9%99tli-fotoqraf-dahi-s%c9%99n%c9%99tkar-bulbulun-susada-yerl%c9%99s%c9%99n-ev-muzeyind%c9%99-foto","status":"publish","type":"post","link":"https:\/\/arantv.az\/?p=268454","title":{"rendered":"D\u00fcnya \u015f\u00f6hr\u0259tli fotoqraf dahi s\u0259n\u0259tkar B\u00fclb\u00fcl\u00fcn \u015eu\u015fada yerl\u0259\u015f\u0259n ev muzeyind\u0259 &#8211; FOTO"},"content":{"rendered":"<p>D\u00fcnyaca m\u0259\u015fhur fotoqraf Reza Deqati n\u00f6vb\u0259ti d\u0259f\u0259 i\u015f\u011faldan azad edil\u0259n \u0259razil\u0259rimizd\u0259n maraql\u0131 fotolar \u00e7\u0259kib.<\/p>\n<p>Bu bar\u0259d\u0259 fotoqraf \u201cTwitter\u201d hesab\u0131nda payla\u015f\u0131m edib.<\/p>\n<div id=\"AdviadNativeVideo0\" class=\"AdviadNativeVideo\"><\/div>\n<p>R.\u00a0Deqati\u00a0B\u00fclb\u00fcl\u00fcn \u015eu\u015fada yerl\u0259\u015f\u0259n evini, dahi s\u0259n\u0259tkar\u0131n s\u0131nd\u0131r\u0131lm\u0131\u015f b\u00fcst\u00fcn\u00fc fotokameras\u0131n\u0131n yadda\u015f\u0131na\u00a0k\u00f6\u00e7\u00fcr\u00fcb.<\/p>\n<div>\n<div class=\"twitter-tweet twitter-tweet-rendered\"><iframe id=\"twitter-widget-0\" class=\"\" title=\"Twitter Tweet\" src=\"https:\/\/platform.twitter.com\/embed\/index.html?creatorScreenName=oxuaz&amp;dnt=false&amp;embedId=twitter-widget-0&amp;frame=false&amp;hideCard=false&amp;hideThread=false&amp;id=1347548130959650822&amp;lang=en&amp;origin=https%3A%2F%2Foxu.az%2Fsociety%2F456065&amp;siteScreenName=oxuaz&amp;theme=light&amp;widgetsVersion=ed20a2b%3A1601588405575&amp;width=550px\" frameborder=\"0\" scrolling=\"no\" allowfullscreen=\"allowfullscreen\" data-tweet-id=\"1347548130959650822\" data-mce-fragment=\"1\"><\/iframe><\/div>\n<\/div>\n<p>&nbsp;<\/p>\n","protected":false},"excerpt":{"rendered":"<p>D\u00fcnyaca m\u0259\u015fhur fotoqraf Reza Deqati n\u00f6vb\u0259ti d\u0259f\u0259 i\u015f\u011faldan azad edil\u0259n \u0259razil\u0259rimizd\u0259n maraql\u0131 fotolar \u00e7\u0259kib. Bu bar\u0259d\u0259 fotoqraf \u201cTwitter\u201d hesab\u0131nda payla\u015f\u0131m edib. R.\u00a0Deqati\u00a0B\u00fclb\u00fcl\u00fcn \u015eu\u015fada yerl\u0259\u015f\u0259n evini, dahi s\u0259n\u0259tkar\u0131n s\u0131nd\u0131r\u0131lm\u0131\u015f b\u00fcst\u00fcn\u00fc fotokameras\u0131n\u0131n yadda\u015f\u0131na\u00a0k\u00f6\u00e7\u00fcr\u00fcb. &nbsp;<\/p>\n","protected":false},"author":2,"featured_media":268455,"comment_status":"closed","ping_status":"closed","sticky":false,"template":"","format":"standard","meta":{"om_disable_all_campaigns":false,"_monsterinsights_skip_tracking":false,"_monsterinsights_sitenote_active":false,"_monsterinsights_sitenote_note":"","_monsterinsights_sitenote_category":0},"categories":[10],"tags":[],"aioseo_notices":[],"gutentor_comment":0,"rttpg_featured_image_url":{"full":["https:\/\/arantv.az\/wp-content\/uploads\/2021\/01\/ErNzvB0XcAMPXfg.jpg",620,413,false],"landscape":["https:\/\/arantv.az\/wp-content\/uploads\/2021\/01\/ErNzvB0XcAMPXfg.jpg",620,413,false],"portraits":["https:\/\/arantv.az\/wp-content\/uploads\/2021\/01\/ErNzvB0XcAMPXfg.jpg",620,413,false],"thumbnail":["https:\/\/arantv.az\/wp-content\/uploads\/2021\/01\/ErNzvB0XcAMPXfg-150x150.jpg",150,150,true],"medium":["https:\/\/arantv.az\/wp-content\/uploads\/2021\/01\/ErNzvB0XcAMPXfg-300x200.jpg",300,200,true],"large":["https:\/\/arantv.az\/wp-content\/uploads\/2021\/01\/ErNzvB0XcAMPXfg.jpg",620,413,false],"1536x1536":["https:\/\/arantv.az\/wp-content\/uploads\/2021\/01\/ErNzvB0XcAMPXfg.jpg",620,413,false],"2048x2048":["https:\/\/arantv.az\/wp-content\/uploads\/2021\/01\/ErNzvB0XcAMPXfg.jpg",620,413,false],"post-thumbnail":["https:\/\/arantv.az\/wp-content\/uploads\/2021\/01\/ErNzvB0XcAMPXfg-240x172.jpg",240,172,true],"advps-thumb-one":["https:\/\/arantv.az\/wp-content\/uploads\/2021\/01\/ErNzvB0XcAMPXfg.jpg",620,413,false]},"rttpg_author":{"display_name":"V\u00fcsal Rafiqo\u011flu","author_link":"https:\/\/arantv.az\/?author=2"},"rttpg_comment":0,"rttpg_category":"<a href=\"https:\/\/arantv.az\/?cat=10\" rel=\"category\">C\u0259bh\u0259d\u0259n X\u0259b\u0259r<\/a>","rttpg_excerpt":"D\u00fcnyaca m\u0259\u015fhur fotoqraf Reza Deqati n\u00f6vb\u0259ti d\u0259f\u0259 i\u015f\u011faldan azad edil\u0259n \u0259razil\u0259rimizd\u0259n maraql\u0131 fotolar \u00e7\u0259kib. Bu bar\u0259d\u0259 fotoqraf \u201cTwitter\u201d hesab\u0131nda payla\u015f\u0131m edib. R.\u00a0Deqati\u00a0B\u00fclb\u00fcl\u00fcn \u015eu\u015fada yerl\u0259\u015f\u0259n evini, dahi s\u0259n\u0259tkar\u0131n s\u0131nd\u0131r\u0131lm\u0131\u015f b\u00fcst\u00fcn\u00fc fotokameras\u0131n\u0131n yadda\u015f\u0131na\u00a0k\u00f6\u00e7\u00fcr\u00fcb. &nbsp;","_links":{"self":[{"href":"https:\/\/arantv.az\/index.php?rest_route=\/wp\/v2\/posts\/268454"}],"collection":[{"href":"https:\/\/arantv.az\/index.php?rest_route=\/wp\/v2\/posts"}],"about":[{"href":"https:\/\/arantv.az\/index.php?rest_route=\/wp\/v2\/types\/post"}],"author":[{"embeddable":true,"href":"https:\/\/arantv.az\/index.php?rest_route=\/wp\/v2\/users\/2"}],"replies":[{"embeddable":true,"href":"https:\/\/arantv.az\/index.php?rest_route=%2Fwp%2Fv2%2Fcomments&post=268454"}],"version-history":[{"count":0,"href":"https:\/\/arantv.az\/index.php?rest_route=\/wp\/v2\/posts\/268454\/revisions"}],"wp:featuredmedia":[{"embeddable":true,"href":"https:\/\/arantv.az\/index.php?rest_route=\/wp\/v2\/media\/268455"}],"wp:attachment":[{"href":"https:\/\/arantv.az\/index.php?rest_route=%2Fwp%2Fv2%2Fmedia&parent=268454"}],"wp:term":[{"taxonomy":"category","embeddable":true,"href":"https:\/\/arantv.az\/index.php?rest_route=%2Fwp%2Fv2%2Fcategories&post=268454"},{"taxonomy":"post_tag","embeddable":true,"href":"https:\/\/arantv.az\/index.php?rest_route=%2Fwp%2Fv2%2Ftags&post=268454"}],"curies":[{"name":"wp","href":"https:\/\/api.w.org\/{rel}","templated":true}]}}