{"id":268461,"date":"2021-01-09T08:24:32","date_gmt":"2021-01-09T05:24:32","guid":{"rendered":"http:\/\/arantv.az\/?p=268461"},"modified":"2021-01-09T08:24:32","modified_gmt":"2021-01-09T05:24:32","slug":"erm%c9%99nistan-xin-az%c9%99rbaycan-v%c9%99t%c9%99ndaslari-olk%c9%99miz%c9%99-g%c9%99l%c9%99-bil%c9%99r-video","status":"publish","type":"post","link":"https:\/\/arantv.az\/?p=268461","title":{"rendered":"Erm\u0259nistan X\u0130N: \u201cAz\u0259rbaycan v\u0259t\u0259nda\u015flar\u0131 \u00f6lk\u0259miz\u0259 g\u0259l\u0259 bil\u0259r\u201d &#8211; V\u0130DEO"},"content":{"rendered":"<article class=\"news\">\n<div class=\"news-inner\">\n<p>Az\u0259rbaycanl\u0131lar\u0131n Erm\u0259nistana s\u0259f\u0259r etm\u0259si \u00fc\u00e7\u00fcn viza sistemi l\u0259\u011fv olunub. Bununla ba\u011fl\u0131 Erm\u0259nistan X\u0130N sayt\u0131nda d\u0259yi\u015fiklik edilib.<\/p>\n<div id=\"AdviadNativeVideo0\" class=\"AdviadNativeVideo\"><\/div>\n<p>B\u0259s bu x\u0259b\u0259r reall\u0131\u011f\u0131 n\u0259 d\u0259r\u0259c\u0259d\u0259 \u0259ks etdirir?<\/p>\n<p>M\u0259s\u0259l\u0259 il\u0259 ba\u011fl\u0131 Baku TV reportaj haz\u0131rlay\u0131b. S\u00fcjetd\u0259 politoloqlar\u0131n m\u0259s\u0259l\u0259 il\u0259 ba\u011fl\u0131 fikirl\u0259ri, eyni zamanda Az\u0259baycan X\u0130N m\u0259tbuat xidm\u0259tinin r\u0259hb\u0259ri Leyla Abdullayevan\u0131n a\u00e7\u0131qlamalar\u0131 yer al\u0131b.<\/p>\n<div><iframe loading=\"lazy\" src=\"https:\/\/www.youtube.com\/embed\/YZ0m35vkja8\" width=\"560\" height=\"315\" frameborder=\"0\" allowfullscreen=\"allowfullscreen\" data-mce-fragment=\"1\"><\/iframe><\/div>\n<\/div>\n<\/article>\n<h2 class=\"news-share-title\"><\/h2>\n","protected":false},"excerpt":{"rendered":"<p>Az\u0259rbaycanl\u0131lar\u0131n Erm\u0259nistana s\u0259f\u0259r etm\u0259si \u00fc\u00e7\u00fcn viza sistemi l\u0259\u011fv olunub. Bununla ba\u011fl\u0131 Erm\u0259nistan X\u0130N sayt\u0131nda d\u0259yi\u015fiklik edilib. B\u0259s bu x\u0259b\u0259r reall\u0131\u011f\u0131 n\u0259 d\u0259r\u0259c\u0259d\u0259 \u0259ks etdirir? M\u0259s\u0259l\u0259 il\u0259 ba\u011fl\u0131 Baku TV reportaj haz\u0131rlay\u0131b. S\u00fcjetd\u0259 politoloqlar\u0131n m\u0259s\u0259l\u0259 il\u0259 ba\u011fl\u0131 fikirl\u0259ri, eyni zamanda Az\u0259baycan X\u0130N m\u0259tbuat xidm\u0259tinin r\u0259hb\u0259ri Leyla Abdullayevan\u0131n a\u00e7\u0131qlamalar\u0131 yer al\u0131b.<\/p>\n","protected":false},"author":2,"featured_media":268462,"comment_status":"closed","ping_status":"closed","sticky":false,"template":"","format":"standard","meta":{"om_disable_all_campaigns":false,"_monsterinsights_skip_tracking":false,"_monsterinsights_sitenote_active":false,"_monsterinsights_sitenote_note":"","_monsterinsights_sitenote_category":0},"categories":[4],"tags":[],"aioseo_notices":[],"gutentor_comment":0,"rttpg_featured_image_url":{"full":["https:\/\/arantv.az\/wp-content\/uploads\/2021\/01\/Viza1.jpg",590,280,false],"landscape":["https:\/\/arantv.az\/wp-content\/uploads\/2021\/01\/Viza1.jpg",590,280,false],"portraits":["https:\/\/arantv.az\/wp-content\/uploads\/2021\/01\/Viza1.jpg",590,280,false],"thumbnail":["https:\/\/arantv.az\/wp-content\/uploads\/2021\/01\/Viza1-150x150.jpg",150,150,true],"medium":["https:\/\/arantv.az\/wp-content\/uploads\/2021\/01\/Viza1-300x142.jpg",300,142,true],"large":["https:\/\/arantv.az\/wp-content\/uploads\/2021\/01\/Viza1.jpg",590,280,false],"1536x1536":["https:\/\/arantv.az\/wp-content\/uploads\/2021\/01\/Viza1.jpg",590,280,false],"2048x2048":["https:\/\/arantv.az\/wp-content\/uploads\/2021\/01\/Viza1.jpg",590,280,false],"post-thumbnail":["https:\/\/arantv.az\/wp-content\/uploads\/2021\/01\/Viza1-240x172.jpg",240,172,true],"advps-thumb-one":["https:\/\/arantv.az\/wp-content\/uploads\/2021\/01\/Viza1.jpg",590,280,false]},"rttpg_author":{"display_name":"V\u00fcsal Rafiqo\u011flu","author_link":"https:\/\/arantv.az\/?author=2"},"rttpg_comment":0,"rttpg_category":"<a href=\"https:\/\/arantv.az\/?cat=4\" rel=\"category\">Siyas\u0259t<\/a>","rttpg_excerpt":"Az\u0259rbaycanl\u0131lar\u0131n Erm\u0259nistana s\u0259f\u0259r etm\u0259si \u00fc\u00e7\u00fcn viza sistemi l\u0259\u011fv olunub. Bununla ba\u011fl\u0131 Erm\u0259nistan X\u0130N sayt\u0131nda d\u0259yi\u015fiklik edilib. B\u0259s bu x\u0259b\u0259r reall\u0131\u011f\u0131 n\u0259 d\u0259r\u0259c\u0259d\u0259 \u0259ks etdirir? M\u0259s\u0259l\u0259 il\u0259 ba\u011fl\u0131 Baku TV reportaj haz\u0131rlay\u0131b. S\u00fcjetd\u0259 politoloqlar\u0131n m\u0259s\u0259l\u0259 il\u0259 ba\u011fl\u0131 fikirl\u0259ri, eyni zamanda Az\u0259baycan X\u0130N m\u0259tbuat xidm\u0259tinin r\u0259hb\u0259ri Leyla Abdullayevan\u0131n a\u00e7\u0131qlamalar\u0131 yer al\u0131b.","_links":{"self":[{"href":"https:\/\/arantv.az\/index.php?rest_route=\/wp\/v2\/posts\/268461"}],"collection":[{"href":"https:\/\/arantv.az\/index.php?rest_route=\/wp\/v2\/posts"}],"about":[{"href":"https:\/\/arantv.az\/index.php?rest_route=\/wp\/v2\/types\/post"}],"author":[{"embeddable":true,"href":"https:\/\/arantv.az\/index.php?rest_route=\/wp\/v2\/users\/2"}],"replies":[{"embeddable":true,"href":"https:\/\/arantv.az\/index.php?rest_route=%2Fwp%2Fv2%2Fcomments&post=268461"}],"version-history":[{"count":0,"href":"https:\/\/arantv.az\/index.php?rest_route=\/wp\/v2\/posts\/268461\/revisions"}],"wp:featuredmedia":[{"embeddable":true,"href":"https:\/\/arantv.az\/index.php?rest_route=\/wp\/v2\/media\/268462"}],"wp:attachment":[{"href":"https:\/\/arantv.az\/index.php?rest_route=%2Fwp%2Fv2%2Fmedia&parent=268461"}],"wp:term":[{"taxonomy":"category","embeddable":true,"href":"https:\/\/arantv.az\/index.php?rest_route=%2Fwp%2Fv2%2Fcategories&post=268461"},{"taxonomy":"post_tag","embeddable":true,"href":"https:\/\/arantv.az\/index.php?rest_route=%2Fwp%2Fv2%2Ftags&post=268461"}],"curies":[{"name":"wp","href":"https:\/\/api.w.org\/{rel}","templated":true}]}}