{"id":268465,"date":"2021-01-09T08:25:11","date_gmt":"2021-01-09T05:25:11","guid":{"rendered":"http:\/\/arantv.az\/?p=268465"},"modified":"2021-01-09T08:25:11","modified_gmt":"2021-01-09T05:25:11","slug":"az%c9%99rbaycan-v%c9%99-erm%c9%99nistan-arasinda-vizadan-azad-etm%c9%99d%c9%99n-danismaq-%c9%99sassizdir-r%c9%99smi","status":"publish","type":"post","link":"https:\/\/arantv.az\/?p=268465","title":{"rendered":"Az\u0259rbaycan v\u0259 Erm\u0259nistan aras\u0131nda vizadan azad etm\u0259d\u0259n dan\u0131\u015fmaq \u0259sass\u0131zd\u0131r &#8211; R\u018fSM\u0130"},"content":{"rendered":"<p>Xarici \u0130\u015fl\u0259r Nazirliyinin m\u0259tbuat xidm\u0259ti idar\u0259sinin r\u0259isi Leyla Abdullayeva K\u0130V-in Az\u0259rbaycan v\u0259 Erm\u0259nistan aras\u0131nda viza m\u0259s\u0259l\u0259sin\u0259 ayd\u0131nl\u0131q g\u0259tirib.<\/p>\n<div id=\"AdviadNativeVideo0\" class=\"AdviadNativeVideo\"><\/div>\n<p>Trend-in m\u0259lumat\u0131na g\u00f6r\u0259, X\u0130N M\u0259tbuat xidm\u0259ti idar\u0259sinin r\u0259isi Leyla Abdullayeva bildirib ki, Az\u0259rbaycan Respublikas\u0131 v\u0259 Erm\u0259nistan Respublikas\u0131 aras\u0131nda v\u0259t\u0259nda\u015flar\u0131n s\u0259f\u0259rl\u0259ri v\u0259 vizadan azad olunma m\u0259s\u0259l\u0259l\u0259ri bar\u0259d\u0259 dan\u0131\u015fmaq \u00fc\u00e7\u00fcn ilk n\u00f6vb\u0259d\u0259 d\u00f6vl\u0259tl\u0259r aras\u0131nda diplomatik m\u00fcnasib\u0259tl\u0259r qurulmas\u0131 vacibdir:<\/p>\n<p>\u201cQeyd etm\u0259k ist\u0259rdik ki, iki \u00f6lk\u0259 aras\u0131nda gedi\u015f-g\u0259li\u015fi t\u0259nziml\u0259y\u0259n h\u0259r hans\u0131 beyn\u0259lxalq m\u00fcqavil\u0259 imzalanmay\u0131b. Odur ki, haz\u0131rk\u0131 m\u0259rh\u0259l\u0259d\u0259 qar\u015f\u0131l\u0131ql\u0131l\u0131q prinsipi \u0259sas\u0131nda vizadan azad etm\u0259d\u0259n dan\u0131\u015fmaq \u0259sass\u0131zd\u0131r\u201d.<\/p>\n","protected":false},"excerpt":{"rendered":"<p>Xarici \u0130\u015fl\u0259r Nazirliyinin m\u0259tbuat xidm\u0259ti idar\u0259sinin r\u0259isi Leyla Abdullayeva K\u0130V-in Az\u0259rbaycan v\u0259 Erm\u0259nistan aras\u0131nda viza m\u0259s\u0259l\u0259sin\u0259 ayd\u0131nl\u0131q g\u0259tirib. Trend-in m\u0259lumat\u0131na g\u00f6r\u0259, X\u0130N M\u0259tbuat xidm\u0259ti idar\u0259sinin r\u0259isi Leyla Abdullayeva bildirib ki, Az\u0259rbaycan Respublikas\u0131 v\u0259 Erm\u0259nistan Respublikas\u0131 aras\u0131nda v\u0259t\u0259nda\u015flar\u0131n s\u0259f\u0259rl\u0259ri v\u0259 vizadan azad olunma m\u0259s\u0259l\u0259l\u0259ri bar\u0259d\u0259 dan\u0131\u015fmaq \u00fc\u00e7\u00fcn ilk n\u00f6vb\u0259d\u0259 d\u00f6vl\u0259tl\u0259r aras\u0131nda diplomatik m\u00fcnasib\u0259tl\u0259r qurulmas\u0131 vacibdir: \u201cQeyd etm\u0259k ist\u0259rdik ki, iki \u00f6lk\u0259 aras\u0131nda gedi\u015f-g\u0259li\u015fi t\u0259nziml\u0259y\u0259n h\u0259r hans\u0131 beyn\u0259lxalq m\u00fcqavil\u0259 imzalanmay\u0131b. Odur ki, haz\u0131rk\u0131 m\u0259rh\u0259l\u0259d\u0259 qar\u015f\u0131l\u0131ql\u0131l\u0131q prinsipi \u0259sas\u0131nda vizadan azad etm\u0259d\u0259n dan\u0131\u015fmaq \u0259sass\u0131zd\u0131r\u201d.<\/p>\n","protected":false},"author":2,"featured_media":268466,"comment_status":"closed","ping_status":"closed","sticky":false,"template":"","format":"standard","meta":{"om_disable_all_campaigns":false,"_monsterinsights_skip_tracking":false,"_monsterinsights_sitenote_active":false,"_monsterinsights_sitenote_note":"","_monsterinsights_sitenote_category":0},"categories":[4],"tags":[],"aioseo_notices":[],"gutentor_comment":0,"rttpg_featured_image_url":{"full":["https:\/\/arantv.az\/wp-content\/uploads\/2021\/01\/xinn-leyla-1.jpg",620,409,false],"landscape":["https:\/\/arantv.az\/wp-content\/uploads\/2021\/01\/xinn-leyla-1.jpg",620,409,false],"portraits":["https:\/\/arantv.az\/wp-content\/uploads\/2021\/01\/xinn-leyla-1.jpg",620,409,false],"thumbnail":["https:\/\/arantv.az\/wp-content\/uploads\/2021\/01\/xinn-leyla-1-150x150.jpg",150,150,true],"medium":["https:\/\/arantv.az\/wp-content\/uploads\/2021\/01\/xinn-leyla-1-300x198.jpg",300,198,true],"large":["https:\/\/arantv.az\/wp-content\/uploads\/2021\/01\/xinn-leyla-1.jpg",620,409,false],"1536x1536":["https:\/\/arantv.az\/wp-content\/uploads\/2021\/01\/xinn-leyla-1.jpg",620,409,false],"2048x2048":["https:\/\/arantv.az\/wp-content\/uploads\/2021\/01\/xinn-leyla-1.jpg",620,409,false],"post-thumbnail":["https:\/\/arantv.az\/wp-content\/uploads\/2021\/01\/xinn-leyla-1-240x172.jpg",240,172,true],"advps-thumb-one":["https:\/\/arantv.az\/wp-content\/uploads\/2021\/01\/xinn-leyla-1.jpg",620,409,false]},"rttpg_author":{"display_name":"V\u00fcsal Rafiqo\u011flu","author_link":"https:\/\/arantv.az\/?author=2"},"rttpg_comment":0,"rttpg_category":"<a href=\"https:\/\/arantv.az\/?cat=4\" rel=\"category\">Siyas\u0259t<\/a>","rttpg_excerpt":"Xarici \u0130\u015fl\u0259r Nazirliyinin m\u0259tbuat xidm\u0259ti idar\u0259sinin r\u0259isi Leyla Abdullayeva K\u0130V-in Az\u0259rbaycan v\u0259 Erm\u0259nistan aras\u0131nda viza m\u0259s\u0259l\u0259sin\u0259 ayd\u0131nl\u0131q g\u0259tirib. Trend-in m\u0259lumat\u0131na g\u00f6r\u0259, X\u0130N M\u0259tbuat xidm\u0259ti idar\u0259sinin r\u0259isi Leyla Abdullayeva bildirib ki, Az\u0259rbaycan Respublikas\u0131 v\u0259 Erm\u0259nistan Respublikas\u0131 aras\u0131nda v\u0259t\u0259nda\u015flar\u0131n s\u0259f\u0259rl\u0259ri v\u0259 vizadan azad olunma m\u0259s\u0259l\u0259l\u0259ri bar\u0259d\u0259 dan\u0131\u015fmaq \u00fc\u00e7\u00fcn ilk n\u00f6vb\u0259d\u0259 d\u00f6vl\u0259tl\u0259r aras\u0131nda diplomatik m\u00fcnasib\u0259tl\u0259r qurulmas\u0131 vacibdir: \u201cQeyd&hellip;","_links":{"self":[{"href":"https:\/\/arantv.az\/index.php?rest_route=\/wp\/v2\/posts\/268465"}],"collection":[{"href":"https:\/\/arantv.az\/index.php?rest_route=\/wp\/v2\/posts"}],"about":[{"href":"https:\/\/arantv.az\/index.php?rest_route=\/wp\/v2\/types\/post"}],"author":[{"embeddable":true,"href":"https:\/\/arantv.az\/index.php?rest_route=\/wp\/v2\/users\/2"}],"replies":[{"embeddable":true,"href":"https:\/\/arantv.az\/index.php?rest_route=%2Fwp%2Fv2%2Fcomments&post=268465"}],"version-history":[{"count":0,"href":"https:\/\/arantv.az\/index.php?rest_route=\/wp\/v2\/posts\/268465\/revisions"}],"wp:featuredmedia":[{"embeddable":true,"href":"https:\/\/arantv.az\/index.php?rest_route=\/wp\/v2\/media\/268466"}],"wp:attachment":[{"href":"https:\/\/arantv.az\/index.php?rest_route=%2Fwp%2Fv2%2Fmedia&parent=268465"}],"wp:term":[{"taxonomy":"category","embeddable":true,"href":"https:\/\/arantv.az\/index.php?rest_route=%2Fwp%2Fv2%2Fcategories&post=268465"},{"taxonomy":"post_tag","embeddable":true,"href":"https:\/\/arantv.az\/index.php?rest_route=%2Fwp%2Fv2%2Ftags&post=268465"}],"curies":[{"name":"wp","href":"https:\/\/api.w.org\/{rel}","templated":true}]}}