{"id":268469,"date":"2021-01-09T08:26:08","date_gmt":"2021-01-09T05:26:08","guid":{"rendered":"http:\/\/arantv.az\/?p=268469"},"modified":"2021-01-09T08:26:08","modified_gmt":"2021-01-09T05:26:08","slug":"iki-medalla-t%c9%99ltif-olunan-bas-leytenantin-doyus-yolu-foto","status":"publish","type":"post","link":"https:\/\/arantv.az\/?p=268469","title":{"rendered":"\u0130ki medalla t\u0259ltif olunan ba\u015f leytenant\u0131n d\u00f6y\u00fc\u015f yolu &#8211; FOTO"},"content":{"rendered":"<p>Az\u0259rbaycan\u0131n \u0259razi b\u00fct\u00f6vl\u00fcy\u00fc u\u011frunda ged\u0259n d\u00f6y\u00fc\u015fl\u0259rd\u0259 i\u015ftirak ed\u0259n q\u0259hr\u0259manlar aras\u0131nda ba\u015f leytenant \u0130lkin H\u0259s\u0259nli d\u0259 var.<\/p>\n<p><img src=\"https:\/\/cdn.oxu.az\/uploads\/W1siZiIsIjIwMjEvMDEvMDgvMTYvNTQvMjgvNTUxYTA1YjctMGUzNi00NGJmLTg0NmItZDZjMmZjNjQwYTI3L1doYXRzQXBwIEltYWdlIDIwMjEtMDEtMDcgYXQgMTIuNTkuMjQgKDMpLmpwZWciXSxbInAiLCJlbmNvZGUiLCJqcGciLCItcXVhbGl0eSA4MCJdLFsicCIsInRodW1iIiwiNTkweDU5MFx1MDAzZSJdXQ?sha=96f6e7ca8c373896\" alt=\"\" \/><\/p>\n<p>Az\u0259rbaycan ordusunun s\u0131ralar\u0131nda d\u00fc\u015fm\u0259ni m\u0259\u011flub ed\u0259r\u0259k torpaqlar\u0131m\u0131z\u0131n i\u015f\u011faldan azad edilm\u0259sind\u0259 q\u0259hr\u0259manl\u0131qlar\u0131 il\u0259 se\u00e7il\u0259n H\u0259s\u0259nli \u0130lkin Af\u0259t o\u011flu 1994-c\u00fc ild\u0259 Bil\u0259suvar rayonunun A\u015fa\u011f\u0131 C\u00fcr\u0259li k\u0259ndind\u0259 anadan olub.<\/p>\n<div id=\"AdviadNativeVideo0\" class=\"AdviadNativeVideo\"><\/div>\n<p>U\u015faq ya\u015flar\u0131ndan h\u0259rbiy\u0259 mara\u011f\u0131 olan \u0130lkin 2012-ci ild\u0259\u00a0Az\u0259rbaycan D\u0259niz Akademiyas\u0131na q\u0259bul olub.<\/p>\n<p><img src=\"https:\/\/cdn.oxu.az\/uploads\/W1siZiIsIjIwMjEvMDEvMDgvMTYvNTQvMjkvMWE1MmQ4ZmEtNGFlZi00Zjk2LWIzNjMtZTJlOTAwZDQxZmExL1doYXRzQXBwIEltYWdlIDIwMjEtMDEtMDcgYXQgMTIuNTkuMjQgKDEpLmpwZWciXSxbInAiLCJlbmNvZGUiLCJqcGciLCItcXVhbGl0eSA4MCJdLFsicCIsInRodW1iIiwiNTkweDU5MFx1MDAzZSJdXQ?sha=c3d83e61abc32e98\" alt=\"\" \/><\/p>\n<p>Akademiyan\u0131 bitirdikd\u0259n sonra v\u0259t\u0259n\u0259 xidm\u0259t etm\u0259k \u00fc\u00e7\u00fcn Milli Ordu s\u0131ralar\u0131na\u00a0yaz\u0131l\u0131r. 2018-ci ild\u0259 Silahl\u0131 Q\u00fcvv\u0259l\u0259rin\u00a0T\u0259lim T\u0259dris M\u0259rk\u0259zind\u0259 kurs ke\u00e7dikd\u0259n sonra leytenant, taq\u0131m komandiri v\u0259zif\u0259sind\u0259 xidm\u0259tin\u0259 ba\u015flay\u0131r.<\/p>\n<p>M\u00fcharib\u0259 ba\u015flayana q\u0259d\u0259r \u0130lkin H\u0259s\u0259nli F\u00fczulid\u0259, \u201cN\u201d sayl\u0131 h\u0259rbi hiss\u0259d\u0259 xidm\u0259t edib. \u0130kinci Qaraba\u011f m\u00fcharib\u0259si ba\u015flayanda is\u0259 \u00f6n c\u0259bh\u0259y\u0259 yollan\u0131b.<\/p>\n<p><img src=\"https:\/\/cdn.oxu.az\/uploads\/W1siZiIsIjIwMjEvMDEvMDgvMTYvNTQvMjkvMTIxNGM0NWMtNGI5My00OWI4LWEyZWItOTdjYTAzZTViMGQ2L1doYXRzQXBwIEltYWdlIDIwMjEtMDEtMDcgYXQgMTIuNTkuMjMgKDEpLmpwZWciXSxbInAiLCJlbmNvZGUiLCJqcGciLCItcXVhbGl0eSA4MCJdLFsicCIsInRodW1iIiwiNTkweDU5MFx1MDAzZSJdXQ?sha=e5c9ae03d5a22a76\" alt=\"\" \/><\/p>\n<p>Q\u0259hr\u0259manl\u0131\u011f\u0131na v\u0259 d\u00f6y\u00fc\u015fl\u0259rd\u0259 g\u00f6st\u0259rdiyi \u015f\u00fcca\u0259t\u0259 g\u00f6r\u0259 ba\u015f leytenant \u0130lkin H\u0259s\u0259nliy\u0259 artilleriya batareyas\u0131 komandiri v\u0259zif\u0259si verilib.<\/p>\n<p>Onun komandiri oldu\u011fu batareya F\u00fczuli v\u0259 Xocav\u0259nd istiqam\u0259tind\u0259 ged\u0259n d\u00f6y\u00fc\u015fl\u0259rd\u0259 d\u00fc\u015fm\u0259n\u0259 qan uddurub.<\/p>\n<p><img src=\"https:\/\/cdn.oxu.az\/uploads\/W1siZiIsIjIwMjEvMDEvMDgvMTYvNTQvMjkvOTMzNWM2ODItZWQxOC00NGQ2LTlmNDItMDU5OGY4ZDcyYmJlL1doYXRzQXBwIEltYWdlIDIwMjEtMDEtMDcgYXQgMTIuNTkuMjMuanBlZyJdLFsicCIsImVuY29kZSIsImpwZyIsIi1xdWFsaXR5IDgwIl0sWyJwIiwidGh1bWIiLCI1OTB4NTkwXHUwMDNlIl1d?sha=f4a9cc1a05c187e8\" alt=\"\" \/><\/p>\n<p>Xat\u0131rladaq ki, Prezident \u0130lham \u018fliyevin m\u00fcvafiq s\u0259r\u0259ncam\u0131na uy\u011fun olaraq, \u0130lkin H\u0259s\u0259nli \u201cF\u00fczulinin azad olunmas\u0131na g\u00f6r\u0259\u201d v\u0259 \u201cXocav\u0259ndin azad olunmas\u0131na g\u00f6r\u0259\u201d medallar\u0131 il\u0259 t\u0259ltif olunub. Haz\u0131rda xidm\u0259tini davam etdirir.<\/p>\n","protected":false},"excerpt":{"rendered":"<p>Az\u0259rbaycan\u0131n \u0259razi b\u00fct\u00f6vl\u00fcy\u00fc u\u011frunda ged\u0259n d\u00f6y\u00fc\u015fl\u0259rd\u0259 i\u015ftirak ed\u0259n q\u0259hr\u0259manlar aras\u0131nda ba\u015f leytenant \u0130lkin H\u0259s\u0259nli d\u0259 var. Az\u0259rbaycan ordusunun s\u0131ralar\u0131nda d\u00fc\u015fm\u0259ni m\u0259\u011flub ed\u0259r\u0259k torpaqlar\u0131m\u0131z\u0131n i\u015f\u011faldan azad edilm\u0259sind\u0259 q\u0259hr\u0259manl\u0131qlar\u0131 il\u0259 se\u00e7il\u0259n H\u0259s\u0259nli \u0130lkin Af\u0259t o\u011flu 1994-c\u00fc ild\u0259 Bil\u0259suvar rayonunun A\u015fa\u011f\u0131 C\u00fcr\u0259li k\u0259ndind\u0259 anadan olub. U\u015faq ya\u015flar\u0131ndan h\u0259rbiy\u0259 mara\u011f\u0131 olan \u0130lkin 2012-ci ild\u0259\u00a0Az\u0259rbaycan D\u0259niz Akademiyas\u0131na q\u0259bul olub. Akademiyan\u0131 bitirdikd\u0259n sonra v\u0259t\u0259n\u0259 xidm\u0259t etm\u0259k \u00fc\u00e7\u00fcn Milli Ordu s\u0131ralar\u0131na\u00a0yaz\u0131l\u0131r. 2018-ci ild\u0259 Silahl\u0131 Q\u00fcvv\u0259l\u0259rin\u00a0T\u0259lim T\u0259dris M\u0259rk\u0259zind\u0259 kurs ke\u00e7dikd\u0259n sonra leytenant, taq\u0131m komandiri v\u0259zif\u0259sind\u0259 xidm\u0259tin\u0259 ba\u015flay\u0131r. M\u00fcharib\u0259 ba\u015flayana q\u0259d\u0259r \u0130lkin H\u0259s\u0259nli F\u00fczulid\u0259, \u201cN\u201d sayl\u0131 h\u0259rbi hiss\u0259d\u0259 xidm\u0259t&hellip;<\/p>\n","protected":false},"author":2,"featured_media":268470,"comment_status":"closed","ping_status":"closed","sticky":false,"template":"","format":"standard","meta":{"om_disable_all_campaigns":false,"_monsterinsights_skip_tracking":false,"_monsterinsights_sitenote_active":false,"_monsterinsights_sitenote_note":"","_monsterinsights_sitenote_category":0},"categories":[26],"tags":[],"aioseo_notices":[],"gutentor_comment":0,"rttpg_featured_image_url":{"full":["https:\/\/arantv.az\/wp-content\/uploads\/2021\/01\/FotoJet-23.jpg",570,465,false],"landscape":["https:\/\/arantv.az\/wp-content\/uploads\/2021\/01\/FotoJet-23.jpg",570,465,false],"portraits":["https:\/\/arantv.az\/wp-content\/uploads\/2021\/01\/FotoJet-23.jpg",570,465,false],"thumbnail":["https:\/\/arantv.az\/wp-content\/uploads\/2021\/01\/FotoJet-23-150x150.jpg",150,150,true],"medium":["https:\/\/arantv.az\/wp-content\/uploads\/2021\/01\/FotoJet-23-300x245.jpg",300,245,true],"large":["https:\/\/arantv.az\/wp-content\/uploads\/2021\/01\/FotoJet-23.jpg",570,465,false],"1536x1536":["https:\/\/arantv.az\/wp-content\/uploads\/2021\/01\/FotoJet-23.jpg",570,465,false],"2048x2048":["https:\/\/arantv.az\/wp-content\/uploads\/2021\/01\/FotoJet-23.jpg",570,465,false],"post-thumbnail":["https:\/\/arantv.az\/wp-content\/uploads\/2021\/01\/FotoJet-23-240x172.jpg",240,172,true],"advps-thumb-one":["https:\/\/arantv.az\/wp-content\/uploads\/2021\/01\/FotoJet-23.jpg",570,465,false]},"rttpg_author":{"display_name":"V\u00fcsal Rafiqo\u011flu","author_link":"https:\/\/arantv.az\/?author=2"},"rttpg_comment":0,"rttpg_category":"<a href=\"https:\/\/arantv.az\/?cat=26\" rel=\"category\">Sosial<\/a>","rttpg_excerpt":"Az\u0259rbaycan\u0131n \u0259razi b\u00fct\u00f6vl\u00fcy\u00fc u\u011frunda ged\u0259n d\u00f6y\u00fc\u015fl\u0259rd\u0259 i\u015ftirak ed\u0259n q\u0259hr\u0259manlar aras\u0131nda ba\u015f leytenant \u0130lkin H\u0259s\u0259nli d\u0259 var. Az\u0259rbaycan ordusunun s\u0131ralar\u0131nda d\u00fc\u015fm\u0259ni m\u0259\u011flub ed\u0259r\u0259k torpaqlar\u0131m\u0131z\u0131n i\u015f\u011faldan azad edilm\u0259sind\u0259 q\u0259hr\u0259manl\u0131qlar\u0131 il\u0259 se\u00e7il\u0259n H\u0259s\u0259nli \u0130lkin Af\u0259t o\u011flu 1994-c\u00fc ild\u0259 Bil\u0259suvar rayonunun A\u015fa\u011f\u0131 C\u00fcr\u0259li k\u0259ndind\u0259 anadan olub. U\u015faq ya\u015flar\u0131ndan h\u0259rbiy\u0259 mara\u011f\u0131 olan \u0130lkin 2012-ci ild\u0259\u00a0Az\u0259rbaycan D\u0259niz Akademiyas\u0131na q\u0259bul olub. Akademiyan\u0131&hellip;","_links":{"self":[{"href":"https:\/\/arantv.az\/index.php?rest_route=\/wp\/v2\/posts\/268469"}],"collection":[{"href":"https:\/\/arantv.az\/index.php?rest_route=\/wp\/v2\/posts"}],"about":[{"href":"https:\/\/arantv.az\/index.php?rest_route=\/wp\/v2\/types\/post"}],"author":[{"embeddable":true,"href":"https:\/\/arantv.az\/index.php?rest_route=\/wp\/v2\/users\/2"}],"replies":[{"embeddable":true,"href":"https:\/\/arantv.az\/index.php?rest_route=%2Fwp%2Fv2%2Fcomments&post=268469"}],"version-history":[{"count":0,"href":"https:\/\/arantv.az\/index.php?rest_route=\/wp\/v2\/posts\/268469\/revisions"}],"wp:featuredmedia":[{"embeddable":true,"href":"https:\/\/arantv.az\/index.php?rest_route=\/wp\/v2\/media\/268470"}],"wp:attachment":[{"href":"https:\/\/arantv.az\/index.php?rest_route=%2Fwp%2Fv2%2Fmedia&parent=268469"}],"wp:term":[{"taxonomy":"category","embeddable":true,"href":"https:\/\/arantv.az\/index.php?rest_route=%2Fwp%2Fv2%2Fcategories&post=268469"},{"taxonomy":"post_tag","embeddable":true,"href":"https:\/\/arantv.az\/index.php?rest_route=%2Fwp%2Fv2%2Ftags&post=268469"}],"curies":[{"name":"wp","href":"https:\/\/api.w.org\/{rel}","templated":true}]}}