{"id":268477,"date":"2021-01-09T08:28:46","date_gmt":"2021-01-09T05:28:46","guid":{"rendered":"http:\/\/arantv.az\/?p=268477"},"modified":"2021-01-09T08:28:46","modified_gmt":"2021-01-09T05:28:46","slug":"qarabag-c%c9%99nn%c9%99t%c9%99-cevril%c9%99c%c9%99k","status":"publish","type":"post","link":"https:\/\/arantv.az\/?p=268477","title":{"rendered":"Qaraba\u011f c\u0259nn\u0259t\u0259 \u00e7evril\u0259c\u0259k"},"content":{"rendered":"<p><strong>Prezident \u0130lham \u018fliyev 2020-ci ilin yekunlar\u0131na h\u0259sr olunmu\u015f m\u00fc\u015favird\u0259 2021-ci il \u00fc\u00e7\u00fcn planlar\u0131n\u0131 v\u0259 tap\u015f\u0131r\u0131qlar\u0131n\u0131 a\u00e7\u0131qlad\u0131.<\/strong><\/p>\n<p><strong>\u0130lk n\u00f6vb\u0259d\u0259, 2020-ci ilin Az\u0259rbaycan \u00fc\u00e7\u00fcn Z\u0259f\u0259r ili oldu\u011funu qeyd etm\u0259k laz\u0131md\u0131r. 30 illik h\u0259sr\u0259t\u0259 n\u0259hay\u0259t son qoyuldu. \u0130lk m\u0259s\u0259l\u0259 torpalar\u0131m\u0131z\u0131 i\u015f\u011faldan azad etm\u0259k idi. Ali Ba\u015f Komandan\u0131n r\u0259hb\u0259rliyi alt\u0131nda Az\u0259rbaycan Ordusu bu \u0259ks-h\u00fccum \u0259m\u0259liyyat\u0131n\u0131 u\u011furla yerin\u0259 yetirdi.<\/strong><\/p>\n<p><strong>ARANTV.AZ<\/strong> Trend-\u0259 istinad\u0259n x\u0259b\u0259r verir ki, Prezidentin tap\u015f\u0131r\u0131qlar\u0131ndan anla\u015f\u0131ld\u0131\u011f\u0131 kimi 2021-ci ild\u0259 ba\u015fl\u0131ca m\u0259s\u0259l\u0259l\u0259rd\u0259n birincisi azad olunmu\u015f \u0259razil\u0259rimizin b\u0259rpas\u0131d\u0131r.<\/p>\n<p><em><strong>M\u00fcharib\u0259 ba\u015fa \u00e7atd\u0131. \u0130ndi art\u0131q quruculuq d\u00f6vr\u00fc ba\u015flay\u0131r<\/strong><\/em><\/p>\n<p>Azad edilmi\u015f \u0259razil\u0259rd\u0259 i\u015fl\u0259rin ba\u015flan\u0131lmas\u0131na ba\u015fl\u0131ca \u0259ng\u0259ll\u0259rd\u0259n biri, s\u00f6zs\u00fcz ki, \u0259razil\u0259rin Erm\u0259nstan t\u0259r\u0259find\u0259n minalanmas\u0131d\u0131r. Bu i\u015fl\u0259rin s\u00fcr\u0259tli apar\u0131lmas\u0131 \u00fc\u00e7\u00fcn i\u015fl\u0259r g\u00f6r\u00fcl\u00fcr. Prezident \u0130lham \u018fliyevin tap\u015f\u0131r\u0131\u011f\u0131na \u0259sas\u0259n ANAMA yax\u0131n g\u00fcnl\u0259rd\u0259 yenid\u0259n t\u0259\u015fkil olunacaq.<\/p>\n<p>\u018frazil\u0259r tam \u015f\u0259kild\u0259 minalardan t\u0259mizl\u0259ndikd\u0259n sonra is\u0259 azad olunmu\u015f \u0259razil\u0259rd\u0259 b\u0259rpa i\u015fl\u0259rin\u0259 ba\u015flamaq m\u00fcmk\u00fcnd\u00fcr. B\u0259rpa i\u015fl\u0259rin\u0259 q\u0259d\u0259r ilk m\u0259s\u0259l\u0259 is\u0259 ziyan hesablanmas\u0131d\u0131r.<\/p>\n<p>Bu prosesl\u0259 paralel olaraq h\u0259min \u0259razil\u0259rin peyk v\u0259 dronlar vasit\u0259sil\u0259 s\u0259n\u0259dl\u0259\u015fdirilm\u0259si, pasportla\u015fd\u0131r\u0131lmas\u0131 apar\u0131lacaq. Bu s\u0259n\u0259dl\u0259\u015fdirilm\u0259 i\u015fl\u0259rind\u0259n sonra sonra h\u0259min \u0259razil\u0259rd\u0259 da\u011f\u0131d\u0131lm\u0131\u015f \u0259mlak qiym\u0259tl\u0259ndiril\u0259c\u0259k<\/p>\n<p>Prezidentin tap\u015f\u0131r\u0131qlar\u0131na \u0259sas\u0259n d\u0259ymi\u015f ziyanla b\u0259rabar\u0259 itirilmi\u015f g\u0259lir d\u0259 hesablanacaq ki, 30 il \u0259rzind\u0259 Az\u0259rbaycan bu m\u00fc\u0259ssis\u0259l\u0259rd\u0259n hans\u0131 g\u0259liri g\u00f6t\u00fcr\u0259 bil\u0259rdi.<\/p>\n<p><em><strong>Biz \u00f6z\u00fcm\u00fcz h\u0259d\u0259f qoymal\u0131y\u0131q, hans\u0131 \u015f\u0259h\u0259ri hans\u0131 formada g\u00f6rm\u0259k ist\u0259yirik<\/strong><\/em><\/p>\n<p>H\u0259r bir \u015f\u0259h\u0259rd\u0259 Erm\u0259nistan t\u0259r\u0259find\u0259n da\u011f\u0131d\u0131lm\u0131\u015f bir hiss\u0259 (Erm\u0259nistan i\u015f\u011fal\u0131n\u0131n a\u00e7\u0131q s\u0259ma alt\u0131nda muzeyi kimi) saxlan\u0131lacaq. Azad edilmi\u015f \u015f\u0259h\u0259rl\u0259rimizd\u0259 h\u0259m\u00e7inin Erm\u0259nistan\u0131n i\u015f\u011fal\u00e7\u0131l\u0131q siyas\u0259tinin \u00fcmumi m\u0259nz\u0259r\u0259si \u0259ks olunan \u0130\u015f\u011fal muzeyl\u0259ri d\u0259 yarad\u0131lacaq.<\/p>\n<p><em><strong>V\u0259t\u0259n m\u00fcharib\u0259sind\u0259 \u015f\u0259hid olmu\u015f q\u0259hr\u0259man h\u0259rb\u00e7il\u0259rimizin do\u011fmalar\u0131na, yax\u0131nlar\u0131na evl\u0259r veril\u0259c\u0259k<\/strong><\/em><\/p>\n<p>Prezidentin tap\u015f\u0131r\u0131\u011f\u0131na \u0259sas\u0259n Bak\u0131da, G\u0259nc\u0259d\u0259, Sumqay\u0131tda v\u0259 dig\u0259r \u015f\u0259h\u0259rl\u0259rd\u0259 k\u00f6\u00e7k\u00fcnl\u0259r \u00fc\u00e7\u00fcn n\u0259z\u0259rd\u0259 tutulmu\u015f evl\u0259r \u015f\u0259hid ail\u0259l\u0259rin\u0259 veril\u0259c\u0259k.<\/p>\n<p>Qeyd ed\u0259k ki, art\u0131q bu tap\u015f\u0131r\u0131\u011fa \u0259sas\u0259n 4700 m\u0259nzil 4700 m\u0259nzil \u015f\u0259hid ail\u0259l\u0259ri \u00fc\u00e7\u00fcn ayr\u0131l\u0131b. Bel\u0259ki, Qa\u00e7q\u0131nlar\u0131n v\u0259 M\u0259cburi K\u00f6\u00e7k\u00fcnl\u0259rin \u0130\u015fl\u0259ri \u00fczr\u0259 D\u00f6vl\u0259t Komit\u0259sinin balans\u0131nda olan bu m\u0259nzill\u0259r \u018fm\u0259k v\u0259 \u018fhalinin Sosial M\u00fcdafi\u0259si Nazirliyinin balans\u0131na ke\u00e7ib. H\u0259min ya\u015fay\u0131\u015f q\u0259s\u0259b\u0259l\u0259r v\u0259 kompleksl\u0259ri Bak\u0131, Sumqay\u0131t, Ab\u015feron, Samux v\u0259 L\u0259nk\u0259ran \u0259razisind\u0259 in\u015fa edilib v\u0259 istifad\u0259y\u0259 tam haz\u0131rd\u0131r.<\/p>\n<p><em><strong>Azad edilmi\u015f torpaqlarda k\u0259nd t\u0259s\u0259rr\u00fcfat\u0131n\u0131n inki\u015faf\u0131<\/strong><\/em><\/p>\n<p>Qaraba\u011f torpa\u011f\u0131n\u0131n k\u0259nd t\u0259s\u0259rr\u00fcfat\u0131 \u00fc\u00e7\u00fcn n\u0259 q\u0259d\u0259r yararl\u0131 oldu\u011fu m\u0259lumdur. Bu m\u00fcnbit torpaqlar\u0131n hesab\u0131na Az\u0259rbaycan\u0131n ixrac potensial\u0131 bir xeyli artacaq. D\u00f6l\u0259t ba\u015f\u00e7\u0131s\u0131 bu istiqam\u0259td\u0259 yeni bazarlar\u0131n tap\u0131lmas\u0131 \u00fc\u00e7\u00fcn d\u0259 m\u00fcvafiq tap\u015f\u0131rqlar\u0131n\u0131 verib.<\/p>\n<p><em><strong>Qaraba\u011f b\u00f6lg\u0259si ya\u015f\u0131l enerji zonas\u0131 kimi d\u00fcnya \u00fc\u00e7\u00fcn bir n\u00fcmun\u0259 olacaq<\/strong><\/em><\/p>\n<p>Xudaf\u0259rin v\u0259 Q\u0131z qalas\u0131 hidroqov\u015faqlar\u0131nda su elektrik stansiyalar\u0131 qurulacaq . K\u0259lb\u0259c\u0259r v\u0259 La\u00e7\u0131n rayonlar\u0131nda su elektrik stansiyalar\u0131 yarad\u0131lacaq. Qaraba\u011fda 200 meqavat g\u00fcc\u00fcnd\u0259 g\u00fcn\u0259\u015f elektrik stansiyas\u0131n\u0131n da tikilm\u0259si n\u0259z\u0259rd\u0259 tutulur. Azad edilmi\u015f torpaqlarda \u0259n m\u00fcasir standartlara cavab ver\u0259n enerji sistemi yarad\u0131lacaq.<\/p>\n<p><em><strong>Qaraba\u011fa yollar \u00e7\u0259kilir<\/strong><\/em><\/p>\n<p>Prezident \u0130lham \u018fliyevin tap\u015f\u0131r\u0131\u011f\u0131 il\u0259 \u018fhm\u0259db\u0259yli-Alxanl\u0131-F\u00fczuli-\u015eu\u015fa yolu in\u015fa olunur, bundan \u0259lav\u0259 olaraq Horadizd\u0259n Z\u0259ngilana, oradan Qubadl\u0131ya v\u0259 oradan da La\u00e7\u0131n rayonuna q\u0259d\u0259r yol \u00e7\u0259kil\u0259c\u0259k. H\u0259m \u015fimaldan, h\u0259m c\u0259nubdan La\u00e7\u0131n v\u0259 K\u0259lb\u0259c\u0259r rayonlar\u0131na yol-n\u0259qliyyat infrastrukturu yarad\u0131lacaq.<\/p>\n<p>La\u00e7\u0131n v\u0259 ya K\u0259lb\u0259c\u0259rd\u0259 yeni hava liman\u0131n\u0131n tikil\u0259c\u0259k, h\u0259m\u00e7inin tezlikl\u0259 F\u00fczulid\u0259 d\u0259 \u015fbeyn\u0259lxalq hava liman\u0131n\u0131n tikintisin\u0259 ba\u015flan\u0131lacaq. \u0130ki beyn\u0259lxalq aeroport Qaraba\u011f zonas\u0131n\u0131 b\u0259rpa etm\u0259k, y\u00fckl\u0259rin da\u015f\u0131nmas\u0131, turizmin inki\u015faf\u0131 \u00fc\u00e7\u00fcn b\u00f6y\u00fck k\u00f6m\u0259k olacaq.<\/p>\n<p>Horadiz-F\u00fczuli v\u0259 ondan sonra F\u00fczuli-\u015eu\u015fa d\u0259mir yolu \u00e7\u0259kil\u0259c\u0259k. Horadiz-A\u011fb\u0259nd d\u0259mir yolu yenid\u0259n tikil\u0259c\u0259k. Qeyd ed\u0259k ki, bu d\u0259mir yolu Nax\u00e7\u0131van d\u0259hlizinin a\u00e7\u0131lmas\u0131 \u00fc\u00e7\u00fcn x\u00fcsusi \u0259h\u0259miyy\u0259t da\u015f\u0131y\u0131r.<\/p>\n<p><em><strong>Qaraba\u011f Az\u0259rbaycan\u0131n \u0259sas turizm zonas\u0131na \u00e7evril\u0259c\u0259k<\/strong><\/em><\/p>\n<p>Turizm mar\u015frutlar\u0131 i\u015fl\u0259nib haz\u0131rlanacaq. Beyn\u0259lxalq turizm s\u0259rgil\u0259rind\u0259 Qaraba\u011f b\u00f6lg\u0259sinin turizm potensial\u0131, turizm mar\u015frutlar\u0131, tarixi abid\u0259l\u0259ri g\u00f6st\u0259ril\u0259c\u0259k. T\u0259mir b\u0259rpa i\u015fl\u0259ri yekunla\u015fd\u0131qdan sonra Qaraba\u011f turistl\u0259rin sevilmi m\u0259kanlardan biri olacaq.<\/p>\n","protected":false},"excerpt":{"rendered":"<p>Prezident \u0130lham \u018fliyev 2020-ci ilin yekunlar\u0131na h\u0259sr olunmu\u015f m\u00fc\u015favird\u0259 2021-ci il \u00fc\u00e7\u00fcn planlar\u0131n\u0131 v\u0259 tap\u015f\u0131r\u0131qlar\u0131n\u0131 a\u00e7\u0131qlad\u0131. \u0130lk n\u00f6vb\u0259d\u0259, 2020-ci ilin Az\u0259rbaycan \u00fc\u00e7\u00fcn Z\u0259f\u0259r ili oldu\u011funu qeyd etm\u0259k laz\u0131md\u0131r. 30 illik h\u0259sr\u0259t\u0259 n\u0259hay\u0259t son qoyuldu. \u0130lk m\u0259s\u0259l\u0259 torpalar\u0131m\u0131z\u0131 i\u015f\u011faldan azad etm\u0259k idi. Ali Ba\u015f Komandan\u0131n r\u0259hb\u0259rliyi alt\u0131nda Az\u0259rbaycan Ordusu bu \u0259ks-h\u00fccum \u0259m\u0259liyyat\u0131n\u0131 u\u011furla yerin\u0259 yetirdi. ARANTV.AZ Trend-\u0259 istinad\u0259n x\u0259b\u0259r verir ki, Prezidentin tap\u015f\u0131r\u0131qlar\u0131ndan anla\u015f\u0131ld\u0131\u011f\u0131 kimi 2021-ci ild\u0259 ba\u015fl\u0131ca m\u0259s\u0259l\u0259l\u0259rd\u0259n birincisi azad olunmu\u015f \u0259razil\u0259rimizin b\u0259rpas\u0131d\u0131r. M\u00fcharib\u0259 ba\u015fa \u00e7atd\u0131. \u0130ndi art\u0131q quruculuq d\u00f6vr\u00fc ba\u015flay\u0131r Azad edilmi\u015f \u0259razil\u0259rd\u0259 i\u015fl\u0259rin ba\u015flan\u0131lmas\u0131na ba\u015fl\u0131ca \u0259ng\u0259ll\u0259rd\u0259n biri, s\u00f6zs\u00fcz&hellip;<\/p>\n","protected":false},"author":2,"featured_media":268478,"comment_status":"closed","ping_status":"closed","sticky":false,"template":"","format":"standard","meta":{"om_disable_all_campaigns":false,"_monsterinsights_skip_tracking":false,"_monsterinsights_sitenote_active":false,"_monsterinsights_sitenote_note":"","_monsterinsights_sitenote_category":0},"categories":[4],"tags":[],"aioseo_notices":[],"gutentor_comment":0,"rttpg_featured_image_url":{"full":["https:\/\/arantv.az\/wp-content\/uploads\/2021\/01\/c6969ae316101257985416348411007422.jpg",975,540,false],"landscape":["https:\/\/arantv.az\/wp-content\/uploads\/2021\/01\/c6969ae316101257985416348411007422.jpg",975,540,false],"portraits":["https:\/\/arantv.az\/wp-content\/uploads\/2021\/01\/c6969ae316101257985416348411007422.jpg",975,540,false],"thumbnail":["https:\/\/arantv.az\/wp-content\/uploads\/2021\/01\/c6969ae316101257985416348411007422-150x150.jpg",150,150,true],"medium":["https:\/\/arantv.az\/wp-content\/uploads\/2021\/01\/c6969ae316101257985416348411007422-300x166.jpg",300,166,true],"large":["https:\/\/arantv.az\/wp-content\/uploads\/2021\/01\/c6969ae316101257985416348411007422.jpg",640,354,false],"1536x1536":["https:\/\/arantv.az\/wp-content\/uploads\/2021\/01\/c6969ae316101257985416348411007422.jpg",975,540,false],"2048x2048":["https:\/\/arantv.az\/wp-content\/uploads\/2021\/01\/c6969ae316101257985416348411007422.jpg",975,540,false],"post-thumbnail":["https:\/\/arantv.az\/wp-content\/uploads\/2021\/01\/c6969ae316101257985416348411007422-240x172.jpg",240,172,true],"advps-thumb-one":["https:\/\/arantv.az\/wp-content\/uploads\/2021\/01\/c6969ae316101257985416348411007422.jpg",975,540,false]},"rttpg_author":{"display_name":"V\u00fcsal Rafiqo\u011flu","author_link":"https:\/\/arantv.az\/?author=2"},"rttpg_comment":0,"rttpg_category":"<a href=\"https:\/\/arantv.az\/?cat=4\" rel=\"category\">Siyas\u0259t<\/a>","rttpg_excerpt":"Prezident \u0130lham \u018fliyev 2020-ci ilin yekunlar\u0131na h\u0259sr olunmu\u015f m\u00fc\u015favird\u0259 2021-ci il \u00fc\u00e7\u00fcn planlar\u0131n\u0131 v\u0259 tap\u015f\u0131r\u0131qlar\u0131n\u0131 a\u00e7\u0131qlad\u0131. \u0130lk n\u00f6vb\u0259d\u0259, 2020-ci ilin Az\u0259rbaycan \u00fc\u00e7\u00fcn Z\u0259f\u0259r ili oldu\u011funu qeyd etm\u0259k laz\u0131md\u0131r. 30 illik h\u0259sr\u0259t\u0259 n\u0259hay\u0259t son qoyuldu. \u0130lk m\u0259s\u0259l\u0259 torpalar\u0131m\u0131z\u0131 i\u015f\u011faldan azad etm\u0259k idi. Ali Ba\u015f Komandan\u0131n r\u0259hb\u0259rliyi alt\u0131nda Az\u0259rbaycan Ordusu bu \u0259ks-h\u00fccum \u0259m\u0259liyyat\u0131n\u0131 u\u011furla yerin\u0259 yetirdi. ARANTV.AZ&hellip;","_links":{"self":[{"href":"https:\/\/arantv.az\/index.php?rest_route=\/wp\/v2\/posts\/268477"}],"collection":[{"href":"https:\/\/arantv.az\/index.php?rest_route=\/wp\/v2\/posts"}],"about":[{"href":"https:\/\/arantv.az\/index.php?rest_route=\/wp\/v2\/types\/post"}],"author":[{"embeddable":true,"href":"https:\/\/arantv.az\/index.php?rest_route=\/wp\/v2\/users\/2"}],"replies":[{"embeddable":true,"href":"https:\/\/arantv.az\/index.php?rest_route=%2Fwp%2Fv2%2Fcomments&post=268477"}],"version-history":[{"count":0,"href":"https:\/\/arantv.az\/index.php?rest_route=\/wp\/v2\/posts\/268477\/revisions"}],"wp:featuredmedia":[{"embeddable":true,"href":"https:\/\/arantv.az\/index.php?rest_route=\/wp\/v2\/media\/268478"}],"wp:attachment":[{"href":"https:\/\/arantv.az\/index.php?rest_route=%2Fwp%2Fv2%2Fmedia&parent=268477"}],"wp:term":[{"taxonomy":"category","embeddable":true,"href":"https:\/\/arantv.az\/index.php?rest_route=%2Fwp%2Fv2%2Fcategories&post=268477"},{"taxonomy":"post_tag","embeddable":true,"href":"https:\/\/arantv.az\/index.php?rest_route=%2Fwp%2Fv2%2Ftags&post=268477"}],"curies":[{"name":"wp","href":"https:\/\/api.w.org\/{rel}","templated":true}]}}