{"id":268485,"date":"2021-01-09T08:30:09","date_gmt":"2021-01-09T05:30:09","guid":{"rendered":"http:\/\/arantv.az\/?p=268485"},"modified":"2021-01-09T08:30:09","modified_gmt":"2021-01-09T05:30:09","slug":"susa-butun-regionun-m%c9%99d%c9%99ni-paytaxtina-cevril%c9%99c%c9%99k","status":"publish","type":"post","link":"https:\/\/arantv.az\/?p=268485","title":{"rendered":"\u015eu\u015fa b\u00fct\u00fcn regionun m\u0259d\u0259ni paytaxt\u0131na \u00e7evril\u0259c\u0259k"},"content":{"rendered":"<p>Prezident \u0130lham \u018fliyevin yenilm\u0259z siyasi irad\u0259si n\u0259tic\u0259sind\u0259 r\u0259\u015fad\u0259tli Az\u0259rbaycan Ordusu 30 illik Erm\u0259nistan t\u0259cav\u00fcz\u00fcn\u0259 bird\u0259f\u0259lik son qoydu. Uzun ill\u0259rdir erm\u0259ni i\u015f\u011fal\u0131 alt\u0131nda qalan \u0259z\u0259li torpaqlar\u0131m\u0131z d\u00fc\u015fm\u0259n tapda\u011f\u0131ndan azad edildi. \u0130ndi is\u0259 i\u015f\u011faldan azad edilmi\u015f \u0259razil\u0259rimiz\u0259 yeni n\u0259f\u0259s g\u0259lm\u0259sinin vaxt\u0131d\u0131r. Bu m\u0259qs\u0259d il\u0259 bu il d\u00f6vl\u0259t b\u00fcdc\u0259sind\u0259n i\u015f\u011faldan azad edilmi\u015f \u0259razil\u0259rimizin dir\u00e7\u0259ldilm\u0259sin\u0259 2,2 milyard manat v\u0259saitin ayr\u0131lmas\u0131 n\u0259z\u0259rd\u0259 tutulub. T\u0259\u0259ss\u00fcfl\u0259 dey\u0259 bil\u0259rik ki, Erm\u0259nistan t\u0259kc\u0259 i\u015f\u011fal\u00e7\u0131l\u0131q siyas\u0259ti h\u0259yata ke\u00e7irm\u0259yib, eyni zamanda, i\u015f\u011fal alt\u0131nda olan \u0259razil\u0259rimizd\u0259 vandall\u0131q v\u0259 barbarl\u0131q ed\u0259r\u0259k b\u00fct\u00fcn maddi v\u0259 m\u0259n\u0259vi obyektl\u0259ri da\u011f\u0131d\u0131b v\u0259 s\u0131radan \u00e7\u0131xar\u0131b. H\u0259tta Qaraba\u011f\u0131n incisi olan \u015eu\u015fan\u0131n da erm\u0259ni vandallar\u0131 t\u0259r\u0259find\u0259n da\u011f\u0131d\u0131ld\u0131\u011f\u0131n\u0131n b\u00fct\u00fcn d\u00fcnya \u015fahidi oldu.<\/p>\n<p>Prezident \u0130lham \u018fliyevin yanvar\u0131n 5-d\u0259 Anar K\u0259rimovu m\u0259d\u0259niyy\u0259t naziri t\u0259yin olunmas\u0131 il\u0259 \u0259laq\u0259dar videoformatda q\u0259bul ed\u0259rk\u0259n \u015eu\u015fa \u015f\u0259h\u0259rini Az\u0259rbaycan m\u0259d\u0259niyy\u0259tinin paytaxt\u0131 elan etm\u0259si d\u0259 b\u00fct\u00fcn d\u00fcnyaya bir mesaj idi. \u00d6lk\u0259 ba\u015f\u00e7\u0131s\u0131 bildirdi ki, \u015eu\u015fa \u015f\u0259h\u0259ri buna layiqdir: \u201cHesab edir\u0259m ki, n\u0259inki Az\u0259rbaycan\u0131n, b\u00f6lg\u0259nin m\u0259d\u0259ni paytaxt\u0131 say\u0131la bil\u0259r. \u015eu\u015fan\u0131n m\u0259d\u0259ni h\u0259yat\u0131 z\u0259ngin olmal\u0131d\u0131r. \u015eu\u015fan\u0131n b\u0259rpas\u0131 il\u0259 \u0259laq\u0259dar i\u015fl\u0259r\u0259 art\u0131q start verildi. M\u0259nim g\u00f6st\u0259ri\u015fiml\u0259 b\u00f6y\u00fck hey\u0259t oraya ezam edildi. Dem\u0259li, ya\u015fay\u0131\u015f fondunun, tarixi abid\u0259l\u0259rin t\u0259fti\u015fi apar\u0131lmal\u0131, vurulmu\u015f ziyan d\u0259qiq hesablanmal\u0131d\u0131r v\u0259 biz \u015eu\u015fa \u015f\u0259h\u0259rinin restavrasiyas\u0131na ba\u015flamal\u0131y\u0131q. Ancaq yen\u0259 d\u0259 vaxt itirm\u0259d\u0259n, ancaq, eyni zamanda, t\u0259l\u0259sm\u0259d\u0259n \u015eu\u015fan\u0131n ilkin simas\u0131, tarixi simas\u0131 b\u0259rpa edilm\u0259lidir. O c\u00fcml\u0259d\u0259n \u015eu\u015fada yerl\u0259\u015f\u0259n m\u0259scidl\u0259rimiz \u0259sasl\u0131 \u015f\u0259kild\u0259 t\u0259mir edilm\u0259lidir, b\u0259rpa olunmal\u0131d\u0131r, onlar\u0131n \u00f6z simas\u0131 qaytar\u0131lmal\u0131d\u0131r\u201d.<\/p>\n<p>G\u00f6r\u00fcnd\u00fcy\u00fc kimi, \u00f6lk\u0259 ba\u015f\u00e7\u0131s\u0131 bu \u015f\u0259h\u0259ri m\u0259d\u0259niyy\u0259timizin paytaxt\u0131 elan etm\u0259kl\u0259 \u015eu\u015fan\u0131n tarixi kimliyini bir daha \u00f6z\u00fcn\u0259 qaytard\u0131. \u015eu\u015fa \u015f\u0259h\u0259ri m\u00fcbali\u011f\u0259siz Az\u0259rbaycan m\u0259d\u0259niyy\u0259tinin be\u015fiyidir. Bu \u015f\u0259h\u0259r bir \u00e7ox Az\u0259rbaycan ziyal\u0131lar\u0131n\u0131n, o c\u00fcml\u0259d\u0259n \u015fairl\u0259rin, yaz\u0131\u00e7\u0131lar\u0131n evi olmu\u015fdur. \u015eu\u015fadak\u0131 Yuxar\u0131 G\u00f6vh\u0259r a\u011fa, A\u015fa\u011f\u0131 G\u00f6vh\u0259r a\u011fa, Saatl\u0131 m\u0259scidl\u0259ri v\u0259 g\u00f6rk\u0259mli opera m\u00fc\u011f\u0259nnisi B\u00fclb\u00fcl\u00fcn ev-muzeyin\u0259 ziyan d\u0259ymi\u015f, Xur\u015fudbanu Nat\u0259van\u0131n evi erm\u0259ni t\u0259cav\u00fczkarlar\u0131 t\u0259r\u0259find\u0259n yand\u0131r\u0131lm\u0131\u015fd\u0131r. He\u00e7 \u015f\u00fcbh\u0259siz, \u015eu\u015fa \u015f\u0259h\u0259rinin m\u0259d\u0259niyy\u0259timizin paytaxt\u0131 elan edilm\u0259si qar\u015f\u0131ya qoyulan h\u0259d\u0259fl\u0259r\u0259 nail olma\u011f\u0131m\u0131z\u0131 s\u00fcr\u0259tl\u0259ndir\u0259c\u0259kdir. Az\u0259rbaycan m\u0259d\u0259niyy\u0259ti h\u0259m \u015e\u0259rqin q\u0259dimliyini, h\u0259m d\u0259 Q\u0259rbin m\u00fcasirliyini \u00f6z\u00fcnd\u0259 ehtiva ed\u0259n m\u0259d\u0259niyy\u0259t n\u00fcmun\u0259sidir. \u015eu\u015fa is\u0259 Az\u0259rbaycan\u0131n q\u0259dim tarixini \u00f6z\u00fcnd\u0259 ya\u015fad\u0131r. Bu \u015f\u0259h\u0259r milli m\u0259d\u0259niyy\u0259timizin m\u0259rk\u0259zi, poeziyam\u0131z\u0131n v\u0259 musiqimizin be\u015fiyidir. \u015eu\u015fada Vaqif poeziya g\u00fcnl\u0259rinin, \u201cXar\u0131 b\u00fclb\u00fcl\u201d festival\u0131n\u0131n b\u0259rpa olunmas\u0131 is\u0259\u00a0b\u00f6y\u00fck \u0259h\u0259miyy\u0259t\u0259 malikdir. Xar\u0131 b\u00fclb\u00fcl Qaraba\u011f\u0131m\u0131z\u0131n r\u0259mzi olmaqla yana\u015f\u0131, q\u0259l\u0259b\u0259 il\u0259 bit\u0259n Z\u0259f\u0259rimizin d\u0259 art\u0131q r\u0259mzidir. Bu c\u00fcr t\u0259dbirl\u0259r b\u00fct\u00fcn regionun m\u0259d\u0259ni brendin\u0259 \u00e7evrilm\u0259lidir.<\/p>\n<p>Yeri g\u0259lmi\u015fk\u0259n, onu da qeyd ed\u0259k ki, \u015eu\u015fan\u0131n m\u0259d\u0259niyy\u0259t paytaxt\u0131 elan edilm\u0259sind\u0259 dig\u0259r vacib m\u0259qam erm\u0259nil\u0259r\u0259 veril\u0259n cavabd\u0131r. Bildiyimiz kimi, onlar \u015eu\u015fan\u0131 \u201c\u015eu\u015fi\u201d kimi t\u0259qdim ed\u0259r\u0259k \u015f\u0259h\u0259rin erm\u0259ni m\u0259d\u0259niyy\u0259tinin t\u0259rkib hiss\u0259si oldu\u011funu iddia edirdil\u0259r. Bu istiqam\u0259td\u0259 xaricd\u0259 davaml\u0131 t\u0259bli\u011fatlar apar\u0131rd\u0131lar, az da olsa m\u00fc\u0259yy\u0259n \u015f\u0259xsl\u0259ri inand\u0131rma\u011fa nail olmu\u015fdular. Guya bu tarixi \u015f\u0259h\u0259rimiz erm\u0259ni \u0259razisi say\u0131l\u0131r. C\u0259nab Prezident m\u0259lum q\u0259rar\u0131 q\u0259bul etm\u0259kl\u0259, x\u00fcsus\u0259n d\u0259 xarici auditoriyaya bu istiqam\u0259td\u0259 mesaj vermi\u015f oldu. Y\u0259ni, o m\u0259nada ki, \u015eu\u015fa Az\u0259rbaycan\u0131n tarixi \u0259razisi olub v\u0259 bundan sonra da bel\u0259 olacaq. Qaraba\u011f\u0131n g\u00f6z\u00fc say\u0131lan \u015eu\u015fa \u00f6lk\u0259mizin ayr\u0131lmaz hiss\u0259sidir v\u0259 V\u0259t\u0259nimizin m\u0259d\u0259niyy\u0259t be\u015fiyi olaraq qalacaq.<\/p>\n<p>\u00d6lk\u0259 ba\u015f\u00e7\u0131s\u0131 bu q\u0259tiyy\u0259tli add\u0131m\u0131 il\u0259 h\u0259m d\u0259 a\u00e7\u0131q mesaj vermi\u015f oldu ki, bu m\u00f6ht\u0259\u015f\u0259m \u015f\u0259h\u0259r bundan sonra da Az\u0259rbaycan\u0131n ayr\u0131lmaz hiss\u0259si olacaq, m\u0259d\u0259niyy\u0259timizin paytaxt\u0131 qalacaq. B\u00fct\u00fcn d\u00fcnya \u00f6lk\u0259l\u0259ri d\u0259 bilm\u0259lidirl\u0259r ki, \u015eu\u015fan\u0131n Az\u0259rbaycan tarixind\u0259, m\u0259d\u0259niyy\u0259tind\u0259 x\u00fcsusi yeri v\u0259 \u00f6n\u0259mi var bu \u0259razil\u0259rin Erm\u0259nistanla he\u00e7 bir \u0259laq\u0259si yoxdur.<\/p>\n<p>Art\u0131q \u015eu\u015fan\u0131n m\u00fcharib\u0259d\u0259n sonra b\u0259rpas\u0131 prosesin\u0259 ba\u015flan\u0131ld\u0131\u011f\u0131n\u0131n, orada m\u00fc\u0259yy\u0259n i\u015fl\u0259r apar\u0131ld\u0131\u011f\u0131n\u0131n v\u0259 bir ne\u00e7\u0259 istiqam\u0259td\u0259 ara\u015fd\u0131rmalar getdiyinin d\u0259 \u015fahidi oluruq. Bel\u0259 ki, Heyd\u0259r \u018fliyev Fondu vasit\u0259sil\u0259 \u015f\u0259h\u0259rd\u0259 xarici ekspertl\u0259rin d\u0259 c\u0259lb olunmas\u0131 il\u0259 tarixi abid\u0259l\u0259rin b\u0259rpas\u0131 i\u015fl\u0259rin\u0259 ba\u015flan\u0131l\u0131b. Bu t\u0259dbirl\u0259r x\u00fcsusi \u0259h\u0259miyy\u0259t da\u015f\u0131y\u0131r. Y\u0259ni, mill\u0259t \u00f6z m\u0259d\u0259niyy\u0259ti, tarixi, dil\u0259 m\u00fcnasib\u0259ti, m\u0259n\u0259viyyat\u0131 il\u0259 tan\u0131n\u0131r. Bir mill\u0259tin formala\u015fmas\u0131nda onun d\u0259y\u0259rl\u0259ri, m\u0259d\u0259niyy\u0259ti x\u00fcsusi rol oynay\u0131r. Bu bax\u0131mdan biz Qaraba\u011f\u0131, \u015eu\u015fa kimi m\u00fch\u00fcm \u0259h\u0259miyy\u0259t\u0259 malik tarixi \u015f\u0259h\u0259rimizi azad etm\u0259kl\u0259 \u00f6z\u00fcm\u00fcz\u00fcn b\u00fct\u00f6vl\u00fcy\u00fcm\u00fcz\u00fc t\u0259min etdik. Bununla da \u015eu\u015fan\u0131n bizim \u00fc\u00e7\u00fcn \u00e7ox d\u0259y\u0259rli v\u0259 \u00f6n\u0259mli oldu\u011funu b\u00fct\u00fcn d\u00fcnyaya n\u00fcmayi\u015f etdiririk.<\/p>\n<p><strong>M\u0259nsum\u0259 Babayeva,<\/strong>\u00a0<em>\u201c\u0130ki sahil\u201d<\/em><\/p>\n","protected":false},"excerpt":{"rendered":"<p>Prezident \u0130lham \u018fliyevin yenilm\u0259z siyasi irad\u0259si n\u0259tic\u0259sind\u0259 r\u0259\u015fad\u0259tli Az\u0259rbaycan Ordusu 30 illik Erm\u0259nistan t\u0259cav\u00fcz\u00fcn\u0259 bird\u0259f\u0259lik son qoydu. Uzun ill\u0259rdir erm\u0259ni i\u015f\u011fal\u0131 alt\u0131nda qalan \u0259z\u0259li torpaqlar\u0131m\u0131z d\u00fc\u015fm\u0259n tapda\u011f\u0131ndan azad edildi. \u0130ndi is\u0259 i\u015f\u011faldan azad edilmi\u015f \u0259razil\u0259rimiz\u0259 yeni n\u0259f\u0259s g\u0259lm\u0259sinin vaxt\u0131d\u0131r. Bu m\u0259qs\u0259d il\u0259 bu il d\u00f6vl\u0259t b\u00fcdc\u0259sind\u0259n i\u015f\u011faldan azad edilmi\u015f \u0259razil\u0259rimizin dir\u00e7\u0259ldilm\u0259sin\u0259 2,2 milyard manat v\u0259saitin ayr\u0131lmas\u0131 n\u0259z\u0259rd\u0259 tutulub. T\u0259\u0259ss\u00fcfl\u0259 dey\u0259 bil\u0259rik ki, Erm\u0259nistan t\u0259kc\u0259 i\u015f\u011fal\u00e7\u0131l\u0131q siyas\u0259ti h\u0259yata ke\u00e7irm\u0259yib, eyni zamanda, i\u015f\u011fal alt\u0131nda olan \u0259razil\u0259rimizd\u0259 vandall\u0131q v\u0259 barbarl\u0131q ed\u0259r\u0259k b\u00fct\u00fcn maddi v\u0259 m\u0259n\u0259vi obyektl\u0259ri da\u011f\u0131d\u0131b v\u0259 s\u0131radan \u00e7\u0131xar\u0131b. H\u0259tta Qaraba\u011f\u0131n incisi&hellip;<\/p>\n","protected":false},"author":2,"featured_media":268486,"comment_status":"closed","ping_status":"closed","sticky":false,"template":"","format":"standard","meta":{"om_disable_all_campaigns":false,"_monsterinsights_skip_tracking":false,"_monsterinsights_sitenote_active":false,"_monsterinsights_sitenote_note":"","_monsterinsights_sitenote_category":0},"categories":[26],"tags":[],"aioseo_notices":[],"gutentor_comment":0,"rttpg_featured_image_url":{"full":["https:\/\/arantv.az\/wp-content\/uploads\/2021\/01\/d4a973e3160622746973195669310636709.jpg",975,540,false],"landscape":["https:\/\/arantv.az\/wp-content\/uploads\/2021\/01\/d4a973e3160622746973195669310636709.jpg",975,540,false],"portraits":["https:\/\/arantv.az\/wp-content\/uploads\/2021\/01\/d4a973e3160622746973195669310636709.jpg",975,540,false],"thumbnail":["https:\/\/arantv.az\/wp-content\/uploads\/2021\/01\/d4a973e3160622746973195669310636709-150x150.jpg",150,150,true],"medium":["https:\/\/arantv.az\/wp-content\/uploads\/2021\/01\/d4a973e3160622746973195669310636709-300x166.jpg",300,166,true],"large":["https:\/\/arantv.az\/wp-content\/uploads\/2021\/01\/d4a973e3160622746973195669310636709.jpg",640,354,false],"1536x1536":["https:\/\/arantv.az\/wp-content\/uploads\/2021\/01\/d4a973e3160622746973195669310636709.jpg",975,540,false],"2048x2048":["https:\/\/arantv.az\/wp-content\/uploads\/2021\/01\/d4a973e3160622746973195669310636709.jpg",975,540,false],"post-thumbnail":["https:\/\/arantv.az\/wp-content\/uploads\/2021\/01\/d4a973e3160622746973195669310636709-240x172.jpg",240,172,true],"advps-thumb-one":["https:\/\/arantv.az\/wp-content\/uploads\/2021\/01\/d4a973e3160622746973195669310636709.jpg",975,540,false]},"rttpg_author":{"display_name":"V\u00fcsal Rafiqo\u011flu","author_link":"https:\/\/arantv.az\/?author=2"},"rttpg_comment":0,"rttpg_category":"<a href=\"https:\/\/arantv.az\/?cat=26\" rel=\"category\">Sosial<\/a>","rttpg_excerpt":"Prezident \u0130lham \u018fliyevin yenilm\u0259z siyasi irad\u0259si n\u0259tic\u0259sind\u0259 r\u0259\u015fad\u0259tli Az\u0259rbaycan Ordusu 30 illik Erm\u0259nistan t\u0259cav\u00fcz\u00fcn\u0259 bird\u0259f\u0259lik son qoydu. Uzun ill\u0259rdir erm\u0259ni i\u015f\u011fal\u0131 alt\u0131nda qalan \u0259z\u0259li torpaqlar\u0131m\u0131z d\u00fc\u015fm\u0259n tapda\u011f\u0131ndan azad edildi. \u0130ndi is\u0259 i\u015f\u011faldan azad edilmi\u015f \u0259razil\u0259rimiz\u0259 yeni n\u0259f\u0259s g\u0259lm\u0259sinin vaxt\u0131d\u0131r. Bu m\u0259qs\u0259d il\u0259 bu il d\u00f6vl\u0259t b\u00fcdc\u0259sind\u0259n i\u015f\u011faldan azad edilmi\u015f \u0259razil\u0259rimizin dir\u00e7\u0259ldilm\u0259sin\u0259 2,2 milyard manat v\u0259saitin&hellip;","_links":{"self":[{"href":"https:\/\/arantv.az\/index.php?rest_route=\/wp\/v2\/posts\/268485"}],"collection":[{"href":"https:\/\/arantv.az\/index.php?rest_route=\/wp\/v2\/posts"}],"about":[{"href":"https:\/\/arantv.az\/index.php?rest_route=\/wp\/v2\/types\/post"}],"author":[{"embeddable":true,"href":"https:\/\/arantv.az\/index.php?rest_route=\/wp\/v2\/users\/2"}],"replies":[{"embeddable":true,"href":"https:\/\/arantv.az\/index.php?rest_route=%2Fwp%2Fv2%2Fcomments&post=268485"}],"version-history":[{"count":0,"href":"https:\/\/arantv.az\/index.php?rest_route=\/wp\/v2\/posts\/268485\/revisions"}],"wp:featuredmedia":[{"embeddable":true,"href":"https:\/\/arantv.az\/index.php?rest_route=\/wp\/v2\/media\/268486"}],"wp:attachment":[{"href":"https:\/\/arantv.az\/index.php?rest_route=%2Fwp%2Fv2%2Fmedia&parent=268485"}],"wp:term":[{"taxonomy":"category","embeddable":true,"href":"https:\/\/arantv.az\/index.php?rest_route=%2Fwp%2Fv2%2Fcategories&post=268485"},{"taxonomy":"post_tag","embeddable":true,"href":"https:\/\/arantv.az\/index.php?rest_route=%2Fwp%2Fv2%2Ftags&post=268485"}],"curies":[{"name":"wp","href":"https:\/\/api.w.org\/{rel}","templated":true}]}}