{"id":268489,"date":"2021-01-09T08:30:54","date_gmt":"2021-01-09T05:30:54","guid":{"rendered":"http:\/\/arantv.az\/?p=268489"},"modified":"2021-01-09T08:30:54","modified_gmt":"2021-01-09T05:30:54","slug":"h%c9%99r%c9%99k%c9%99t-qism%c9%99n-m%c9%99hdudlasdirilacaq","status":"publish","type":"post","link":"https:\/\/arantv.az\/?p=268489","title":{"rendered":"H\u0259r\u0259k\u0259t qism\u0259n m\u0259hdudla\u015fd\u0131r\u0131lacaq"},"content":{"rendered":"<p>Yanvar ay\u0131n\u0131n 9 v\u0259 10-da Ziya B\u00fcnyadov prospektinin Azadl\u0131q prospekti il\u0259 k\u0259si\u015fm\u0259sind\u0259 yerl\u0259\u015f\u0259n yol \u00f6t\u00fcr\u00fcc\u00fcs\u00fc \u00fcz\u0259rind\u0259, Koro\u011flu yol qov\u015fa\u011f\u0131 istiqam\u0259tind\u0259 apar\u0131lacaq t\u0259mir i\u015fl\u0259ri il\u0259 \u0259laq\u0259dar olaraq avton\u0259qliyyat vasit\u0259l\u0259rinin h\u0259r\u0259k\u0259ti qism\u0259n m\u0259hdudla\u015fd\u0131r\u0131lacaq.<\/p>\n<p><strong>ARANTV.AZ\u00a0<\/strong> x\u0259b\u0259r verir ki, alternativ olaraq s\u00fcr\u00fcc\u00fcl\u0259r prospektin yan yollar\u0131ndan istifad\u0259 ed\u0259 bil\u0259rl\u0259r.<\/p>\n<p>Yarana bil\u0259c\u0259k m\u00fcv\u0259qq\u0259ti narahatl\u0131\u011fa g\u00f6r\u0259 AAYDA v\u0259t\u0259nda\u015flardan \u00fczr ist\u0259yir.<\/p>\n","protected":false},"excerpt":{"rendered":"<p>Yanvar ay\u0131n\u0131n 9 v\u0259 10-da Ziya B\u00fcnyadov prospektinin Azadl\u0131q prospekti il\u0259 k\u0259si\u015fm\u0259sind\u0259 yerl\u0259\u015f\u0259n yol \u00f6t\u00fcr\u00fcc\u00fcs\u00fc \u00fcz\u0259rind\u0259, Koro\u011flu yol qov\u015fa\u011f\u0131 istiqam\u0259tind\u0259 apar\u0131lacaq t\u0259mir i\u015fl\u0259ri il\u0259 \u0259laq\u0259dar olaraq avton\u0259qliyyat vasit\u0259l\u0259rinin h\u0259r\u0259k\u0259ti qism\u0259n m\u0259hdudla\u015fd\u0131r\u0131lacaq. ARANTV.AZ\u00a0 x\u0259b\u0259r verir ki, alternativ olaraq s\u00fcr\u00fcc\u00fcl\u0259r prospektin yan yollar\u0131ndan istifad\u0259 ed\u0259 bil\u0259rl\u0259r. Yarana bil\u0259c\u0259k m\u00fcv\u0259qq\u0259ti narahatl\u0131\u011fa g\u00f6r\u0259 AAYDA v\u0259t\u0259nda\u015flardan \u00fczr ist\u0259yir.<\/p>\n","protected":false},"author":2,"featured_media":268490,"comment_status":"closed","ping_status":"closed","sticky":false,"template":"","format":"standard","meta":{"om_disable_all_campaigns":false,"_monsterinsights_skip_tracking":false,"_monsterinsights_sitenote_active":false,"_monsterinsights_sitenote_note":"","_monsterinsights_sitenote_category":0},"categories":[26],"tags":[],"aioseo_notices":[],"gutentor_comment":0,"rttpg_featured_image_url":{"full":["https:\/\/arantv.az\/wp-content\/uploads\/2021\/01\/9a555403157129906775237582510183614.jpg",975,540,false],"landscape":["https:\/\/arantv.az\/wp-content\/uploads\/2021\/01\/9a555403157129906775237582510183614.jpg",975,540,false],"portraits":["https:\/\/arantv.az\/wp-content\/uploads\/2021\/01\/9a555403157129906775237582510183614.jpg",975,540,false],"thumbnail":["https:\/\/arantv.az\/wp-content\/uploads\/2021\/01\/9a555403157129906775237582510183614-150x150.jpg",150,150,true],"medium":["https:\/\/arantv.az\/wp-content\/uploads\/2021\/01\/9a555403157129906775237582510183614-300x166.jpg",300,166,true],"large":["https:\/\/arantv.az\/wp-content\/uploads\/2021\/01\/9a555403157129906775237582510183614.jpg",640,354,false],"1536x1536":["https:\/\/arantv.az\/wp-content\/uploads\/2021\/01\/9a555403157129906775237582510183614.jpg",975,540,false],"2048x2048":["https:\/\/arantv.az\/wp-content\/uploads\/2021\/01\/9a555403157129906775237582510183614.jpg",975,540,false],"post-thumbnail":["https:\/\/arantv.az\/wp-content\/uploads\/2021\/01\/9a555403157129906775237582510183614-240x172.jpg",240,172,true],"advps-thumb-one":["https:\/\/arantv.az\/wp-content\/uploads\/2021\/01\/9a555403157129906775237582510183614.jpg",975,540,false]},"rttpg_author":{"display_name":"V\u00fcsal Rafiqo\u011flu","author_link":"https:\/\/arantv.az\/?author=2"},"rttpg_comment":0,"rttpg_category":"<a href=\"https:\/\/arantv.az\/?cat=26\" rel=\"category\">Sosial<\/a>","rttpg_excerpt":"Yanvar ay\u0131n\u0131n 9 v\u0259 10-da Ziya B\u00fcnyadov prospektinin Azadl\u0131q prospekti il\u0259 k\u0259si\u015fm\u0259sind\u0259 yerl\u0259\u015f\u0259n yol \u00f6t\u00fcr\u00fcc\u00fcs\u00fc \u00fcz\u0259rind\u0259, Koro\u011flu yol qov\u015fa\u011f\u0131 istiqam\u0259tind\u0259 apar\u0131lacaq t\u0259mir i\u015fl\u0259ri il\u0259 \u0259laq\u0259dar olaraq avton\u0259qliyyat vasit\u0259l\u0259rinin h\u0259r\u0259k\u0259ti qism\u0259n m\u0259hdudla\u015fd\u0131r\u0131lacaq. ARANTV.AZ\u00a0 x\u0259b\u0259r verir ki, alternativ olaraq s\u00fcr\u00fcc\u00fcl\u0259r prospektin yan yollar\u0131ndan istifad\u0259 ed\u0259 bil\u0259rl\u0259r. Yarana bil\u0259c\u0259k m\u00fcv\u0259qq\u0259ti narahatl\u0131\u011fa g\u00f6r\u0259 AAYDA v\u0259t\u0259nda\u015flardan \u00fczr ist\u0259yir.","_links":{"self":[{"href":"https:\/\/arantv.az\/index.php?rest_route=\/wp\/v2\/posts\/268489"}],"collection":[{"href":"https:\/\/arantv.az\/index.php?rest_route=\/wp\/v2\/posts"}],"about":[{"href":"https:\/\/arantv.az\/index.php?rest_route=\/wp\/v2\/types\/post"}],"author":[{"embeddable":true,"href":"https:\/\/arantv.az\/index.php?rest_route=\/wp\/v2\/users\/2"}],"replies":[{"embeddable":true,"href":"https:\/\/arantv.az\/index.php?rest_route=%2Fwp%2Fv2%2Fcomments&post=268489"}],"version-history":[{"count":0,"href":"https:\/\/arantv.az\/index.php?rest_route=\/wp\/v2\/posts\/268489\/revisions"}],"wp:featuredmedia":[{"embeddable":true,"href":"https:\/\/arantv.az\/index.php?rest_route=\/wp\/v2\/media\/268490"}],"wp:attachment":[{"href":"https:\/\/arantv.az\/index.php?rest_route=%2Fwp%2Fv2%2Fmedia&parent=268489"}],"wp:term":[{"taxonomy":"category","embeddable":true,"href":"https:\/\/arantv.az\/index.php?rest_route=%2Fwp%2Fv2%2Fcategories&post=268489"},{"taxonomy":"post_tag","embeddable":true,"href":"https:\/\/arantv.az\/index.php?rest_route=%2Fwp%2Fv2%2Ftags&post=268489"}],"curies":[{"name":"wp","href":"https:\/\/api.w.org\/{rel}","templated":true}]}}