{"id":268493,"date":"2021-01-09T08:32:48","date_gmt":"2021-01-09T05:32:48","guid":{"rendered":"http:\/\/arantv.az\/?p=268493"},"modified":"2021-01-09T08:32:48","modified_gmt":"2021-01-09T05:32:48","slug":"isa-h%c9%99bibb%c9%99yli-v%c9%99zif%c9%99d%c9%99n-azad-edildi","status":"publish","type":"post","link":"https:\/\/arantv.az\/?p=268493","title":{"rendered":"\u0130sa H\u0259bibb\u0259yli v\u0259zif\u0259d\u0259n azad edildi"},"content":{"rendered":"<p><strong>Az\u0259rbaycan Milli Elml\u0259r Akademiyas\u0131n\u0131n (AMEA) R\u0259yas\u0259t Hey\u0259tinin t\u0259rkibinin formala\u015fd\u0131r\u0131lmas\u0131 istiqam\u0259tind\u0259 birinci vitse-prezident v\u0259zif\u0259l\u0259ri l\u0259\u011fv olunub.<\/strong><\/p>\n<p>Bu bar\u0259d\u0259 AMEA-n\u0131n yanvar\u0131n 8-d\u0259 ke\u00e7iril\u0259n iclas\u0131nda q\u0259rar q\u0259bul edilib.<\/p>\n<p>Q\u0259rara uy\u011fun olaraq yaln\u0131z bir birinci vitse-prezident v\u0259zif\u0259si t\u0259sis olunub.<\/p>\n<p>Bel\u0259 ki, akademikl\u0259r \u0130sa H\u0259bibb\u0259yli v\u0259 \u0130brahim Quliyev AMEA-n\u0131n birinci vitse-prezidenti v\u0259zif\u0259sind\u0259n azad edilib. Onlar AMEA-n\u0131n vitse-prezidenti v\u0259zif\u0259sin\u0259 se\u00e7ilibl\u0259r.<\/p>\n<p>AMEA-n\u0131n birinci vitse-prezidenti v\u0259zif\u0259sin\u0259 is\u0259 akademik Dilq\u0259m Ta\u011f\u0131yev se\u00e7ilib.<\/p>\n<p>D.Ta\u011f\u0131yev daha \u0259vv\u0259l AMEA-n\u0131n vitse prezidenti v\u0259zif\u0259sini icra edib.<\/p>\n<p>Bel\u0259likl\u0259, AMEA-da yaln\u0131z bir birinci vitse-prezidenti v\u0259zif\u0259si yarad\u0131l\u0131b v\u0259 vitse-prezidentl\u0259rin say\u0131 art\u0131r\u0131l\u0131b.<\/p>\n<p>Haz\u0131rda AMEA-n\u0131n vitse-prezidentl\u0259ri a\u015fa\u011f\u0131dak\u0131lard\u0131r:<\/p>\n<p>&#8211; Akademik \u0130sa H\u0259bibb\u0259yli<br \/>\n&#8211; Akademik \u0130brahim Quliyev<br \/>\n&#8211; Akademik N\u0259rgiz Pa\u015fayeva<br \/>\n&#8211; Akademik Tofiq Na\u011f\u0131yev,<br \/>\n&#8211; Akademik \u0130rad\u0259 H\u00fcseynova<br \/>\n&#8211; Akademik Rasim \u018fliquliyev<\/p>\n","protected":false},"excerpt":{"rendered":"<p>Az\u0259rbaycan Milli Elml\u0259r Akademiyas\u0131n\u0131n (AMEA) R\u0259yas\u0259t Hey\u0259tinin t\u0259rkibinin formala\u015fd\u0131r\u0131lmas\u0131 istiqam\u0259tind\u0259 birinci vitse-prezident v\u0259zif\u0259l\u0259ri l\u0259\u011fv olunub. Bu bar\u0259d\u0259 AMEA-n\u0131n yanvar\u0131n 8-d\u0259 ke\u00e7iril\u0259n iclas\u0131nda q\u0259rar q\u0259bul edilib. Q\u0259rara uy\u011fun olaraq yaln\u0131z bir birinci vitse-prezident v\u0259zif\u0259si t\u0259sis olunub. Bel\u0259 ki, akademikl\u0259r \u0130sa H\u0259bibb\u0259yli v\u0259 \u0130brahim Quliyev AMEA-n\u0131n birinci vitse-prezidenti v\u0259zif\u0259sind\u0259n azad edilib. Onlar AMEA-n\u0131n vitse-prezidenti v\u0259zif\u0259sin\u0259 se\u00e7ilibl\u0259r. AMEA-n\u0131n birinci vitse-prezidenti v\u0259zif\u0259sin\u0259 is\u0259 akademik Dilq\u0259m Ta\u011f\u0131yev se\u00e7ilib. D.Ta\u011f\u0131yev daha \u0259vv\u0259l AMEA-n\u0131n vitse prezidenti v\u0259zif\u0259sini icra edib. Bel\u0259likl\u0259, AMEA-da yaln\u0131z bir birinci vitse-prezidenti v\u0259zif\u0259si yarad\u0131l\u0131b v\u0259 vitse-prezidentl\u0259rin say\u0131 art\u0131r\u0131l\u0131b. Haz\u0131rda AMEA-n\u0131n vitse-prezidentl\u0259ri a\u015fa\u011f\u0131dak\u0131lard\u0131r: &#8211; Akademik&hellip;<\/p>\n","protected":false},"author":2,"featured_media":268494,"comment_status":"closed","ping_status":"closed","sticky":false,"template":"","format":"standard","meta":{"om_disable_all_campaigns":false,"_monsterinsights_skip_tracking":false,"_monsterinsights_sitenote_active":false,"_monsterinsights_sitenote_note":"","_monsterinsights_sitenote_category":0},"categories":[26],"tags":[],"aioseo_notices":[],"gutentor_comment":0,"rttpg_featured_image_url":{"full":["https:\/\/arantv.az\/wp-content\/uploads\/2021\/01\/isa_hebibbeyli.jpg",800,450,false],"landscape":["https:\/\/arantv.az\/wp-content\/uploads\/2021\/01\/isa_hebibbeyli.jpg",800,450,false],"portraits":["https:\/\/arantv.az\/wp-content\/uploads\/2021\/01\/isa_hebibbeyli.jpg",800,450,false],"thumbnail":["https:\/\/arantv.az\/wp-content\/uploads\/2021\/01\/isa_hebibbeyli-150x150.jpg",150,150,true],"medium":["https:\/\/arantv.az\/wp-content\/uploads\/2021\/01\/isa_hebibbeyli-300x169.jpg",300,169,true],"large":["https:\/\/arantv.az\/wp-content\/uploads\/2021\/01\/isa_hebibbeyli.jpg",640,360,false],"1536x1536":["https:\/\/arantv.az\/wp-content\/uploads\/2021\/01\/isa_hebibbeyli.jpg",800,450,false],"2048x2048":["https:\/\/arantv.az\/wp-content\/uploads\/2021\/01\/isa_hebibbeyli.jpg",800,450,false],"post-thumbnail":["https:\/\/arantv.az\/wp-content\/uploads\/2021\/01\/isa_hebibbeyli-240x172.jpg",240,172,true],"advps-thumb-one":["https:\/\/arantv.az\/wp-content\/uploads\/2021\/01\/isa_hebibbeyli.jpg",800,450,false]},"rttpg_author":{"display_name":"V\u00fcsal Rafiqo\u011flu","author_link":"https:\/\/arantv.az\/?author=2"},"rttpg_comment":0,"rttpg_category":"<a href=\"https:\/\/arantv.az\/?cat=26\" rel=\"category\">Sosial<\/a>","rttpg_excerpt":"Az\u0259rbaycan Milli Elml\u0259r Akademiyas\u0131n\u0131n (AMEA) R\u0259yas\u0259t Hey\u0259tinin t\u0259rkibinin formala\u015fd\u0131r\u0131lmas\u0131 istiqam\u0259tind\u0259 birinci vitse-prezident v\u0259zif\u0259l\u0259ri l\u0259\u011fv olunub. Bu bar\u0259d\u0259 AMEA-n\u0131n yanvar\u0131n 8-d\u0259 ke\u00e7iril\u0259n iclas\u0131nda q\u0259rar q\u0259bul edilib. Q\u0259rara uy\u011fun olaraq yaln\u0131z bir birinci vitse-prezident v\u0259zif\u0259si t\u0259sis olunub. Bel\u0259 ki, akademikl\u0259r \u0130sa H\u0259bibb\u0259yli v\u0259 \u0130brahim Quliyev AMEA-n\u0131n birinci vitse-prezidenti v\u0259zif\u0259sind\u0259n azad edilib. Onlar AMEA-n\u0131n vitse-prezidenti v\u0259zif\u0259sin\u0259 se\u00e7ilibl\u0259r. AMEA-n\u0131n&hellip;","_links":{"self":[{"href":"https:\/\/arantv.az\/index.php?rest_route=\/wp\/v2\/posts\/268493"}],"collection":[{"href":"https:\/\/arantv.az\/index.php?rest_route=\/wp\/v2\/posts"}],"about":[{"href":"https:\/\/arantv.az\/index.php?rest_route=\/wp\/v2\/types\/post"}],"author":[{"embeddable":true,"href":"https:\/\/arantv.az\/index.php?rest_route=\/wp\/v2\/users\/2"}],"replies":[{"embeddable":true,"href":"https:\/\/arantv.az\/index.php?rest_route=%2Fwp%2Fv2%2Fcomments&post=268493"}],"version-history":[{"count":0,"href":"https:\/\/arantv.az\/index.php?rest_route=\/wp\/v2\/posts\/268493\/revisions"}],"wp:featuredmedia":[{"embeddable":true,"href":"https:\/\/arantv.az\/index.php?rest_route=\/wp\/v2\/media\/268494"}],"wp:attachment":[{"href":"https:\/\/arantv.az\/index.php?rest_route=%2Fwp%2Fv2%2Fmedia&parent=268493"}],"wp:term":[{"taxonomy":"category","embeddable":true,"href":"https:\/\/arantv.az\/index.php?rest_route=%2Fwp%2Fv2%2Fcategories&post=268493"},{"taxonomy":"post_tag","embeddable":true,"href":"https:\/\/arantv.az\/index.php?rest_route=%2Fwp%2Fv2%2Ftags&post=268493"}],"curies":[{"name":"wp","href":"https:\/\/api.w.org\/{rel}","templated":true}]}}